{"id":2538,"date":"2019-04-05T13:26:57","date_gmt":"2019-04-05T11:26:57","guid":{"rendered":"http:\/\/agora.xtec.cat\/ceip-galceran-de-pinos\/?p=2538"},"modified":"2019-04-05T13:53:26","modified_gmt":"2019-04-05T11:53:26","slug":"sortida-dactivitats-de-cordes-a-linstitut-de-baga","status":"publish","type":"post","link":"https:\/\/agora.xtec.cat\/ceip-galceran-de-pinos\/primaria\/c-s\/sortida-dactivitats-de-cordes-a-linstitut-de-baga\/","title":{"rendered":"Sortida d&#8217;activitats de cordes a l&#8217;Institut de Bag\u00e0"},"content":{"rendered":"<p>El passat 15 de mar\u00e7, els nens i nenes de 6\u00e8 van anar a l&#8217;institut de Bag\u00e0 per fer unes activitats de cordes. Aquestes activitats van ser\u00a0 dirigides pels alumnes de grau mitj\u00e0 de T\u00e8cnic Esportiu en Muntanya Mitj\u00e0.<\/p>\n<p>Des de l&#8217;escola,\u00a0 donem les gr\u00e0cies per haver gaudit d&#8217;un mat\u00ed tan divertit i con\u00e8ixer una mica m\u00e9s l&#8217;institut.<\/p>\n<p><a href=\"https:\/\/photos.app.goo.gl\/H8Emg8vuFziDCPg5A\"><img loading=\"lazy\" decoding=\"async\" class=\"aligncenter\" src=\"https:\/\/lh3.googleusercontent.com\/6RneYIsK1blCI0KKPXeL1Acgt-puFnYP7oK5xVitfB4c0ifERVgbMSdkmHryc_IzGGPb0Ggf4Hhvz01Mo3KSjRwjpbDXicCujb4UbzZajLs6vaLIAKHNdojKU8X8tV0V4Qm7QiTAVyqZ0pQcRd3a6YUVmPnzHG5OpdvUdLYAhJbDSqxvwzBiQr4ylC2yq1-0A7_HQw7qzs1bblzCEHeVsXEoClSuzQiOrf1dwG71AIVAbD8ArNUP5nPbrA1VOdRhWKy0GI2J_5sVMp5wlDpG4VIsTsG26saYI5ysyxxyptdqF-WWE_X8GltcJ5xhg_V3jXgfk_xaeuLSSjPuHC--0vdVqVM8CSYUkLeQlGUwrXPkF3wAMdBkg_zlayYmZ5E8f8AHA_CNckXFm90GSgX1C5QtB0IqKcuDb5rMqfn6BN4j75dbAsHMbskXg3zQc4cfeAFfqcci_XPeJQcQB976QYQZOb6IhCH9isJZxYpAa0OPzFOu5MqWHFPc8hdRwFEf1Itb9-vHYaz-jTVyOSyxY2-uK0bKldMiVdnctNm7K48dk8iTZ9BlGwPTN56rAEGt0qKQbxmEo6E-KDKDaZoQTe0rs-d6U0f7nJJsuEgE9DmGNm00UOhY2bFoRetxOohhXbHTHX-ycX2B_7yirx4L5-5h4DZg8_Zd=w455-h342-no\" alt=\"\" width=\"455\" height=\"341\" \/><\/a><\/p>\n","protected":false},"excerpt":{"rendered":"<p>El passat 15 de mar\u00e7, els nens i nenes de 6\u00e8 van anar a l&#8217;institut de Bag\u00e0 per fer unes activitats de cordes. Aquestes activitats van ser\u00a0 dirigides pels alumnes de grau mitj\u00e0 de T\u00e8cnic Esportiu en Muntanya Mitj\u00e0. Des de l&#8217;escola,\u00a0 donem les gr\u00e0cies per haver gaudit d&#8217;un mat\u00ed tan divertit i con\u00e8ixer una [&hellip;]<\/p>\n","protected":false},"author":6,"featured_media":2541,"comment_status":"open","ping_status":"closed","sticky":false,"template":"","format":"standard","meta":{"_bbp_topic_count":0,"_bbp_reply_count":0,"_bbp_total_topic_count":0,"_bbp_total_reply_count":0,"_bbp_voice_count":0,"_bbp_anonymous_reply_count":0,"_bbp_topic_count_hidden":0,"_bbp_reply_count_hidden":0,"_bbp_forum_subforum_count":0,"site-sidebar-layout":"default","site-content-layout":"","ast-site-content-layout":"","site-content-style":"default","site-sidebar-style":"default","ast-global-header-display":"","ast-banner-title-visibility":"","ast-main-header-display":"","ast-hfb-above-header-display":"","ast-hfb-below-header-display":"","ast-hfb-mobile-header-display":"","site-post-title":"","ast-breadcrumbs-content":"","ast-featured-img":"","footer-sml-layout":"","theme-transparent-header-meta":"","adv-header-id-meta":"","stick-header-meta":"","header-above-stick-meta":"","header-main-stick-meta":"","header-below-stick-meta":"","astra-migrate-meta-layouts":"default","ast-page-background-enabled":"default","ast-page-background-meta":{"desktop":{"background-color":"var(--ast-global-color-4)","background-image":"","background-repeat":"repeat","background-position":"center center","background-size":"auto","background-attachment":"scroll","background-type":"","background-media":"","overlay-type":"","overlay-color":"","overlay-opacity":"","overlay-gradient":""},"tablet":{"background-color":"","background-image":"","background-repeat":"repeat","background-position":"center center","background-size":"auto","background-attachment":"scroll","background-type":"","background-media":"","overlay-type":"","overlay-color":"","overlay-opacity":"","overlay-gradient":""},"mobile":{"background-color":"","background-image":"","background-repeat":"repeat","background-position":"center center","background-size":"auto","background-attachment":"scroll","background-type":"","background-media":"","overlay-type":"","overlay-color":"","overlay-opacity":"","overlay-gradient":""}},"ast-content-background-meta":{"desktop":{"background-color":"var(--ast-global-color-5)","background-image":"","background-repeat":"repeat","background-position":"center center","background-size":"auto","background-attachment":"scroll","background-type":"","background-media":"","overlay-type":"","overlay-color":"","overlay-opacity":"","overlay-gradient":""},"tablet":{"background-color":"var(--ast-global-color-5)","background-image":"","background-repeat":"repeat","background-position":"center center","background-size":"auto","background-attachment":"scroll","background-type":"","background-media":"","overlay-type":"","overlay-color":"","overlay-opacity":"","overlay-gradient":""},"mobile":{"background-color":"var(--ast-global-color-5)","background-image":"","background-repeat":"repeat","background-position":"center center","background-size":"auto","background-attachment":"scroll","background-type":"","background-media":"","overlay-type":"","overlay-color":"","overlay-opacity":"","overlay-gradient":""}},"footnotes":""},"categories":[14,61],"tags":[],"class_list":["post-2538","post","type-post","status-publish","format-standard","has-post-thumbnail","hentry","category-c-s","category-ed-fisica"],"post_mailing_queue_ids":[],"_links":{"self":[{"href":"https:\/\/agora.xtec.cat\/ceip-galceran-de-pinos\/wp-json\/wp\/v2\/posts\/2538","targetHints":{"allow":["GET"]}}],"collection":[{"href":"https:\/\/agora.xtec.cat\/ceip-galceran-de-pinos\/wp-json\/wp\/v2\/posts"}],"about":[{"href":"https:\/\/agora.xtec.cat\/ceip-galceran-de-pinos\/wp-json\/wp\/v2\/types\/post"}],"author":[{"embeddable":true,"href":"https:\/\/agora.xtec.cat\/ceip-galceran-de-pinos\/wp-json\/wp\/v2\/users\/6"}],"replies":[{"embeddable":true,"href":"https:\/\/agora.xtec.cat\/ceip-galceran-de-pinos\/wp-json\/wp\/v2\/comments?post=2538"}],"version-history":[{"count":2,"href":"https:\/\/agora.xtec.cat\/ceip-galceran-de-pinos\/wp-json\/wp\/v2\/posts\/2538\/revisions"}],"predecessor-version":[{"id":2542,"href":"https:\/\/agora.xtec.cat\/ceip-galceran-de-pinos\/wp-json\/wp\/v2\/posts\/2538\/revisions\/2542"}],"wp:featuredmedia":[{"embeddable":true,"href":"https:\/\/agora.xtec.cat\/ceip-galceran-de-pinos\/wp-json\/wp\/v2\/media\/2541"}],"wp:attachment":[{"href":"https:\/\/agora.xtec.cat\/ceip-galceran-de-pinos\/wp-json\/wp\/v2\/media?parent=2538"}],"wp:term":[{"taxonomy":"category","embeddable":true,"href":"https:\/\/agora.xtec.cat\/ceip-galceran-de-pinos\/wp-json\/wp\/v2\/categories?post=2538"},{"taxonomy":"post_tag","embeddable":true,"href":"https:\/\/agora.xtec.cat\/ceip-galceran-de-pinos\/wp-json\/wp\/v2\/tags?post=2538"}],"curies":[{"name":"wp","href":"https:\/\/api.w.org\/{rel}","templated":true}]}}