{"id":9850,"date":"2026-04-07T21:46:58","date_gmt":"2026-04-07T19:46:58","guid":{"rendered":"https:\/\/agora.xtec.cat\/ceip-gabriel-castella\/?p=9850"},"modified":"2026-04-21T13:47:14","modified_gmt":"2026-04-21T11:47:14","slug":"9850","status":"publish","type":"post","link":"https:\/\/agora.xtec.cat\/ceip-gabriel-castella\/general\/9850\/","title":{"rendered":"\ud83c\udf0d Connectem amb Europa a trav\u00e9s dels projectes eTwinning"},"content":{"rendered":"\n<p>Aquest curs, a la nostra escola estem participant en <strong>dos projectes eTwinning<\/strong> amb l\u2019alumnat de <strong>2n i 4t de prim\u00e0ria<\/strong>. <\/p>\n\n\n\n<p><\/p>\n\n\n\n<figure class=\"wp-block-image alignleft size-large is-resized\"><a href=\"https:\/\/agora.xtec.cat\/ceip-gabriel-castella\/wp-content\/uploads\/usu2108\/2026\/04\/image.png\"><img loading=\"lazy\" decoding=\"async\" width=\"1024\" height=\"698\" src=\"https:\/\/agora.xtec.cat\/ceip-gabriel-castella\/wp-content\/uploads\/usu2108\/2026\/04\/image-1024x698.png\" alt=\"\" class=\"wp-image-9851\" style=\"width:224px;height:auto\" srcset=\"https:\/\/agora.xtec.cat\/ceip-gabriel-castella\/wp-content\/uploads\/usu2108\/2026\/04\/image-1024x698.png 1024w, https:\/\/agora.xtec.cat\/ceip-gabriel-castella\/wp-content\/uploads\/usu2108\/2026\/04\/image-300x204.png 300w, https:\/\/agora.xtec.cat\/ceip-gabriel-castella\/wp-content\/uploads\/usu2108\/2026\/04\/image-768x523.png 768w, https:\/\/agora.xtec.cat\/ceip-gabriel-castella\/wp-content\/uploads\/usu2108\/2026\/04\/image.png 1181w\" sizes=\"auto, (max-width: 1024px) 100vw, 1024px\" \/><\/a><\/figure>\n\n\n\n<p>eTwinning \u00e9s una iniciativa europea que promou la col\u00b7laboraci\u00f3 entre escoles de diferents pa\u00efsos, fomentant l\u2019intercanvi cultural, l\u2019\u00fas de lleng\u00fces estrangeres i el treball cooperatiu mitjan\u00e7ant activitats compartides.<\/p>\n\n\n\n<p>A trav\u00e9s d\u2019aquests projectes, l\u2019alumnat t\u00e9 l\u2019oportunitat de <strong>con\u00e8ixer estudiants d\u2019altres pa\u00efsos, compartir experi\u00e8ncies i treballar conjuntament<\/strong> en diferents propostes educatives que connecten l\u2019aula amb el m\u00f3n real. <\/p>\n\n\n\n<p><\/p>\n\n\n\n<h2 class=\"wp-block-heading\">El projecte de 2n: Coneixem els nostres amics de Pol\u00f2nia<\/h2>\n\n\n\n<figure class=\"wp-block-image alignright size-large is-resized\"><a href=\"https:\/\/agora.xtec.cat\/ceip-gabriel-castella\/wp-content\/uploads\/usu2108\/2026\/04\/WhatsApp-Image-2026-04-02-at-16.03.45.jpeg\"><img loading=\"lazy\" decoding=\"async\" width=\"945\" height=\"946\" src=\"https:\/\/agora.xtec.cat\/ceip-gabriel-castella\/wp-content\/uploads\/usu2108\/2026\/04\/WhatsApp-Image-2026-04-02-at-16.03.45-edited.jpeg\" alt=\"\" class=\"wp-image-9853\" style=\"width:123px;height:auto\" srcset=\"https:\/\/agora.xtec.cat\/ceip-gabriel-castella\/wp-content\/uploads\/usu2108\/2026\/04\/WhatsApp-Image-2026-04-02-at-16.03.45-edited.jpeg 945w, https:\/\/agora.xtec.cat\/ceip-gabriel-castella\/wp-content\/uploads\/usu2108\/2026\/04\/WhatsApp-Image-2026-04-02-at-16.03.45-edited-300x300.jpeg 300w, https:\/\/agora.xtec.cat\/ceip-gabriel-castella\/wp-content\/uploads\/usu2108\/2026\/04\/WhatsApp-Image-2026-04-02-at-16.03.45-edited-150x150.jpeg 150w, https:\/\/agora.xtec.cat\/ceip-gabriel-castella\/wp-content\/uploads\/usu2108\/2026\/04\/WhatsApp-Image-2026-04-02-at-16.03.45-edited-768x769.jpeg 768w\" sizes=\"auto, (max-width: 945px) 100vw, 945px\" \/><\/a><\/figure>\n\n\n\n<p>L\u2019alumnat de <strong>2n de prim\u00e0ria<\/strong> est\u00e0 participant en un projecte eTwinning amb una escola de <strong>Pol\u00f2nia<\/strong>, amb qui estan compartint diferents activitats al llarg del curs. <\/p>\n\n\n\n<p class=\"has-text-align-right\">                                                                                                                                                                                         <strong>       Szkola Podstawowa,  SP 2 w Chojnie <\/strong><\/p>\n\n\n\n<figure class=\"wp-block-image alignleft size-large is-resized\"><a href=\"https:\/\/agora.xtec.cat\/ceip-gabriel-castella\/wp-content\/uploads\/usu2108\/2026\/04\/WhatsApp-Image-2026-04-02-at-15.55.54.jpeg\"><img loading=\"lazy\" decoding=\"async\" width=\"768\" height=\"1024\" src=\"https:\/\/agora.xtec.cat\/ceip-gabriel-castella\/wp-content\/uploads\/usu2108\/2026\/04\/WhatsApp-Image-2026-04-02-at-15.55.54-768x1024.jpeg\" alt=\"\" class=\"wp-image-9859\" style=\"width:107px;height:auto\" srcset=\"https:\/\/agora.xtec.cat\/ceip-gabriel-castella\/wp-content\/uploads\/usu2108\/2026\/04\/WhatsApp-Image-2026-04-02-at-15.55.54-768x1024.jpeg 768w, https:\/\/agora.xtec.cat\/ceip-gabriel-castella\/wp-content\/uploads\/usu2108\/2026\/04\/WhatsApp-Image-2026-04-02-at-15.55.54-225x300.jpeg 225w, https:\/\/agora.xtec.cat\/ceip-gabriel-castella\/wp-content\/uploads\/usu2108\/2026\/04\/WhatsApp-Image-2026-04-02-at-15.55.54-1152x1536.jpeg 1152w, https:\/\/agora.xtec.cat\/ceip-gabriel-castella\/wp-content\/uploads\/usu2108\/2026\/04\/WhatsApp-Image-2026-04-02-at-15.55.54.jpeg 1500w\" sizes=\"auto, (max-width: 768px) 100vw, 768px\" \/><\/a><\/figure>\n\n\n\n<p>Primer, els alumnes van preparar <strong>cartes plenes d\u2019il\u00b7lusi\u00f3 desitjant un Bon 2026<\/strong> als seus nous amics, una activitat que els va permetre presentar-se i comen\u00e7ar a crear un primer vincle. <\/p>\n\n\n\n<p>Tamb\u00e9 hem tingut l\u2019oportunitat de <strong>fer una videotrucada amb l\u2019escola de Pol\u00f2nia<\/strong>, un moment molt emocionant en qu\u00e8 els alumnes s\u2019han pogut veure, saludar i compartir algunes paraules en angl\u00e8s.<\/p>\n\n\n\n<figure class=\"wp-block-image aligncenter size-large is-resized\"><a href=\"https:\/\/agora.xtec.cat\/ceip-gabriel-castella\/wp-content\/uploads\/usu2108\/2026\/04\/WhatsApp-Image-2026-04-02-at-15.55.50.jpeg\"><img loading=\"lazy\" decoding=\"async\" width=\"1200\" height=\"800\" src=\"https:\/\/agora.xtec.cat\/ceip-gabriel-castella\/wp-content\/uploads\/usu2108\/2026\/04\/WhatsApp-Image-2026-04-02-at-15.55.50-edited.jpeg\" alt=\"\" class=\"wp-image-9857\" style=\"width:533px;height:auto\" srcset=\"https:\/\/agora.xtec.cat\/ceip-gabriel-castella\/wp-content\/uploads\/usu2108\/2026\/04\/WhatsApp-Image-2026-04-02-at-15.55.50-edited.jpeg 1200w, https:\/\/agora.xtec.cat\/ceip-gabriel-castella\/wp-content\/uploads\/usu2108\/2026\/04\/WhatsApp-Image-2026-04-02-at-15.55.50-edited-300x200.jpeg 300w, https:\/\/agora.xtec.cat\/ceip-gabriel-castella\/wp-content\/uploads\/usu2108\/2026\/04\/WhatsApp-Image-2026-04-02-at-15.55.50-edited-1024x683.jpeg 1024w, https:\/\/agora.xtec.cat\/ceip-gabriel-castella\/wp-content\/uploads\/usu2108\/2026\/04\/WhatsApp-Image-2026-04-02-at-15.55.50-edited-768x512.jpeg 768w\" sizes=\"auto, (max-width: 1200px) 100vw, 1200px\" \/><\/a><\/figure>\n\n\n\n<p>A m\u00e9s, l&#8217;alumnat ha realitzat <strong>un petit projecte sobre la nostra escola<\/strong>, on han explicat com \u00e9s el nostre centre, qu\u00e8 ens agrada fer, com s\u00f3n les nostres classes i quines activitats ens fan especials. Actualment, estem preparant <strong>un v\u00eddeo molt especial<\/strong> per ensenyar-los-hi als nostres nous amics de Pol\u00f2nia, com \u00e9s la nostra escola i el nostre dia a dia.<\/p>\n\n\n\n<p>Aquest treball no nom\u00e9s s\u2019ha dut a terme a l\u2019\u00e0rea d\u2019angl\u00e8s, sin\u00f3 tamb\u00e9 a les <strong>hores de projecte<\/strong>, on hem aprofundit en el coneixement del pa\u00eds amb qui estem treballant. L\u2019alumnat ha <strong>situat Pol\u00f2nia al mapa<\/strong>, ha descobert <strong>en quin continent es troba<\/strong>, i ha comen\u00e7at a con\u00e8ixer algunes caracter\u00edstiques del pa\u00eds, fomentant aix\u00ed la curiositat i l\u2019aprenentatge global.<\/p>\n\n\n\n<p>Abans de marxar de setmana santa, hem continuat l\u2019intercanvi amb <strong>postals de Pasqua<\/strong>, compartint tradicions i descobrint com es viu aquesta celebraci\u00f3 en cada pa\u00eds.<\/p>\n\n\n\n<p>Aquestes activitats permeten treballar de manera interdisciplin\u00e0ria, connectant llengua, geografia, cultura i compet\u00e8ncia digital, alhora que es crea una experi\u00e8ncia d\u2019aprenentatge significativa i motivadora.<\/p>\n\n\n\n<h2 class=\"wp-block-heading\">\ud83c\udf0d Aprenem junts, creixem junts<\/h2>\n\n\n\n<p>Aquests projectes permeten <strong>practicar l\u2019angl\u00e8s en contextos reals<\/strong>, desenvolupar la compet\u00e8ncia digital i fomentar valors com el respecte, la cooperaci\u00f3 i la curiositat per altres cultures.<\/p>\n\n\n\n<p><em>Sharing together is growing<\/em><br>\ud83d\udcd6 <em>Learning English in a meaningful way!<\/em><\/p>\n\n\n\n<p>Seguim aprenent, compartint i construint ponts amb Europa! <\/p>\n","protected":false},"excerpt":{"rendered":"<p>Aquest curs, a la nostra escola estem participant en dos projectes eTwinning amb l\u2019alumnat de 2n i 4t de prim\u00e0ria. eTwinning \u00e9s una iniciativa europea que promou la col\u00b7laboraci\u00f3 entre escoles de diferents pa\u00efsos, fomentant l\u2019intercanvi cultural, l\u2019\u00fas de lleng\u00fces estrangeres i el treball cooperatiu mitjan\u00e7ant activitats compartides. A trav\u00e9s d\u2019aquests projectes, l\u2019alumnat t\u00e9 l\u2019oportunitat [&hellip;]<\/p>\n","protected":false},"author":39,"featured_media":9855,"comment_status":"open","ping_status":"open","sticky":false,"template":"","format":"standard","meta":{"_bbp_topic_count":0,"_bbp_reply_count":0,"_bbp_total_topic_count":0,"_bbp_total_reply_count":0,"_bbp_voice_count":0,"_bbp_anonymous_reply_count":0,"_bbp_topic_count_hidden":0,"_bbp_reply_count_hidden":0,"_bbp_forum_subforum_count":0,"site-sidebar-layout":"default","site-content-layout":"","ast-site-content-layout":"default","site-content-style":"default","site-sidebar-style":"default","ast-global-header-display":"","ast-banner-title-visibility":"","ast-main-header-display":"","ast-hfb-above-header-display":"","ast-hfb-below-header-display":"","ast-hfb-mobile-header-display":"","site-post-title":"disabled","ast-breadcrumbs-content":"","ast-featured-img":"","footer-sml-layout":"","theme-transparent-header-meta":"","adv-header-id-meta":"","stick-header-meta":"","header-above-stick-meta":"","header-main-stick-meta":"","header-below-stick-meta":"","astra-migrate-meta-layouts":"set","ast-page-background-enabled":"default","ast-page-background-meta":{"desktop":{"background-color":"var(--ast-global-color-4)","background-image":"","background-repeat":"repeat","background-position":"center center","background-size":"auto","background-attachment":"scroll","background-type":"","background-media":"","overlay-type":"","overlay-color":"","overlay-opacity":"","overlay-gradient":""},"tablet":{"background-color":"","background-image":"","background-repeat":"repeat","background-position":"center center","background-size":"auto","background-attachment":"scroll","background-type":"","background-media":"","overlay-type":"","overlay-color":"","overlay-opacity":"","overlay-gradient":""},"mobile":{"background-color":"","background-image":"","background-repeat":"repeat","background-position":"center center","background-size":"auto","background-attachment":"scroll","background-type":"","background-media":"","overlay-type":"","overlay-color":"","overlay-opacity":"","overlay-gradient":""}},"ast-content-background-meta":{"desktop":{"background-color":"var(--ast-global-color-5)","background-image":"","background-repeat":"repeat","background-position":"center center","background-size":"auto","background-attachment":"scroll","background-type":"","background-media":"","overlay-type":"","overlay-color":"","overlay-opacity":"","overlay-gradient":""},"tablet":{"background-color":"var(--ast-global-color-5)","background-image":"","background-repeat":"repeat","background-position":"center center","background-size":"auto","background-attachment":"scroll","background-type":"","background-media":"","overlay-type":"","overlay-color":"","overlay-opacity":"","overlay-gradient":""},"mobile":{"background-color":"var(--ast-global-color-5)","background-image":"","background-repeat":"repeat","background-position":"center center","background-size":"auto","background-attachment":"scroll","background-type":"","background-media":"","overlay-type":"","overlay-color":"","overlay-opacity":"","overlay-gradient":""}},"footnotes":""},"categories":[11,13,65,174,138,1,4],"tags":[],"class_list":["post-9850","post","type-post","status-publish","format-standard","has-post-thumbnail","hentry","category-2n","category-4t","category-activitats-descola","category-dia-a-dia","category-english","category-general","category-portada"],"post_mailing_queue_ids":[],"_links":{"self":[{"href":"https:\/\/agora.xtec.cat\/ceip-gabriel-castella\/wp-json\/wp\/v2\/posts\/9850","targetHints":{"allow":["GET"]}}],"collection":[{"href":"https:\/\/agora.xtec.cat\/ceip-gabriel-castella\/wp-json\/wp\/v2\/posts"}],"about":[{"href":"https:\/\/agora.xtec.cat\/ceip-gabriel-castella\/wp-json\/wp\/v2\/types\/post"}],"author":[{"embeddable":true,"href":"https:\/\/agora.xtec.cat\/ceip-gabriel-castella\/wp-json\/wp\/v2\/users\/39"}],"replies":[{"embeddable":true,"href":"https:\/\/agora.xtec.cat\/ceip-gabriel-castella\/wp-json\/wp\/v2\/comments?post=9850"}],"version-history":[{"count":5,"href":"https:\/\/agora.xtec.cat\/ceip-gabriel-castella\/wp-json\/wp\/v2\/posts\/9850\/revisions"}],"predecessor-version":[{"id":9865,"href":"https:\/\/agora.xtec.cat\/ceip-gabriel-castella\/wp-json\/wp\/v2\/posts\/9850\/revisions\/9865"}],"wp:featuredmedia":[{"embeddable":true,"href":"https:\/\/agora.xtec.cat\/ceip-gabriel-castella\/wp-json\/wp\/v2\/media\/9855"}],"wp:attachment":[{"href":"https:\/\/agora.xtec.cat\/ceip-gabriel-castella\/wp-json\/wp\/v2\/media?parent=9850"}],"wp:term":[{"taxonomy":"category","embeddable":true,"href":"https:\/\/agora.xtec.cat\/ceip-gabriel-castella\/wp-json\/wp\/v2\/categories?post=9850"},{"taxonomy":"post_tag","embeddable":true,"href":"https:\/\/agora.xtec.cat\/ceip-gabriel-castella\/wp-json\/wp\/v2\/tags?post=9850"}],"curies":[{"name":"wp","href":"https:\/\/api.w.org\/{rel}","templated":true}]}}