{"id":9559,"date":"2025-12-05T22:53:30","date_gmt":"2025-12-05T21:53:30","guid":{"rendered":"https:\/\/agora.xtec.cat\/ceip-gabriel-castella\/?p=9559"},"modified":"2025-12-05T22:53:31","modified_gmt":"2025-12-05T21:53:31","slug":"la-nostra-escola-rep-la-placa-proa-del-crp-de-lanoia","status":"publish","type":"post","link":"https:\/\/agora.xtec.cat\/ceip-gabriel-castella\/general\/la-nostra-escola-rep-la-placa-proa-del-crp-de-lanoia\/","title":{"rendered":"La nostra escola rep la placa PROA+ del CRP de l&#8217;Anoia"},"content":{"rendered":"\n<p>Estem tant contents d&#8217;anunciar-vos aquesta not\u00edcia!!! <\/p>\n\n\n\n<p>Ahir vam rebre una molt bona not\u00edcia: el Centre de Recursos Pedag\u00f2gics de l\u2019Anoia ens ha fet entrega de la placa PROA+, un distintiu que reconeix la participaci\u00f3 del centre en el Pla de Millora d\u2019Oportunitats Educatives, impulsat pel Ministeri d\u2019Educaci\u00f3, Formaci\u00f3 Professional i Esports.<\/p>\n\n\n\n<p>El programa PROA+ t\u00e9 com a objectiu refor\u00e7ar l\u2019equitat i reduir les desigualtats educatives, acompanyant els centres en la implementaci\u00f3 de mesures que millorin els resultats i el benestar de tot l\u2019alumnat. La placa simbolitza el comprom\u00eds institucional i la feina conjunta de mestres, alumnat i fam\u00edlies.<\/p>\n\n\n\n<p>Des de l\u2019escola, ens sentim molt orgullosos d\u2019aquest reconeixement i continuarem treballant per oferir m\u00e9s i millors oportunitats educatives dins del marc del nostre projecte pedag\u00f2gic.<\/p>\n\n\n\n<p>\ud83d\udc99 Gr\u00e0cies a tota la comunitat educativa per fer-ho possible!<\/p>\n\n\n\n<p><\/p>\n\n\n\n<figure class=\"wp-block-image size-medium is-resized is-style-rounded\"><img loading=\"lazy\" decoding=\"async\" width=\"300\" height=\"225\" src=\"https:\/\/agora.xtec.cat\/ceip-gabriel-castella\/wp-content\/uploads\/usu2108\/2025\/12\/WhatsApp-Image-2025-12-05-at-22.39.53-1-300x225.jpeg\" alt=\"\" class=\"wp-image-9564\" style=\"width:505px;height:auto\" srcset=\"https:\/\/agora.xtec.cat\/ceip-gabriel-castella\/wp-content\/uploads\/usu2108\/2025\/12\/WhatsApp-Image-2025-12-05-at-22.39.53-1-300x225.jpeg 300w, https:\/\/agora.xtec.cat\/ceip-gabriel-castella\/wp-content\/uploads\/usu2108\/2025\/12\/WhatsApp-Image-2025-12-05-at-22.39.53-1-1024x768.jpeg 1024w, https:\/\/agora.xtec.cat\/ceip-gabriel-castella\/wp-content\/uploads\/usu2108\/2025\/12\/WhatsApp-Image-2025-12-05-at-22.39.53-1-768x576.jpeg 768w, https:\/\/agora.xtec.cat\/ceip-gabriel-castella\/wp-content\/uploads\/usu2108\/2025\/12\/WhatsApp-Image-2025-12-05-at-22.39.53-1-1536x1152.jpeg 1536w, https:\/\/agora.xtec.cat\/ceip-gabriel-castella\/wp-content\/uploads\/usu2108\/2025\/12\/WhatsApp-Image-2025-12-05-at-22.39.53-1.jpeg 2000w\" sizes=\"auto, (max-width: 300px) 100vw, 300px\" \/><\/figure>\n","protected":false},"excerpt":{"rendered":"<p>Estem tant contents d&#8217;anunciar-vos aquesta not\u00edcia!!! Ahir vam rebre una molt bona not\u00edcia: el Centre de Recursos Pedag\u00f2gics de l\u2019Anoia ens ha fet entrega de la placa PROA+, un distintiu que reconeix la participaci\u00f3 del centre en el Pla de Millora d\u2019Oportunitats Educatives, impulsat pel Ministeri d\u2019Educaci\u00f3, Formaci\u00f3 Professional i Esports. El programa PROA+ t\u00e9 [&hellip;]<\/p>\n","protected":false},"author":39,"featured_media":9560,"comment_status":"open","ping_status":"open","sticky":false,"template":"","format":"standard","meta":{"_bbp_topic_count":0,"_bbp_reply_count":0,"_bbp_total_topic_count":0,"_bbp_total_reply_count":0,"_bbp_voice_count":0,"_bbp_anonymous_reply_count":0,"_bbp_topic_count_hidden":0,"_bbp_reply_count_hidden":0,"_bbp_forum_subforum_count":0,"site-sidebar-layout":"default","site-content-layout":"","ast-site-content-layout":"default","site-content-style":"default","site-sidebar-style":"default","ast-global-header-display":"","ast-banner-title-visibility":"","ast-main-header-display":"","ast-hfb-above-header-display":"","ast-hfb-below-header-display":"","ast-hfb-mobile-header-display":"","site-post-title":"","ast-breadcrumbs-content":"","ast-featured-img":"disabled","footer-sml-layout":"","theme-transparent-header-meta":"","adv-header-id-meta":"","stick-header-meta":"","header-above-stick-meta":"","header-main-stick-meta":"","header-below-stick-meta":"","astra-migrate-meta-layouts":"set","ast-page-background-enabled":"default","ast-page-background-meta":{"desktop":{"background-color":"var(--ast-global-color-4)","background-image":"","background-repeat":"repeat","background-position":"center center","background-size":"auto","background-attachment":"scroll","background-type":"","background-media":"","overlay-type":"","overlay-color":"","overlay-opacity":"","overlay-gradient":""},"tablet":{"background-color":"","background-image":"","background-repeat":"repeat","background-position":"center center","background-size":"auto","background-attachment":"scroll","background-type":"","background-media":"","overlay-type":"","overlay-color":"","overlay-opacity":"","overlay-gradient":""},"mobile":{"background-color":"","background-image":"","background-repeat":"repeat","background-position":"center center","background-size":"auto","background-attachment":"scroll","background-type":"","background-media":"","overlay-type":"","overlay-color":"","overlay-opacity":"","overlay-gradient":""}},"ast-content-background-meta":{"desktop":{"background-color":"var(--ast-global-color-5)","background-image":"","background-repeat":"repeat","background-position":"center center","background-size":"auto","background-attachment":"scroll","background-type":"","background-media":"","overlay-type":"","overlay-color":"","overlay-opacity":"","overlay-gradient":""},"tablet":{"background-color":"var(--ast-global-color-5)","background-image":"","background-repeat":"repeat","background-position":"center center","background-size":"auto","background-attachment":"scroll","background-type":"","background-media":"","overlay-type":"","overlay-color":"","overlay-opacity":"","overlay-gradient":""},"mobile":{"background-color":"var(--ast-global-color-5)","background-image":"","background-repeat":"repeat","background-position":"center center","background-size":"auto","background-attachment":"scroll","background-type":"","background-media":"","overlay-type":"","overlay-color":"","overlay-opacity":"","overlay-gradient":""}},"footnotes":""},"categories":[65,1,4,173,82],"tags":[],"class_list":["post-9559","post","type-post","status-publish","format-standard","has-post-thumbnail","hentry","category-activitats-descola","category-general","category-portada","category-proaa","category-projectes"],"post_mailing_queue_ids":[],"_links":{"self":[{"href":"https:\/\/agora.xtec.cat\/ceip-gabriel-castella\/wp-json\/wp\/v2\/posts\/9559","targetHints":{"allow":["GET"]}}],"collection":[{"href":"https:\/\/agora.xtec.cat\/ceip-gabriel-castella\/wp-json\/wp\/v2\/posts"}],"about":[{"href":"https:\/\/agora.xtec.cat\/ceip-gabriel-castella\/wp-json\/wp\/v2\/types\/post"}],"author":[{"embeddable":true,"href":"https:\/\/agora.xtec.cat\/ceip-gabriel-castella\/wp-json\/wp\/v2\/users\/39"}],"replies":[{"embeddable":true,"href":"https:\/\/agora.xtec.cat\/ceip-gabriel-castella\/wp-json\/wp\/v2\/comments?post=9559"}],"version-history":[{"count":2,"href":"https:\/\/agora.xtec.cat\/ceip-gabriel-castella\/wp-json\/wp\/v2\/posts\/9559\/revisions"}],"predecessor-version":[{"id":9565,"href":"https:\/\/agora.xtec.cat\/ceip-gabriel-castella\/wp-json\/wp\/v2\/posts\/9559\/revisions\/9565"}],"wp:featuredmedia":[{"embeddable":true,"href":"https:\/\/agora.xtec.cat\/ceip-gabriel-castella\/wp-json\/wp\/v2\/media\/9560"}],"wp:attachment":[{"href":"https:\/\/agora.xtec.cat\/ceip-gabriel-castella\/wp-json\/wp\/v2\/media?parent=9559"}],"wp:term":[{"taxonomy":"category","embeddable":true,"href":"https:\/\/agora.xtec.cat\/ceip-gabriel-castella\/wp-json\/wp\/v2\/categories?post=9559"},{"taxonomy":"post_tag","embeddable":true,"href":"https:\/\/agora.xtec.cat\/ceip-gabriel-castella\/wp-json\/wp\/v2\/tags?post=9559"}],"curies":[{"name":"wp","href":"https:\/\/api.w.org\/{rel}","templated":true}]}}