{"id":9466,"date":"2025-11-14T11:40:25","date_gmt":"2025-11-14T10:40:25","guid":{"rendered":"https:\/\/agora.xtec.cat\/ceip-gabriel-castella\/?p=9466"},"modified":"2025-11-14T11:41:15","modified_gmt":"2025-11-14T10:41:15","slug":"quina-ciutat-espanyola-recomanes-per-anar-de-viatge","status":"publish","type":"post","link":"https:\/\/agora.xtec.cat\/ceip-gabriel-castella\/general\/quina-ciutat-espanyola-recomanes-per-anar-de-viatge\/","title":{"rendered":"Quina ciutat espanyola recomanes per anar de viatge?"},"content":{"rendered":"\n<p>L\u2019alumnat de 6\u00e8 hem treballat el projecte\u00a0 \u201c<em>Coneixem Espanya\u201d<\/em>, on la pregunta repte ha estat <strong>\u201cQuina ciutat espanyola recomanes per anar de viatge?<\/strong>\u201d.<\/p>\n\n\n\n<p>Hem estat capa\u00e7os de fer recerca d\u2019informaci\u00f3 individualment sobre diferents ciutats per con\u00e8ixer el patrimoni cultural, on est\u00e0 situada, com \u00e9s el paisatge, entre altres informacions d\u2019inter\u00e8s, i hem hagut de calcular el pressupost per anar de viatge cinc dies, buscant la millor oferta d\u2019allotjament com de transport.<\/p>\n\n\n\n<p>Aix\u00f2 ens ha perm\u00e8s ser conscients del que val marxar uns dies fora de casa, ja que s\u2019ha de tenir en compte els diners, la dist\u00e0ncia i el temps. <\/p>\n\n\n\n<div class=\"wp-block-getwid-images-slider has-arrows-inside has-dots-inside has-images-center has-cropped-images\"><div class=\"wp-block-getwid-images-slider__wrapper\" data-effect=\"slide\" data-slides-show=\"1\" data-slides-show-laptop=\"1\" data-slides-show-tablet=\"1\" data-slides-show-mobile=\"1\" data-slides-scroll=\"1\" data-autoplay=\"false\" data-pause-hover=\"false\" data-autoplay-speed=\"6000\" data-infinite=\"true\" data-animation-speed=\"800\" data-center-mode=\"false\" data-variable-width=\"false\" data-arrows=\"inside\" data-dots=\"inside\" data-spacing=\"none\"><div class=\"wp-block-getwid-images-slider__item\"><figure><img loading=\"lazy\" decoding=\"async\" width=\"300\" height=\"135\" src=\"https:\/\/agora.xtec.cat\/ceip-gabriel-castella\/wp-content\/uploads\/usu2108\/2025\/11\/20251106_092928-300x135.jpg\" data-id=\"9469\" data-link=\"https:\/\/agora.xtec.cat\/ceip-gabriel-castella\/?attachment_id=9469\" data-original-link=\"https:\/\/agora.xtec.cat\/ceip-gabriel-castella\/wp-content\/uploads\/usu2108\/2025\/11\/20251106_092928-scaled.jpg\" class=\"wp-block-getwid-images-slider__image wp-image-9469\" srcset=\"https:\/\/agora.xtec.cat\/ceip-gabriel-castella\/wp-content\/uploads\/usu2108\/2025\/11\/20251106_092928-300x135.jpg 300w, https:\/\/agora.xtec.cat\/ceip-gabriel-castella\/wp-content\/uploads\/usu2108\/2025\/11\/20251106_092928-1024x461.jpg 1024w, https:\/\/agora.xtec.cat\/ceip-gabriel-castella\/wp-content\/uploads\/usu2108\/2025\/11\/20251106_092928-768x346.jpg 768w, https:\/\/agora.xtec.cat\/ceip-gabriel-castella\/wp-content\/uploads\/usu2108\/2025\/11\/20251106_092928-1536x691.jpg 1536w, https:\/\/agora.xtec.cat\/ceip-gabriel-castella\/wp-content\/uploads\/usu2108\/2025\/11\/20251106_092928-2048x922.jpg 2048w\" sizes=\"auto, (max-width: 300px) 100vw, 300px\" \/><\/figure><\/div><div class=\"wp-block-getwid-images-slider__item\"><figure><img loading=\"lazy\" decoding=\"async\" width=\"300\" height=\"135\" src=\"https:\/\/agora.xtec.cat\/ceip-gabriel-castella\/wp-content\/uploads\/usu2108\/2025\/11\/20251106_094919-300x135.jpg\" data-id=\"9470\" data-link=\"https:\/\/agora.xtec.cat\/ceip-gabriel-castella\/?attachment_id=9470\" data-original-link=\"https:\/\/agora.xtec.cat\/ceip-gabriel-castella\/wp-content\/uploads\/usu2108\/2025\/11\/20251106_094919-scaled.jpg\" class=\"wp-block-getwid-images-slider__image wp-image-9470\" srcset=\"https:\/\/agora.xtec.cat\/ceip-gabriel-castella\/wp-content\/uploads\/usu2108\/2025\/11\/20251106_094919-300x135.jpg 300w, https:\/\/agora.xtec.cat\/ceip-gabriel-castella\/wp-content\/uploads\/usu2108\/2025\/11\/20251106_094919-1024x461.jpg 1024w, https:\/\/agora.xtec.cat\/ceip-gabriel-castella\/wp-content\/uploads\/usu2108\/2025\/11\/20251106_094919-768x346.jpg 768w, https:\/\/agora.xtec.cat\/ceip-gabriel-castella\/wp-content\/uploads\/usu2108\/2025\/11\/20251106_094919-1536x691.jpg 1536w, https:\/\/agora.xtec.cat\/ceip-gabriel-castella\/wp-content\/uploads\/usu2108\/2025\/11\/20251106_094919-2048x922.jpg 2048w\" sizes=\"auto, (max-width: 300px) 100vw, 300px\" \/><\/figure><\/div><div class=\"wp-block-getwid-images-slider__item\"><figure><img loading=\"lazy\" decoding=\"async\" width=\"300\" height=\"135\" src=\"https:\/\/agora.xtec.cat\/ceip-gabriel-castella\/wp-content\/uploads\/usu2108\/2025\/11\/20251106_092945-300x135.jpg\" data-id=\"9471\" data-link=\"https:\/\/agora.xtec.cat\/ceip-gabriel-castella\/?attachment_id=9471\" data-original-link=\"https:\/\/agora.xtec.cat\/ceip-gabriel-castella\/wp-content\/uploads\/usu2108\/2025\/11\/20251106_092945-scaled.jpg\" class=\"wp-block-getwid-images-slider__image wp-image-9471\" srcset=\"https:\/\/agora.xtec.cat\/ceip-gabriel-castella\/wp-content\/uploads\/usu2108\/2025\/11\/20251106_092945-300x135.jpg 300w, https:\/\/agora.xtec.cat\/ceip-gabriel-castella\/wp-content\/uploads\/usu2108\/2025\/11\/20251106_092945-1024x461.jpg 1024w, https:\/\/agora.xtec.cat\/ceip-gabriel-castella\/wp-content\/uploads\/usu2108\/2025\/11\/20251106_092945-768x346.jpg 768w, https:\/\/agora.xtec.cat\/ceip-gabriel-castella\/wp-content\/uploads\/usu2108\/2025\/11\/20251106_092945-1536x691.jpg 1536w, https:\/\/agora.xtec.cat\/ceip-gabriel-castella\/wp-content\/uploads\/usu2108\/2025\/11\/20251106_092945-2048x922.jpg 2048w\" sizes=\"auto, (max-width: 300px) 100vw, 300px\" \/><\/figure><\/div><\/div><\/div>\n\n\n\n<p>Ha estat una experi\u00e8ncia interessant i l\u2019hem volgut compartir amb les fam\u00edlies i amb els companys i companyes de 4t i 5\u00e8.<\/p>\n","protected":false},"excerpt":{"rendered":"<p>L\u2019alumnat de 6\u00e8 hem treballat el projecte\u00a0 \u201cConeixem Espanya\u201d, on la pregunta repte ha estat \u201cQuina ciutat espanyola recomanes per anar de viatge?\u201d. Hem estat capa\u00e7os de fer recerca d\u2019informaci\u00f3 individualment sobre diferents ciutats per con\u00e8ixer el patrimoni cultural, on est\u00e0 situada, com \u00e9s el paisatge, entre altres informacions d\u2019inter\u00e8s, i hem hagut de calcular [&hellip;]<\/p>\n","protected":false},"author":40,"featured_media":9471,"comment_status":"open","ping_status":"open","sticky":false,"template":"","format":"standard","meta":{"_bbp_topic_count":0,"_bbp_reply_count":0,"_bbp_total_topic_count":0,"_bbp_total_reply_count":0,"_bbp_voice_count":0,"_bbp_anonymous_reply_count":0,"_bbp_topic_count_hidden":0,"_bbp_reply_count_hidden":0,"_bbp_forum_subforum_count":0,"site-sidebar-layout":"default","site-content-layout":"","ast-site-content-layout":"default","site-content-style":"default","site-sidebar-style":"default","ast-global-header-display":"","ast-banner-title-visibility":"","ast-main-header-display":"","ast-hfb-above-header-display":"","ast-hfb-below-header-display":"","ast-hfb-mobile-header-display":"","site-post-title":"","ast-breadcrumbs-content":"","ast-featured-img":"","footer-sml-layout":"","theme-transparent-header-meta":"","adv-header-id-meta":"","stick-header-meta":"","header-above-stick-meta":"","header-main-stick-meta":"","header-below-stick-meta":"","astra-migrate-meta-layouts":"set","ast-page-background-enabled":"default","ast-page-background-meta":{"desktop":{"background-color":"var(--ast-global-color-4)","background-image":"","background-repeat":"repeat","background-position":"center center","background-size":"auto","background-attachment":"scroll","background-type":"","background-media":"","overlay-type":"","overlay-color":"","overlay-opacity":"","overlay-gradient":""},"tablet":{"background-color":"","background-image":"","background-repeat":"repeat","background-position":"center center","background-size":"auto","background-attachment":"scroll","background-type":"","background-media":"","overlay-type":"","overlay-color":"","overlay-opacity":"","overlay-gradient":""},"mobile":{"background-color":"","background-image":"","background-repeat":"repeat","background-position":"center center","background-size":"auto","background-attachment":"scroll","background-type":"","background-media":"","overlay-type":"","overlay-color":"","overlay-opacity":"","overlay-gradient":""}},"ast-content-background-meta":{"desktop":{"background-color":"var(--ast-global-color-5)","background-image":"","background-repeat":"repeat","background-position":"center center","background-size":"auto","background-attachment":"scroll","background-type":"","background-media":"","overlay-type":"","overlay-color":"","overlay-opacity":"","overlay-gradient":""},"tablet":{"background-color":"var(--ast-global-color-5)","background-image":"","background-repeat":"repeat","background-position":"center center","background-size":"auto","background-attachment":"scroll","background-type":"","background-media":"","overlay-type":"","overlay-color":"","overlay-opacity":"","overlay-gradient":""},"mobile":{"background-color":"var(--ast-global-color-5)","background-image":"","background-repeat":"repeat","background-position":"center center","background-size":"auto","background-attachment":"scroll","background-type":"","background-media":"","overlay-type":"","overlay-color":"","overlay-opacity":"","overlay-gradient":""}},"footnotes":""},"categories":[15,1,127,4,82],"tags":[],"class_list":["post-9466","post","type-post","status-publish","format-standard","has-post-thumbnail","hentry","category-6e","category-general","category-grans","category-portada","category-projectes"],"post_mailing_queue_ids":[],"_links":{"self":[{"href":"https:\/\/agora.xtec.cat\/ceip-gabriel-castella\/wp-json\/wp\/v2\/posts\/9466","targetHints":{"allow":["GET"]}}],"collection":[{"href":"https:\/\/agora.xtec.cat\/ceip-gabriel-castella\/wp-json\/wp\/v2\/posts"}],"about":[{"href":"https:\/\/agora.xtec.cat\/ceip-gabriel-castella\/wp-json\/wp\/v2\/types\/post"}],"author":[{"embeddable":true,"href":"https:\/\/agora.xtec.cat\/ceip-gabriel-castella\/wp-json\/wp\/v2\/users\/40"}],"replies":[{"embeddable":true,"href":"https:\/\/agora.xtec.cat\/ceip-gabriel-castella\/wp-json\/wp\/v2\/comments?post=9466"}],"version-history":[{"count":5,"href":"https:\/\/agora.xtec.cat\/ceip-gabriel-castella\/wp-json\/wp\/v2\/posts\/9466\/revisions"}],"predecessor-version":[{"id":9476,"href":"https:\/\/agora.xtec.cat\/ceip-gabriel-castella\/wp-json\/wp\/v2\/posts\/9466\/revisions\/9476"}],"wp:featuredmedia":[{"embeddable":true,"href":"https:\/\/agora.xtec.cat\/ceip-gabriel-castella\/wp-json\/wp\/v2\/media\/9471"}],"wp:attachment":[{"href":"https:\/\/agora.xtec.cat\/ceip-gabriel-castella\/wp-json\/wp\/v2\/media?parent=9466"}],"wp:term":[{"taxonomy":"category","embeddable":true,"href":"https:\/\/agora.xtec.cat\/ceip-gabriel-castella\/wp-json\/wp\/v2\/categories?post=9466"},{"taxonomy":"post_tag","embeddable":true,"href":"https:\/\/agora.xtec.cat\/ceip-gabriel-castella\/wp-json\/wp\/v2\/tags?post=9466"}],"curies":[{"name":"wp","href":"https:\/\/api.w.org\/{rel}","templated":true}]}}