{"id":8845,"date":"2025-02-20T13:47:18","date_gmt":"2025-02-20T12:47:18","guid":{"rendered":"https:\/\/agora.xtec.cat\/ceip-gabriel-castella\/?p=8845"},"modified":"2025-02-20T13:47:18","modified_gmt":"2025-02-20T12:47:18","slug":"gran-exit-de-la-talk-gc-la-nena-i-la-dona-en-la-ciencia","status":"publish","type":"post","link":"https:\/\/agora.xtec.cat\/ceip-gabriel-castella\/general\/gran-exit-de-la-talk-gc-la-nena-i-la-dona-en-la-ciencia\/","title":{"rendered":"Gran \u00c8xit de la Talk GC: La nena i la dona en la ci\u00e8ncia!"},"content":{"rendered":"<h1><strong>Gran \u00c8xit de la Talk GC: La Nena i la Dona en la Ci\u00e8ncia!\u00a0<img loading=\"lazy\" decoding=\"async\" class=\"an1 CToWUd\" draggable=\"false\" src=\"https:\/\/fonts.gstatic.com\/s\/e\/notoemoji\/16.0\/1f680\/72.png\" alt=\"\ud83d\ude80\" width=\"42\" height=\"42\" data-emoji=\"\ud83d\ude80\" aria-label=\"\ud83d\ude80\" data-bit=\"iit\" \/><img loading=\"lazy\" decoding=\"async\" class=\"an1 CToWUd\" draggable=\"false\" src=\"https:\/\/fonts.gstatic.com\/s\/e\/notoemoji\/16.0\/1f52d\/72.png\" alt=\"\ud83d\udd2d\" width=\"51\" height=\"51\" data-emoji=\"\ud83d\udd2d\" aria-label=\"\ud83d\udd2d\" data-bit=\"iit\" \/><\/strong><\/h1>\n<p>L\u2019Escola Gabriel Castell\u00e0 va viure el passat dia 11 de febrer, un dia inoblidable amb la celebraci\u00f3 de la\u00a0<strong>Talk GC: La Nena i la Dona en la Ci\u00e8ncia<\/strong>, un acte obert a tota la ciutat que va omplir de gom a gom la Biblioteca Central d\u2019Igualada. Aquesta iniciativa, organitzada per l\u2019alumnat de\u00a0<strong>4t de prim\u00e0ria<\/strong>, va posar en valor el talent cient\u00edfic femen\u00ed i va comptar amb la participaci\u00f3 de\u00a0<strong>quatre investigadores de l\u2019Institut de Ci\u00e8ncies de l\u2019Espai (ICE-CSIC)<\/strong>:\u00a0<strong>Mar Mezcua, Cristina Jim\u00e9nez, Cl\u00e0udia Guti\u00e9rrez i Margarida Hernanz.<\/strong><\/p>\n<h2><strong>Un projecte que ens porta fins a les estrelles\u00a0<img loading=\"lazy\" decoding=\"async\" class=\"an1 CToWUd\" draggable=\"false\" src=\"https:\/\/fonts.gstatic.com\/s\/e\/notoemoji\/16.0\/1f320\/72.png\" alt=\"\ud83c\udf20\" width=\"35\" height=\"35\" data-emoji=\"\ud83c\udf20\" aria-label=\"\ud83c\udf20\" data-bit=\"iit\" \/><\/strong><\/h2>\n<p>Tot va comen\u00e7ar fa unes setmanes, quan vam rebre unes\u00a0<strong>postals molt especials<\/strong>. No eren postals tur\u00edstiques, sin\u00f3 imatges de diferents cels i estrelles del m\u00f3n enviades per les investigadores de l\u2019ICE-CSIC. Ens explicaven la seva recerca sobre\u00a0<strong>forats negres supermassius, supernoves i gal\u00e0xies<\/strong>, i aix\u00f2 ens va despertar moltes preguntes:<\/p>\n<p><img loading=\"lazy\" decoding=\"async\" class=\"an1 CToWUd\" draggable=\"false\" src=\"https:\/\/fonts.gstatic.com\/s\/e\/notoemoji\/16.0\/1f52d\/72.png\" alt=\"\ud83d\udd2d\" width=\"29\" height=\"29\" data-emoji=\"\ud83d\udd2d\" aria-label=\"\ud83d\udd2d\" data-bit=\"iit\" \/>\u00a0<strong>Totes les estrelles que veiem al cel s\u00f3n les mateixes aqu\u00ed i a Xile?<\/strong><br \/>\n<img loading=\"lazy\" decoding=\"async\" class=\"an1 CToWUd\" draggable=\"false\" src=\"https:\/\/fonts.gstatic.com\/s\/e\/notoemoji\/16.0\/1f30d\/72.png\" alt=\"\ud83c\udf0d\" width=\"18\" height=\"18\" data-emoji=\"\ud83c\udf0d\" aria-label=\"\ud83c\udf0d\" data-bit=\"iit\" \/>\u00a0<strong>Com s\u00f3n els diferents cels del m\u00f3n?<\/strong><br \/>\n<img loading=\"lazy\" decoding=\"async\" class=\"an1 CToWUd\" draggable=\"false\" src=\"https:\/\/fonts.gstatic.com\/s\/e\/notoemoji\/16.0\/1f469_200d_1f680\/72.png\" alt=\"\ud83d\udc69\u200d\ud83d\ude80\" width=\"24\" height=\"24\" data-emoji=\"\ud83d\udc69\u200d\ud83d\ude80\" aria-label=\"\ud83d\udc69\u200d\ud83d\ude80\" data-bit=\"iit\" \/>\u00a0<strong>Com \u00e9s la feina d\u2019una investigadora que estudia l\u2019univers?<\/strong><\/p>\n<p>Per\u00f2, a m\u00e9s, ens vam adonar d\u2019un detall molt important:\u00a0<strong>totes les postals eren de dones cient\u00edfiques!<\/strong>\u00a0Aix\u00f2 ens va portar a investigar sobre el paper de la dona en la hist\u00f2ria de la ci\u00e8ncia i a descobrir que, malgrat les seves grans aportacions, moltes havien estat invisibilitzades. Aix\u00ed va n\u00e9ixer la idea d\u2019organitzar aquesta\u00a0<strong>Talk GC<\/strong>, per donar veu a cient\u00edfiques referents i inspirar futures generacions.<\/p>\n<h2><strong>Un dia per recordar!\u00a0<img loading=\"lazy\" decoding=\"async\" class=\"an1 CToWUd\" draggable=\"false\" src=\"https:\/\/fonts.gstatic.com\/s\/e\/notoemoji\/16.0\/1f399_fe0f\/72.png\" alt=\"\ud83c\udf99\ufe0f\" width=\"34\" height=\"34\" data-emoji=\"\ud83c\udf99\ufe0f\" aria-label=\"\ud83c\udf99\ufe0f\" data-bit=\"iit\" \/><img loading=\"lazy\" decoding=\"async\" class=\"an1 CToWUd\" draggable=\"false\" src=\"https:\/\/fonts.gstatic.com\/s\/e\/notoemoji\/16.0\/2728\/72.png\" alt=\"\u2728\" width=\"37\" height=\"37\" data-emoji=\"\u2728\" aria-label=\"\u2728\" data-bit=\"iit\" \/><\/strong><\/h2>\n<p>La jornada va estar plena d\u2019emoci\u00f3 i aprenentatge. Vam gaudir de:<\/p>\n<p><img loading=\"lazy\" decoding=\"async\" class=\"an1 CToWUd\" draggable=\"false\" src=\"https:\/\/fonts.gstatic.com\/s\/e\/notoemoji\/16.0\/2705\/72.png\" alt=\"\u2705\" width=\"26\" height=\"26\" data-emoji=\"\u2705\" aria-label=\"\u2705\" data-bit=\"iit\" \/>\u00a0<strong>Xerrades de les quatre cient\u00edfiques convidades<\/strong>, que ens van explicar la seva traject\u00f2ria i recerca.<br \/>\n<img loading=\"lazy\" decoding=\"async\" class=\"an1 CToWUd\" draggable=\"false\" src=\"https:\/\/fonts.gstatic.com\/s\/e\/notoemoji\/16.0\/2705\/72.png\" alt=\"\u2705\" width=\"28\" height=\"28\" data-emoji=\"\u2705\" aria-label=\"\u2705\" data-bit=\"iit\" \/>\u00a0<strong>Una taula rodona<\/strong>\u00a0sobre el paper de la dona en la ci\u00e8ncia i els reptes de futur.<\/p>\n<p>L\u2019alumnat de\u00a0<strong>4t de prim\u00e0ria va ser el gran protagonista!<\/strong>\u00a0Ens vam organitzar en equips per preparar cada detall al mil\u00b7l\u00edmetre: c\u00e0meres, guionistes, dissenyadors, t\u00e8cnics de so, publicistes, moderadors i acomodadors. Una feina espectacular que va fer possible una experi\u00e8ncia \u00fanica!<\/p>\n<h2><strong>Un ress\u00f2 que va arribar m\u00e9s enll\u00e0 de l\u2019escola!\u00a0<img loading=\"lazy\" decoding=\"async\" class=\"an1 CToWUd\" draggable=\"false\" src=\"https:\/\/fonts.gstatic.com\/s\/e\/notoemoji\/16.0\/1f4e2\/72.png\" alt=\"\ud83d\udce2\" width=\"47\" height=\"47\" data-emoji=\"\ud83d\udce2\" aria-label=\"\ud83d\udce2\" data-bit=\"iit\" \/><\/strong><\/h2>\n<p>L\u2019impacte d\u2019aquesta iniciativa va anar molt m\u00e9s enll\u00e0 del nostre centre.\u00a0<strong>Diferents mitjans de comunicaci\u00f3 van fer ress\u00f2 de l\u2019esdeveniment<\/strong>, i aix\u00f2 ens va fer sentir molt orgullosos. Va ser una oportunitat per demostrar que\u00a0<strong>l\u2019educaci\u00f3 i la ci\u00e8ncia poden anar de la m\u00e0 per transformar la societat<\/strong>.<\/p>\n<p><img loading=\"lazy\" decoding=\"async\" class=\"an1 CToWUd\" draggable=\"false\" src=\"https:\/\/fonts.gstatic.com\/s\/e\/notoemoji\/16.0\/1f64c\/72.png\" alt=\"\ud83d\ude4c\" width=\"37\" height=\"37\" data-emoji=\"\ud83d\ude4c\" aria-label=\"\ud83d\ude4c\" data-bit=\"iit\" \/>\u00a0<b>Sense la vostra ajuda no hagu\u00e9s estat possible i per aix\u00f2\u00a0us agra\u00efm tot el que heu fet a&#8230;:<\/b><br \/>\n<img loading=\"lazy\" decoding=\"async\" class=\"an1 CToWUd\" draggable=\"false\" src=\"https:\/\/fonts.gstatic.com\/s\/e\/notoemoji\/16.0\/1f4a1\/72.png\" alt=\"\ud83d\udca1\" width=\"36\" height=\"36\" data-emoji=\"\ud83d\udca1\" aria-label=\"\ud83d\udca1\" data-bit=\"iit\" \/>\u00a0<strong>Alba Calejero<\/strong>, periodista de l\u2019ICE-CSIC, per ajudar-nos a contactar amb les investigadores.<br \/>\n<img loading=\"lazy\" decoding=\"async\" class=\"an1 CToWUd\" draggable=\"false\" src=\"https:\/\/fonts.gstatic.com\/s\/e\/notoemoji\/16.0\/1f4d6\/72.png\" alt=\"\ud83d\udcd6\" width=\"33\" height=\"33\" data-emoji=\"\ud83d\udcd6\" aria-label=\"\ud83d\udcd6\" data-bit=\"iit\" \/>\u00a0<strong>Biblioteca Central d\u2019Igualada<\/strong>, per cedir-nos la seva sala d\u2019actes.<br \/>\n<img loading=\"lazy\" decoding=\"async\" class=\"an1 CToWUd\" draggable=\"false\" src=\"https:\/\/fonts.gstatic.com\/s\/e\/notoemoji\/16.0\/1f3ad\/72.png\" alt=\"\ud83c\udfad\" width=\"28\" height=\"28\" data-emoji=\"\ud83c\udfad\" aria-label=\"\ud83c\udfad\" data-bit=\"iit\" \/>\u00a0<strong>Espai Malla<\/strong>, per ajudar-nos amb el decorat.<br \/>\n<img loading=\"lazy\" decoding=\"async\" class=\"an1 CToWUd\" draggable=\"false\" src=\"https:\/\/fonts.gstatic.com\/s\/e\/notoemoji\/16.0\/1f389\/72.png\" alt=\"\ud83c\udf89\" width=\"34\" height=\"34\" data-emoji=\"\ud83c\udf89\" aria-label=\"\ud83c\udf89\" data-bit=\"iit\" \/>\u00a0<strong>L&#8217;escola\u00a0Ramon Castelltort,\u00a0<\/strong>per venir a aprendre amb nosaltres.<br \/>\n<img loading=\"lazy\" decoding=\"async\" class=\"an1 CToWUd\" draggable=\"false\" src=\"https:\/\/fonts.gstatic.com\/s\/e\/notoemoji\/16.0\/1f52c\/72.png\" alt=\"\ud83d\udd2c\" width=\"32\" height=\"32\" data-emoji=\"\ud83d\udd2c\" aria-label=\"\ud83d\udd2c\" data-bit=\"iit\" \/>\u00a0<strong>Fundaci\u00f3 Bofill i el projecte Magnet<\/strong>, per donar-nos suport en aquesta experi\u00e8ncia educativa.<br \/>\n<img loading=\"lazy\" decoding=\"async\" class=\"an1 CToWUd\" draggable=\"false\" src=\"https:\/\/fonts.gstatic.com\/s\/e\/notoemoji\/16.0\/1f9d1_200d_1f3eb\/72.png\" alt=\"\ud83e\uddd1\u200d\ud83c\udfeb\" width=\"34\" height=\"34\" data-emoji=\"\ud83e\uddd1\u200d\ud83c\udfeb\" aria-label=\"\ud83e\uddd1\u200d\ud83c\udfeb\" data-bit=\"iit\" \/>\u00a0<strong>David Vilalta<\/strong>, pel seu assessorament en el projecte.<\/p>\n<p><img loading=\"lazy\" decoding=\"async\" class=\"an1 CToWUd\" draggable=\"false\" src=\"https:\/\/fonts.gstatic.com\/s\/e\/notoemoji\/16.0\/1f4ab\/72.png\" alt=\"\ud83d\udcab\" width=\"30\" height=\"30\" data-emoji=\"\ud83d\udcab\" aria-label=\"\ud83d\udcab\" data-bit=\"iit\" \/>\u00a0<strong>Aquesta Talk GC va ser nom\u00e9s el principi!<\/strong>\u00a0Ara tenim molta feina, continuarem investigant, fent preguntes i descobrint el m\u00f3n que ens envolta.\u00a0<strong>Moltes gr\u00e0cies a tots i totes per fer-ho possible!<\/strong><\/p>\n<p><img loading=\"lazy\" decoding=\"async\" class=\"an1 CToWUd\" draggable=\"false\" src=\"https:\/\/fonts.gstatic.com\/s\/e\/notoemoji\/16.0\/1f4f8\/72.png\" alt=\"\ud83d\udcf8\" width=\"29\" height=\"29\" data-emoji=\"\ud83d\udcf8\" aria-label=\"\ud83d\udcf8\" data-bit=\"iit\" \/> \u00a0<a href=\"https:\/\/photos.google.com\/album\/AF1QipMMHJzPf7Dk1dSBeX5Q2XUQHvLc-dmFxftdsB47\">https:\/\/photos.google.com\/album\/AF1QipMMHJzPf7Dk1dSBeX5Q2XUQHvLc-dmFxftdsB47<\/a><\/p>\n<p>Podeu veure el v\u00eddeo sencer a Youtube:\u00a0<a href=\"https:\/\/youtu.be\/Q4cjZDMd2Kw\">https:\/\/youtu.be\/Q4cjZDMd2Kw<\/a><\/p>\n<p><img loading=\"lazy\" decoding=\"async\" class=\"an1 CToWUd\" draggable=\"false\" src=\"https:\/\/fonts.gstatic.com\/s\/e\/notoemoji\/16.0\/1f680\/72.png\" alt=\"\ud83d\ude80\" width=\"33\" height=\"33\" data-emoji=\"\ud83d\ude80\" aria-label=\"\ud83d\ude80\" data-bit=\"iit\" \/>\u00a0<strong>Ens veiem a la pr\u00f2xima aventura cient\u00edfica!<\/strong>\u00a0<img loading=\"lazy\" decoding=\"async\" class=\"an1 CToWUd\" draggable=\"false\" src=\"https:\/\/fonts.gstatic.com\/s\/e\/notoemoji\/16.0\/1f52d\/72.png\" alt=\"\ud83d\udd2d\" width=\"39\" height=\"39\" data-emoji=\"\ud83d\udd2d\" aria-label=\"\ud83d\udd2d\" data-bit=\"iit\" \/><img loading=\"lazy\" decoding=\"async\" class=\"an1 CToWUd\" draggable=\"false\" src=\"https:\/\/fonts.gstatic.com\/s\/e\/notoemoji\/16.0\/2728\/72.png\" alt=\"\u2728\" width=\"35\" height=\"35\" data-emoji=\"\u2728\" aria-label=\"\u2728\" data-bit=\"iit\" \/><\/p>\n","protected":false},"excerpt":{"rendered":"<p>Gran \u00c8xit de la Talk GC: La Nena i la Dona en la Ci\u00e8ncia!\u00a0 L\u2019Escola Gabriel Castell\u00e0 va viure el passat dia 11 de febrer, un dia inoblidable amb la celebraci\u00f3 de la\u00a0Talk GC: La Nena i la Dona en la Ci\u00e8ncia, un acte obert a tota la ciutat que va omplir de gom a [&hellip;]<\/p>\n","protected":false},"author":40,"featured_media":8849,"comment_status":"open","ping_status":"closed","sticky":false,"template":"","format":"standard","meta":{"_bbp_topic_count":0,"_bbp_reply_count":0,"_bbp_total_topic_count":0,"_bbp_total_reply_count":0,"_bbp_voice_count":0,"_bbp_anonymous_reply_count":0,"_bbp_topic_count_hidden":0,"_bbp_reply_count_hidden":0,"_bbp_forum_subforum_count":0,"site-sidebar-layout":"default","site-content-layout":"","ast-site-content-layout":"","site-content-style":"default","site-sidebar-style":"default","ast-global-header-display":"","ast-banner-title-visibility":"","ast-main-header-display":"","ast-hfb-above-header-display":"","ast-hfb-below-header-display":"","ast-hfb-mobile-header-display":"","site-post-title":"","ast-breadcrumbs-content":"","ast-featured-img":"","footer-sml-layout":"","theme-transparent-header-meta":"","adv-header-id-meta":"","stick-header-meta":"","header-above-stick-meta":"","header-main-stick-meta":"","header-below-stick-meta":"","astra-migrate-meta-layouts":"default","ast-page-background-enabled":"default","ast-page-background-meta":{"desktop":{"background-color":"var(--ast-global-color-4)","background-image":"","background-repeat":"repeat","background-position":"center center","background-size":"auto","background-attachment":"scroll","background-type":"","background-media":"","overlay-type":"","overlay-color":"","overlay-opacity":"","overlay-gradient":""},"tablet":{"background-color":"","background-image":"","background-repeat":"repeat","background-position":"center center","background-size":"auto","background-attachment":"scroll","background-type":"","background-media":"","overlay-type":"","overlay-color":"","overlay-opacity":"","overlay-gradient":""},"mobile":{"background-color":"","background-image":"","background-repeat":"repeat","background-position":"center center","background-size":"auto","background-attachment":"scroll","background-type":"","background-media":"","overlay-type":"","overlay-color":"","overlay-opacity":"","overlay-gradient":""}},"ast-content-background-meta":{"desktop":{"background-color":"var(--ast-global-color-5)","background-image":"","background-repeat":"repeat","background-position":"center center","background-size":"auto","background-attachment":"scroll","background-type":"","background-media":"","overlay-type":"","overlay-color":"","overlay-opacity":"","overlay-gradient":""},"tablet":{"background-color":"var(--ast-global-color-5)","background-image":"","background-repeat":"repeat","background-position":"center center","background-size":"auto","background-attachment":"scroll","background-type":"","background-media":"","overlay-type":"","overlay-color":"","overlay-opacity":"","overlay-gradient":""},"mobile":{"background-color":"var(--ast-global-color-5)","background-image":"","background-repeat":"repeat","background-position":"center center","background-size":"auto","background-attachment":"scroll","background-type":"","background-media":"","overlay-type":"","overlay-color":"","overlay-opacity":"","overlay-gradient":""}},"footnotes":""},"categories":[1,127,82],"tags":[],"class_list":["post-8845","post","type-post","status-publish","format-standard","has-post-thumbnail","hentry","category-general","category-grans","category-projectes"],"post_mailing_queue_ids":[],"_links":{"self":[{"href":"https:\/\/agora.xtec.cat\/ceip-gabriel-castella\/wp-json\/wp\/v2\/posts\/8845","targetHints":{"allow":["GET"]}}],"collection":[{"href":"https:\/\/agora.xtec.cat\/ceip-gabriel-castella\/wp-json\/wp\/v2\/posts"}],"about":[{"href":"https:\/\/agora.xtec.cat\/ceip-gabriel-castella\/wp-json\/wp\/v2\/types\/post"}],"author":[{"embeddable":true,"href":"https:\/\/agora.xtec.cat\/ceip-gabriel-castella\/wp-json\/wp\/v2\/users\/40"}],"replies":[{"embeddable":true,"href":"https:\/\/agora.xtec.cat\/ceip-gabriel-castella\/wp-json\/wp\/v2\/comments?post=8845"}],"version-history":[{"count":2,"href":"https:\/\/agora.xtec.cat\/ceip-gabriel-castella\/wp-json\/wp\/v2\/posts\/8845\/revisions"}],"predecessor-version":[{"id":8850,"href":"https:\/\/agora.xtec.cat\/ceip-gabriel-castella\/wp-json\/wp\/v2\/posts\/8845\/revisions\/8850"}],"wp:featuredmedia":[{"embeddable":true,"href":"https:\/\/agora.xtec.cat\/ceip-gabriel-castella\/wp-json\/wp\/v2\/media\/8849"}],"wp:attachment":[{"href":"https:\/\/agora.xtec.cat\/ceip-gabriel-castella\/wp-json\/wp\/v2\/media?parent=8845"}],"wp:term":[{"taxonomy":"category","embeddable":true,"href":"https:\/\/agora.xtec.cat\/ceip-gabriel-castella\/wp-json\/wp\/v2\/categories?post=8845"},{"taxonomy":"post_tag","embeddable":true,"href":"https:\/\/agora.xtec.cat\/ceip-gabriel-castella\/wp-json\/wp\/v2\/tags?post=8845"}],"curies":[{"name":"wp","href":"https:\/\/api.w.org\/{rel}","templated":true}]}}