{"id":8823,"date":"2025-02-11T10:22:02","date_gmt":"2025-02-11T09:22:02","guid":{"rendered":"https:\/\/agora.xtec.cat\/ceip-gabriel-castella\/?p=8823"},"modified":"2025-02-13T13:19:09","modified_gmt":"2025-02-13T12:19:09","slug":"acte-obert-la-nena-i-la-dona-en-la-ciencia","status":"publish","type":"post","link":"https:\/\/agora.xtec.cat\/ceip-gabriel-castella\/general\/acte-obert-la-nena-i-la-dona-en-la-ciencia\/","title":{"rendered":"Acte Obert: La Nena i la Dona en la Ci\u00e8ncia"},"content":{"rendered":"<p><strong>Un projecte per observar el cel i descobrir les cient\u00edfiques que el miren<\/strong><\/p>\n<p>Hola a tothom! Som l\u2019alumnat de <strong>4t de l\u2019Escola Gabriel Castell\u00e0<\/strong>, i aquest any hem comen\u00e7at una aventura cient\u00edfica que ens ha portat fins a les estrelles!<\/p>\n<p>A la nostra escola participem en el programa <strong>Magnet, aliances per a l\u2019\u00e8xit educatiu<\/strong>, i el nostre <strong>partner \u00e9s l\u2019Institut de Ci\u00e8ncies de l\u2019Espai (ICE-CSIC)<\/strong>. Aix\u00f2 ens dona l\u2019oportunitat de treballar com ho fan els cient\u00edfics i les cient\u00edfiques, fent preguntes, investigant i descobrint el m\u00f3n que ens envolta.<\/p>\n<p><strong>Tot va comen\u00e7ar amb unes postals\u2026<\/strong><\/p>\n<p>Fa unes setmanes vam rebre unes postals molt especials. No eren postals tur\u00edstiques, sin\u00f3 <strong>imatges de diferents cels i estrelles del m\u00f3n<\/strong> enviades per quatre <strong>investigadores de l\u2019ICE-CSIC<\/strong>: <strong>Mar Mezcua, Cristina Jim\u00e9nez, Cl\u00e0udia Guti\u00e9rrez i Margarida Hernanz<\/strong>. Ens explicaven la seva recerca sobre <strong>forats negres, supernoves i gal\u00e0xies<\/strong>, i ens van fer pensar en moltes preguntes:<\/p>\n<p><strong>&#8211; Totes les estrelles que veiem al cel s\u00f3n les mateixes aqu\u00ed i a Xile?<br \/>\n&#8211; Com s\u00f3n els diferents cels del m\u00f3n? Per qu\u00e8 no veiem les mateixes constel\u00b7lacions a tot arreu?<br \/>\n&#8211; Com \u00e9s la feina d\u2019una investigadora que estudia l\u2019univers?<\/strong><\/p>\n<p>Per\u00f2 a mesura que parl\u00e0vem, ens vam adonar d\u2019un detall molt important: <strong>totes les postals eren de dones!<\/strong> Aix\u00f2 ens va portar a investigar sobre les <strong>dones en la hist\u00f2ria de la ci\u00e8ncia<\/strong>, i vam veure que, al llarg dels segles, <strong>han estat moltes les dones que han fet grans descobriments, per\u00f2 molt poques han estat reconegudes<\/strong>. Per sort, avui en dia cada vegada s\u00f3n m\u00e9s visibles i es reconeix la seva tasca.<\/p>\n<p>Vam pensar que nosaltres pod\u00edem fer alguna cosa per contribuir-hi, aix\u00ed que vam decidir que aquestes quatre cient\u00edfiques havien de <strong>convertir-se en referents femenins de la hist\u00f2ria de la ci\u00e8ncia per a nosaltres i per a tota la ciutat<\/strong>.<\/p>\n<p><strong>Una festa per la ci\u00e8ncia i la igualtat<\/strong><\/p>\n<p>Seguint amb la nostra investigaci\u00f3, vam descobrir que <strong>l\u201911 de febrer \u00e9s el Dia Internacional de la Nena i la Dona en la Ci\u00e8ncia<\/strong>, una efem\u00e8ride creada per <strong>les Nacions Unides l\u2019any 2015<\/strong>, i que aquest 2025 <strong>es compleixen 10 anys de la seva declaraci\u00f3!<\/strong>, igual que nosaltres, que tamb\u00e9 fem 10 anys! \ud83c\udf82 Aix\u00ed que vam decidir organitzar <strong>una gran TED Talk oberta a tota la ciutat per celebrar-ho!<\/strong><\/p>\n<p>\ud83d\udcc5 <strong>Quan?<\/strong> Dimarts <strong>11 de febrer del 2025<br \/>\n<\/strong>\u00a0\ud83d\udccd\u00a0 <strong>On?<\/strong> A la <strong>Biblioteca Central d\u2019Igualada<\/strong><\/p>\n<p>\u23f0 <strong>Hora?<\/strong> 10:30h<\/p>\n<p>\ud83c\udf9f <strong>Per a qui?<\/strong> Per a tothom! <strong>Entrada lliure i gratu\u00efta<\/strong><\/p>\n<p><strong>Qu\u00e8 hem preparat?<\/strong><\/p>\n<p>\ud83d\udd39 Un <strong>talkGC<\/strong> amb les quatre cient\u00edfiques convidades per parlar de la seva traject\u00f2ria i feina dins de l\u2019ICE. \ud83d\udd39<\/p>\n<p>Ens hem organitzat en equips per preparar cada detall al mil\u00b7l\u00edmetre. Ens convertirem en <strong>c\u00e0meres, guionistes, dissenyadors, t\u00e8cnics de so, publicistes, moderadors i acomodadors<\/strong> per oferir-vos una experi\u00e8ncia \u00fanica!<\/p>\n<p><strong>Un projecte que ens fa mirar m\u00e9s enll\u00e0<\/strong><\/p>\n<p>Aquest projecte no s\u2019acaba aqu\u00ed. A partir de les preguntes que ens han sorgit, continuarem investigant sobre <strong>els diferents cels del m\u00f3n, la geografia i l\u2019astronomia<\/strong>, descobrint <strong>com la nostra posici\u00f3 a la Terra influeix en all\u00f2 que veiem al cel<\/strong>. Tamb\u00e9 explorarem <strong>com treballem amb el m\u00e8tode cient\u00edfic i com podem acostar-nos al coneixement de l\u2019univers.<\/strong><\/p>\n<p>\ud83d\ude4c <strong>Agra\u00efments especials<\/strong> a:<br \/>\n\ud83d\udca1 <strong>Alba Calejero<\/strong>, periodista de l\u2019ICE-CSIC, per ajudar-nos a contactar amb les investigadores.<br \/>\n\ud83d\udcd6 <strong>Biblioteca Central d\u2019Igualada<\/strong>, per cedir-nos la seva sala d\u2019actes.<br \/>\n\ud83c\udfad <strong>Espai Malla<\/strong>, per ajudar-nos amb el decorat.<br \/>\n\ud83c\udf89 <strong>Les escoles de la ciutat<\/strong>, que ens acompanyaran en aquest dia tan especial.<br \/>\n\ud83d\udd2c <strong>Fundaci\u00f3 Bofill i el projecte Magnet<\/strong>, per donar-nos suport en aquesta experi\u00e8ncia educativa.<br \/>\n\ud83e\uddd1\u200d\ud83c\udfeb <strong>David Vilalta<\/strong>, pel seu assessorament en el projecte.<\/p>\n<p>\u2728 <strong>Us esperem per compartir junts aquesta gran celebraci\u00f3 de la ci\u00e8ncia i la igualtat!<\/strong>\ud83d\ude80\ud83d\udd2d<\/p>\n<p>\ud83d\udce9 <strong>Per m\u00e9s informaci\u00f3, podeu contactar amb nosaltres, l\u2019alumnat de 4t de l\u2019Escola Gabriel Castell\u00e0.<\/strong><\/p>\n<p>&nbsp;<\/p>\n","protected":false},"excerpt":{"rendered":"<p>Un projecte per observar el cel i descobrir les cient\u00edfiques que el miren Hola a tothom! Som l\u2019alumnat de 4t de l\u2019Escola Gabriel Castell\u00e0, i aquest any hem comen\u00e7at una aventura cient\u00edfica que ens ha portat fins a les estrelles! A la nostra escola participem en el programa Magnet, aliances per a l\u2019\u00e8xit educatiu, i [&hellip;]<\/p>\n","protected":false},"author":5,"featured_media":0,"comment_status":"open","ping_status":"closed","sticky":false,"template":"","format":"standard","meta":{"_bbp_topic_count":0,"_bbp_reply_count":0,"_bbp_total_topic_count":0,"_bbp_total_reply_count":0,"_bbp_voice_count":0,"_bbp_anonymous_reply_count":0,"_bbp_topic_count_hidden":0,"_bbp_reply_count_hidden":0,"_bbp_forum_subforum_count":0,"site-sidebar-layout":"default","site-content-layout":"","ast-site-content-layout":"","site-content-style":"default","site-sidebar-style":"default","ast-global-header-display":"","ast-banner-title-visibility":"","ast-main-header-display":"","ast-hfb-above-header-display":"","ast-hfb-below-header-display":"","ast-hfb-mobile-header-display":"","site-post-title":"","ast-breadcrumbs-content":"","ast-featured-img":"","footer-sml-layout":"","theme-transparent-header-meta":"","adv-header-id-meta":"","stick-header-meta":"","header-above-stick-meta":"","header-main-stick-meta":"","header-below-stick-meta":"","astra-migrate-meta-layouts":"default","ast-page-background-enabled":"default","ast-page-background-meta":{"desktop":{"background-color":"var(--ast-global-color-4)","background-image":"","background-repeat":"repeat","background-position":"center center","background-size":"auto","background-attachment":"scroll","background-type":"","background-media":"","overlay-type":"","overlay-color":"","overlay-opacity":"","overlay-gradient":""},"tablet":{"background-color":"","background-image":"","background-repeat":"repeat","background-position":"center center","background-size":"auto","background-attachment":"scroll","background-type":"","background-media":"","overlay-type":"","overlay-color":"","overlay-opacity":"","overlay-gradient":""},"mobile":{"background-color":"","background-image":"","background-repeat":"repeat","background-position":"center center","background-size":"auto","background-attachment":"scroll","background-type":"","background-media":"","overlay-type":"","overlay-color":"","overlay-opacity":"","overlay-gradient":""}},"ast-content-background-meta":{"desktop":{"background-color":"var(--ast-global-color-5)","background-image":"","background-repeat":"repeat","background-position":"center center","background-size":"auto","background-attachment":"scroll","background-type":"","background-media":"","overlay-type":"","overlay-color":"","overlay-opacity":"","overlay-gradient":""},"tablet":{"background-color":"var(--ast-global-color-5)","background-image":"","background-repeat":"repeat","background-position":"center center","background-size":"auto","background-attachment":"scroll","background-type":"","background-media":"","overlay-type":"","overlay-color":"","overlay-opacity":"","overlay-gradient":""},"mobile":{"background-color":"var(--ast-global-color-5)","background-image":"","background-repeat":"repeat","background-position":"center center","background-size":"auto","background-attachment":"scroll","background-type":"","background-media":"","overlay-type":"","overlay-color":"","overlay-opacity":"","overlay-gradient":""}},"footnotes":""},"categories":[13,1,125,128,4],"tags":[],"class_list":["post-8823","post","type-post","status-publish","format-standard","hentry","category-4t","category-general","category-magnet","category-magnet-magnet","category-portada"],"post_mailing_queue_ids":[],"_links":{"self":[{"href":"https:\/\/agora.xtec.cat\/ceip-gabriel-castella\/wp-json\/wp\/v2\/posts\/8823","targetHints":{"allow":["GET"]}}],"collection":[{"href":"https:\/\/agora.xtec.cat\/ceip-gabriel-castella\/wp-json\/wp\/v2\/posts"}],"about":[{"href":"https:\/\/agora.xtec.cat\/ceip-gabriel-castella\/wp-json\/wp\/v2\/types\/post"}],"author":[{"embeddable":true,"href":"https:\/\/agora.xtec.cat\/ceip-gabriel-castella\/wp-json\/wp\/v2\/users\/5"}],"replies":[{"embeddable":true,"href":"https:\/\/agora.xtec.cat\/ceip-gabriel-castella\/wp-json\/wp\/v2\/comments?post=8823"}],"version-history":[{"count":3,"href":"https:\/\/agora.xtec.cat\/ceip-gabriel-castella\/wp-json\/wp\/v2\/posts\/8823\/revisions"}],"predecessor-version":[{"id":8835,"href":"https:\/\/agora.xtec.cat\/ceip-gabriel-castella\/wp-json\/wp\/v2\/posts\/8823\/revisions\/8835"}],"wp:attachment":[{"href":"https:\/\/agora.xtec.cat\/ceip-gabriel-castella\/wp-json\/wp\/v2\/media?parent=8823"}],"wp:term":[{"taxonomy":"category","embeddable":true,"href":"https:\/\/agora.xtec.cat\/ceip-gabriel-castella\/wp-json\/wp\/v2\/categories?post=8823"},{"taxonomy":"post_tag","embeddable":true,"href":"https:\/\/agora.xtec.cat\/ceip-gabriel-castella\/wp-json\/wp\/v2\/tags?post=8823"}],"curies":[{"name":"wp","href":"https:\/\/api.w.org\/{rel}","templated":true}]}}