{"id":8228,"date":"2026-03-16T11:54:28","date_gmt":"2026-03-16T10:54:28","guid":{"rendered":"https:\/\/agora.xtec.cat\/ceip-fray-luis-leon\/?p=8228"},"modified":"2026-03-16T11:54:29","modified_gmt":"2026-03-16T10:54:29","slug":"espai-literari-12","status":"publish","type":"post","link":"https:\/\/agora.xtec.cat\/ceip-fray-luis-leon\/general\/espai-literari-12\/","title":{"rendered":"ESPAI LITERARI 12"},"content":{"rendered":"\n<p>Aquest mes de mar\u00e7, l&#8217;Espai Literari de l\u2019escola t\u00e9 com a protagonistes als infants d\u2019Educaci\u00f3 Infantil. Han volgut compartir amb tothom algunes de les activitats que han fet per treballar el llenguatge, la motricitat fina i el gust per la lectura.<\/p>\n\n\n\n<p>Una de les propostes ha estat treballar <strong>les dites dels mesos<\/strong>, que els nens i nenes han apr\u00e8s i representat amb dibuixos i petites converses a l\u2019aula. Aquesta activitat els ajuda a descobrir noves paraules i a relacionar-les amb el pas del temps i les estacions.<\/p>\n\n\n\n<p>Tamb\u00e9 han fet activitats amb <strong>les inicials dels seus noms<\/strong>, identificant les lletres, decorant-les i jugant amb elles. A m\u00e9s, han creat <strong>n\u00favols de noms<\/strong>, una manera visual i divertida de recon\u00e8ixer el propi nom i el dels companys i companyes.<\/p>\n\n\n\n<p>Els contes tamb\u00e9 han tingut un lloc molt especial. A partir del <strong>conte de la Caputxeta Vermella<\/strong>, els infants han escoltat la hist\u00f2ria, han comentat els personatges i han fet activitats relacionades amb el relat. Aix\u00f2 els permet treballar la comprensi\u00f3 i la imaginaci\u00f3.<\/p>\n\n\n\n<p>Una altra activitat molt motivadora han estat <strong>les endevinalles<\/strong>, que han ajudat els infants a pensar, imaginar i jugar amb el llenguatge d\u2019una manera divertida.<\/p>\n\n\n\n<p>A m\u00e9s, algunes classes han desenvolupat <strong>projectes propis<\/strong>, com el <strong>Dia de la Pau<\/strong> o el projecte de <strong>les meduses<\/strong>, que han perm\u00e8s ampliar vocabulari, conversar i expressar idees a partir del que van descobrint.<\/p>\n\n\n\n<p>Amb totes aquestes propostes, l\u2019objectiu \u00e9s continuar fomentant el gust pel llenguatge i la literatura des de ben petits, a trav\u00e9s del joc, la curiositat i la participaci\u00f3.<\/p>\n\n\n\n<p>Cliqueu a la seg\u00fcent imatge per descobrir l&#8217;Espai Literari dels m\u00e9s petits i petites de l&#8217;escola: <\/p>\n\n\n\n<figure class=\"wp-block-image aligncenter size-medium\"><a href=\"https:\/\/heyzine.com\/flip-book\/313a0d6dab.html\"><img loading=\"lazy\" decoding=\"async\" width=\"212\" height=\"300\" src=\"https:\/\/agora.xtec.cat\/ceip-fray-luis-leon\/wp-content\/uploads\/usu900\/2026\/03\/25-26-ESPAI-LITERARI-12-212x300.png\" alt=\"\" class=\"wp-image-8229\" srcset=\"https:\/\/agora.xtec.cat\/ceip-fray-luis-leon\/wp-content\/uploads\/usu900\/2026\/03\/25-26-ESPAI-LITERARI-12-212x300.png 212w, https:\/\/agora.xtec.cat\/ceip-fray-luis-leon\/wp-content\/uploads\/usu900\/2026\/03\/25-26-ESPAI-LITERARI-12-724x1024.png 724w, https:\/\/agora.xtec.cat\/ceip-fray-luis-leon\/wp-content\/uploads\/usu900\/2026\/03\/25-26-ESPAI-LITERARI-12-768x1086.png 768w, https:\/\/agora.xtec.cat\/ceip-fray-luis-leon\/wp-content\/uploads\/usu900\/2026\/03\/25-26-ESPAI-LITERARI-12-1086x1536.png 1086w, https:\/\/agora.xtec.cat\/ceip-fray-luis-leon\/wp-content\/uploads\/usu900\/2026\/03\/25-26-ESPAI-LITERARI-12.png 1414w\" sizes=\"auto, (max-width: 212px) 100vw, 212px\" \/><\/a><\/figure>\n\n\n\n<p><\/p>\n\n\n\n<p><\/p>\n\n\n\n<p><\/p>\n\n\n\n<p><\/p>\n\n\n\n<p><\/p>\n","protected":false},"excerpt":{"rendered":"<p>Descobriu el nou Espai Literari dels m\u00e9s petits i petites.<\/p>\n","protected":false},"author":16,"featured_media":8229,"comment_status":"closed","ping_status":"open","sticky":false,"template":"","format":"standard","meta":{"_bbp_topic_count":0,"_bbp_reply_count":0,"_bbp_total_topic_count":0,"_bbp_total_reply_count":0,"_bbp_voice_count":0,"_bbp_anonymous_reply_count":0,"_bbp_topic_count_hidden":0,"_bbp_reply_count_hidden":0,"_bbp_forum_subforum_count":0,"site-sidebar-layout":"default","site-content-layout":"","ast-site-content-layout":"default","site-content-style":"default","site-sidebar-style":"default","ast-global-header-display":"","ast-banner-title-visibility":"","ast-main-header-display":"","ast-hfb-above-header-display":"","ast-hfb-below-header-display":"","ast-hfb-mobile-header-display":"","site-post-title":"","ast-breadcrumbs-content":"","ast-featured-img":"","footer-sml-layout":"","theme-transparent-header-meta":"","adv-header-id-meta":"","stick-header-meta":"","header-above-stick-meta":"","header-main-stick-meta":"","header-below-stick-meta":"","astra-migrate-meta-layouts":"set","ast-page-background-enabled":"default","ast-page-background-meta":{"desktop":{"background-color":"var(--ast-global-color-4)","background-image":"","background-repeat":"repeat","background-position":"center center","background-size":"auto","background-attachment":"scroll","background-type":"","background-media":"","overlay-type":"","overlay-color":"","overlay-opacity":"","overlay-gradient":""},"tablet":{"background-color":"","background-image":"","background-repeat":"repeat","background-position":"center center","background-size":"auto","background-attachment":"scroll","background-type":"","background-media":"","overlay-type":"","overlay-color":"","overlay-opacity":"","overlay-gradient":""},"mobile":{"background-color":"","background-image":"","background-repeat":"repeat","background-position":"center center","background-size":"auto","background-attachment":"scroll","background-type":"","background-media":"","overlay-type":"","overlay-color":"","overlay-opacity":"","overlay-gradient":""}},"ast-content-background-meta":{"desktop":{"background-color":"var(--ast-global-color-5)","background-image":"","background-repeat":"repeat","background-position":"center center","background-size":"auto","background-attachment":"scroll","background-type":"","background-media":"","overlay-type":"","overlay-color":"","overlay-opacity":"","overlay-gradient":""},"tablet":{"background-color":"var(--ast-global-color-5)","background-image":"","background-repeat":"repeat","background-position":"center center","background-size":"auto","background-attachment":"scroll","background-type":"","background-media":"","overlay-type":"","overlay-color":"","overlay-opacity":"","overlay-gradient":""},"mobile":{"background-color":"var(--ast-global-color-5)","background-image":"","background-repeat":"repeat","background-position":"center center","background-size":"auto","background-attachment":"scroll","background-type":"","background-media":"","overlay-type":"","overlay-color":"","overlay-opacity":"","overlay-gradient":""}},"footnotes":""},"categories":[38,138,458,1,4],"tags":[],"class_list":["post-8228","post","type-post","status-publish","format-standard","has-post-thumbnail","hentry","category-educacio-infantil","category-els-nostres-projectes","category-espai-literari","category-general","category-portada"],"post_mailing_queue_ids":[],"_links":{"self":[{"href":"https:\/\/agora.xtec.cat\/ceip-fray-luis-leon\/wp-json\/wp\/v2\/posts\/8228","targetHints":{"allow":["GET"]}}],"collection":[{"href":"https:\/\/agora.xtec.cat\/ceip-fray-luis-leon\/wp-json\/wp\/v2\/posts"}],"about":[{"href":"https:\/\/agora.xtec.cat\/ceip-fray-luis-leon\/wp-json\/wp\/v2\/types\/post"}],"author":[{"embeddable":true,"href":"https:\/\/agora.xtec.cat\/ceip-fray-luis-leon\/wp-json\/wp\/v2\/users\/16"}],"replies":[{"embeddable":true,"href":"https:\/\/agora.xtec.cat\/ceip-fray-luis-leon\/wp-json\/wp\/v2\/comments?post=8228"}],"version-history":[{"count":2,"href":"https:\/\/agora.xtec.cat\/ceip-fray-luis-leon\/wp-json\/wp\/v2\/posts\/8228\/revisions"}],"predecessor-version":[{"id":8231,"href":"https:\/\/agora.xtec.cat\/ceip-fray-luis-leon\/wp-json\/wp\/v2\/posts\/8228\/revisions\/8231"}],"wp:featuredmedia":[{"embeddable":true,"href":"https:\/\/agora.xtec.cat\/ceip-fray-luis-leon\/wp-json\/wp\/v2\/media\/8229"}],"wp:attachment":[{"href":"https:\/\/agora.xtec.cat\/ceip-fray-luis-leon\/wp-json\/wp\/v2\/media?parent=8228"}],"wp:term":[{"taxonomy":"category","embeddable":true,"href":"https:\/\/agora.xtec.cat\/ceip-fray-luis-leon\/wp-json\/wp\/v2\/categories?post=8228"},{"taxonomy":"post_tag","embeddable":true,"href":"https:\/\/agora.xtec.cat\/ceip-fray-luis-leon\/wp-json\/wp\/v2\/tags?post=8228"}],"curies":[{"name":"wp","href":"https:\/\/api.w.org\/{rel}","templated":true}]}}