{"id":8139,"date":"2026-02-10T18:18:07","date_gmt":"2026-02-10T17:18:07","guid":{"rendered":"https:\/\/agora.xtec.cat\/ceip-fray-luis-leon\/?p=8139"},"modified":"2026-02-10T18:18:08","modified_gmt":"2026-02-10T17:18:08","slug":"espai-literari-especial-dia-de-la-pau","status":"publish","type":"post","link":"https:\/\/agora.xtec.cat\/ceip-fray-luis-leon\/general\/espai-literari-especial-dia-de-la-pau\/","title":{"rendered":"ESPAI LITERARI ESPECIAL DIA DE LA PAU"},"content":{"rendered":"\n<p>Avui tenim el plaer de presentar una edici\u00f3 molt especial del nostre <strong>Espai Literari<\/strong>, dedicat al <strong>Dia de la Pau<\/strong>.<\/p>\n\n\n\n<p>A trav\u00e9s de contes, poemes, reflexions i il\u00b7lustracions, l\u2019alumnat ha expressat qu\u00e8 significa la pau: el respecte, la conviv\u00e8ncia, l\u2019empatia, la solidaritat i el di\u00e0leg. Cada p\u00e0gina d\u2019aquesta revista ens convida a pensar, a sentir i a imaginar un m\u00f3n millor.<\/p>\n\n\n\n<p>L\u2019<em>Espai Literari<\/em> \u00e9s un lloc on les paraules prenen vida i on les idees del nostre alumnat es converteixen en missatges plens de valors. En aquesta edici\u00f3 especial, la literatura es transforma en una eina per promoure la pau, recordar la import\u00e0ncia de cuidar-nos els uns als altres i entendre que tots podem contribuir a fer del nostre entorn un lloc m\u00e9s just i amable.<\/p>\n\n\n\n<p>Esperem que aquest Espai Literari us faci reflexionar, emocionar i, sobretot, us animi a promoure la pau cada dia amb petits gestos.<\/p>\n\n\n\n<p>Gr\u00e0cies a tot l\u2019alumnat i professorat que ha fet possible aquesta edici\u00f3 tan especial. <\/p>\n\n\n\n<p>Atenci\u00f3! En aquesta edici\u00f3 teniu sorpreses en algunes p\u00e0gines, cliqueu a la seg\u00fcent imatge per descobrir-les: <\/p>\n\n\n\n<figure class=\"wp-block-image aligncenter size-medium\"><a href=\"https:\/\/heyzine.com\/flip-book\/901cc81222.html\"><img loading=\"lazy\" decoding=\"async\" width=\"212\" height=\"300\" src=\"https:\/\/agora.xtec.cat\/ceip-fray-luis-leon\/wp-content\/uploads\/usu900\/2026\/02\/25-26-ESPAI-LITERARI-11-212x300.png\" alt=\"\" class=\"wp-image-8140\" srcset=\"https:\/\/agora.xtec.cat\/ceip-fray-luis-leon\/wp-content\/uploads\/usu900\/2026\/02\/25-26-ESPAI-LITERARI-11-212x300.png 212w, https:\/\/agora.xtec.cat\/ceip-fray-luis-leon\/wp-content\/uploads\/usu900\/2026\/02\/25-26-ESPAI-LITERARI-11-724x1024.png 724w, https:\/\/agora.xtec.cat\/ceip-fray-luis-leon\/wp-content\/uploads\/usu900\/2026\/02\/25-26-ESPAI-LITERARI-11-768x1086.png 768w, https:\/\/agora.xtec.cat\/ceip-fray-luis-leon\/wp-content\/uploads\/usu900\/2026\/02\/25-26-ESPAI-LITERARI-11-1086x1536.png 1086w, https:\/\/agora.xtec.cat\/ceip-fray-luis-leon\/wp-content\/uploads\/usu900\/2026\/02\/25-26-ESPAI-LITERARI-11.png 1414w\" sizes=\"auto, (max-width: 212px) 100vw, 212px\" \/><\/a><\/figure>\n","protected":false},"excerpt":{"rendered":"<p>Descobriu la nova edici\u00f3 del nostre Espai Literari ple de sorpreses i molta creativitat.<\/p>\n","protected":false},"author":16,"featured_media":8140,"comment_status":"closed","ping_status":"open","sticky":false,"template":"","format":"standard","meta":{"_bbp_topic_count":0,"_bbp_reply_count":0,"_bbp_total_topic_count":0,"_bbp_total_reply_count":0,"_bbp_voice_count":0,"_bbp_anonymous_reply_count":0,"_bbp_topic_count_hidden":0,"_bbp_reply_count_hidden":0,"_bbp_forum_subforum_count":0,"site-sidebar-layout":"default","site-content-layout":"","ast-site-content-layout":"default","site-content-style":"default","site-sidebar-style":"default","ast-global-header-display":"","ast-banner-title-visibility":"","ast-main-header-display":"","ast-hfb-above-header-display":"","ast-hfb-below-header-display":"","ast-hfb-mobile-header-display":"","site-post-title":"","ast-breadcrumbs-content":"","ast-featured-img":"","footer-sml-layout":"","theme-transparent-header-meta":"","adv-header-id-meta":"","stick-header-meta":"","header-above-stick-meta":"","header-main-stick-meta":"","header-below-stick-meta":"","astra-migrate-meta-layouts":"set","ast-page-background-enabled":"default","ast-page-background-meta":{"desktop":{"background-color":"var(--ast-global-color-4)","background-image":"","background-repeat":"repeat","background-position":"center center","background-size":"auto","background-attachment":"scroll","background-type":"","background-media":"","overlay-type":"","overlay-color":"","overlay-opacity":"","overlay-gradient":""},"tablet":{"background-color":"","background-image":"","background-repeat":"repeat","background-position":"center center","background-size":"auto","background-attachment":"scroll","background-type":"","background-media":"","overlay-type":"","overlay-color":"","overlay-opacity":"","overlay-gradient":""},"mobile":{"background-color":"","background-image":"","background-repeat":"repeat","background-position":"center center","background-size":"auto","background-attachment":"scroll","background-type":"","background-media":"","overlay-type":"","overlay-color":"","overlay-opacity":"","overlay-gradient":""}},"ast-content-background-meta":{"desktop":{"background-color":"var(--ast-global-color-5)","background-image":"","background-repeat":"repeat","background-position":"center center","background-size":"auto","background-attachment":"scroll","background-type":"","background-media":"","overlay-type":"","overlay-color":"","overlay-opacity":"","overlay-gradient":""},"tablet":{"background-color":"var(--ast-global-color-5)","background-image":"","background-repeat":"repeat","background-position":"center center","background-size":"auto","background-attachment":"scroll","background-type":"","background-media":"","overlay-type":"","overlay-color":"","overlay-opacity":"","overlay-gradient":""},"mobile":{"background-color":"var(--ast-global-color-5)","background-image":"","background-repeat":"repeat","background-position":"center center","background-size":"auto","background-attachment":"scroll","background-type":"","background-media":"","overlay-type":"","overlay-color":"","overlay-opacity":"","overlay-gradient":""}},"footnotes":""},"categories":[138,458,28,1,2,4,5],"tags":[],"class_list":["post-8139","post","type-post","status-publish","format-standard","has-post-thumbnail","hentry","category-els-nostres-projectes","category-espai-literari","category-festes","category-general","category-infantil","category-portada","category-primaria"],"post_mailing_queue_ids":[],"_links":{"self":[{"href":"https:\/\/agora.xtec.cat\/ceip-fray-luis-leon\/wp-json\/wp\/v2\/posts\/8139","targetHints":{"allow":["GET"]}}],"collection":[{"href":"https:\/\/agora.xtec.cat\/ceip-fray-luis-leon\/wp-json\/wp\/v2\/posts"}],"about":[{"href":"https:\/\/agora.xtec.cat\/ceip-fray-luis-leon\/wp-json\/wp\/v2\/types\/post"}],"author":[{"embeddable":true,"href":"https:\/\/agora.xtec.cat\/ceip-fray-luis-leon\/wp-json\/wp\/v2\/users\/16"}],"replies":[{"embeddable":true,"href":"https:\/\/agora.xtec.cat\/ceip-fray-luis-leon\/wp-json\/wp\/v2\/comments?post=8139"}],"version-history":[{"count":2,"href":"https:\/\/agora.xtec.cat\/ceip-fray-luis-leon\/wp-json\/wp\/v2\/posts\/8139\/revisions"}],"predecessor-version":[{"id":8142,"href":"https:\/\/agora.xtec.cat\/ceip-fray-luis-leon\/wp-json\/wp\/v2\/posts\/8139\/revisions\/8142"}],"wp:featuredmedia":[{"embeddable":true,"href":"https:\/\/agora.xtec.cat\/ceip-fray-luis-leon\/wp-json\/wp\/v2\/media\/8140"}],"wp:attachment":[{"href":"https:\/\/agora.xtec.cat\/ceip-fray-luis-leon\/wp-json\/wp\/v2\/media?parent=8139"}],"wp:term":[{"taxonomy":"category","embeddable":true,"href":"https:\/\/agora.xtec.cat\/ceip-fray-luis-leon\/wp-json\/wp\/v2\/categories?post=8139"},{"taxonomy":"post_tag","embeddable":true,"href":"https:\/\/agora.xtec.cat\/ceip-fray-luis-leon\/wp-json\/wp\/v2\/tags?post=8139"}],"curies":[{"name":"wp","href":"https:\/\/api.w.org\/{rel}","templated":true}]}}