{"id":8133,"date":"2026-02-06T16:00:31","date_gmt":"2026-02-06T15:00:31","guid":{"rendered":"https:\/\/agora.xtec.cat\/ceip-fray-luis-leon\/?p=8133"},"modified":"2026-02-08T12:48:17","modified_gmt":"2026-02-08T11:48:17","slug":"tallers-artistics-cm","status":"publish","type":"post","link":"https:\/\/agora.xtec.cat\/ceip-fray-luis-leon\/general\/tallers-artistics-cm\/","title":{"rendered":"TALLERS ART\u00cdSTICS CM"},"content":{"rendered":"\n<p>A Cicle Mitj\u00e0, gaudim dels diferents tallers art\u00edstics on podem crear elaboracions molt originals amb diferents eines i materials i aprendre a trav\u00e9s de l\u2019expressi\u00f3 pl\u00e0stica i corporal.<\/p>\n\n\n\n<ul class=\"wp-block-list\">\n<li>Al taller de pintura experimenten amb el color i aconsegueixen unes produccions creatives.&nbsp;<\/li>\n\n\n\n<li>Al taller de fil i agulla aprenen a cosir amb diferents materials.&nbsp;<\/li>\n\n\n\n<li>Al taller de mandales hi ha diverses propostes amb plantilles i material variat.&nbsp;<\/li>\n\n\n\n<li>Al taller de Scratch s\u2019inicien a la programaci\u00f3 de forma divertida.&nbsp;<\/li>\n\n\n\n<li>A dansa i moviment aprenen a expressar-se amb la dansa.<\/li>\n\n\n\n<li>Al taller de modelatge, creen figures fent servir el fang i la plastilina.<\/li>\n<\/ul>\n\n\n\n<p>Si voleu descobrir m\u00e9s sobre els nostres tallers, cliqueu a la seg\u00fcent imatge:<\/p>\n\n\n\n<figure class=\"wp-block-image size-large\"><a href=\"https:\/\/drive.google.com\/file\/d\/1NvmMN4Oo7fqwI_PfCxU6E9UwIcq__bm3\/view?usp=drive_link\"><img loading=\"lazy\" decoding=\"async\" width=\"1024\" height=\"576\" src=\"https:\/\/agora.xtec.cat\/ceip-fray-luis-leon\/wp-content\/uploads\/usu900\/2026\/02\/TALLERS-ARTISTICS-CM-25-26-1024x576.png\" alt=\"\" class=\"wp-image-8134\" srcset=\"https:\/\/agora.xtec.cat\/ceip-fray-luis-leon\/wp-content\/uploads\/usu900\/2026\/02\/TALLERS-ARTISTICS-CM-25-26-1024x576.png 1024w, https:\/\/agora.xtec.cat\/ceip-fray-luis-leon\/wp-content\/uploads\/usu900\/2026\/02\/TALLERS-ARTISTICS-CM-25-26-300x169.png 300w, https:\/\/agora.xtec.cat\/ceip-fray-luis-leon\/wp-content\/uploads\/usu900\/2026\/02\/TALLERS-ARTISTICS-CM-25-26-768x432.png 768w, https:\/\/agora.xtec.cat\/ceip-fray-luis-leon\/wp-content\/uploads\/usu900\/2026\/02\/TALLERS-ARTISTICS-CM-25-26-1536x864.png 1536w, https:\/\/agora.xtec.cat\/ceip-fray-luis-leon\/wp-content\/uploads\/usu900\/2026\/02\/TALLERS-ARTISTICS-CM-25-26.png 1920w\" sizes=\"auto, (max-width: 1024px) 100vw, 1024px\" \/><\/a><\/figure>\n","protected":false},"excerpt":{"rendered":"<p>En aquest article podreu descobrir la part m\u00e9s art\u00edstica dels infants de P3 i P4.<\/p>\n","protected":false},"author":16,"featured_media":8134,"comment_status":"closed","ping_status":"open","sticky":false,"template":"","format":"standard","meta":{"_bbp_topic_count":0,"_bbp_reply_count":0,"_bbp_total_topic_count":0,"_bbp_total_reply_count":0,"_bbp_voice_count":0,"_bbp_anonymous_reply_count":0,"_bbp_topic_count_hidden":0,"_bbp_reply_count_hidden":0,"_bbp_forum_subforum_count":0,"site-sidebar-layout":"default","site-content-layout":"","ast-site-content-layout":"default","site-content-style":"default","site-sidebar-style":"default","ast-global-header-display":"","ast-banner-title-visibility":"","ast-main-header-display":"","ast-hfb-above-header-display":"","ast-hfb-below-header-display":"","ast-hfb-mobile-header-display":"","site-post-title":"","ast-breadcrumbs-content":"","ast-featured-img":"","footer-sml-layout":"","theme-transparent-header-meta":"","adv-header-id-meta":"","stick-header-meta":"","header-above-stick-meta":"","header-main-stick-meta":"","header-below-stick-meta":"","astra-migrate-meta-layouts":"set","ast-page-background-enabled":"default","ast-page-background-meta":{"desktop":{"background-color":"var(--ast-global-color-4)","background-image":"","background-repeat":"repeat","background-position":"center center","background-size":"auto","background-attachment":"scroll","background-type":"","background-media":"","overlay-type":"","overlay-color":"","overlay-opacity":"","overlay-gradient":""},"tablet":{"background-color":"","background-image":"","background-repeat":"repeat","background-position":"center center","background-size":"auto","background-attachment":"scroll","background-type":"","background-media":"","overlay-type":"","overlay-color":"","overlay-opacity":"","overlay-gradient":""},"mobile":{"background-color":"","background-image":"","background-repeat":"repeat","background-position":"center center","background-size":"auto","background-attachment":"scroll","background-type":"","background-media":"","overlay-type":"","overlay-color":"","overlay-opacity":"","overlay-gradient":""}},"ast-content-background-meta":{"desktop":{"background-color":"var(--ast-global-color-5)","background-image":"","background-repeat":"repeat","background-position":"center center","background-size":"auto","background-attachment":"scroll","background-type":"","background-media":"","overlay-type":"","overlay-color":"","overlay-opacity":"","overlay-gradient":""},"tablet":{"background-color":"var(--ast-global-color-5)","background-image":"","background-repeat":"repeat","background-position":"center center","background-size":"auto","background-attachment":"scroll","background-type":"","background-media":"","overlay-type":"","overlay-color":"","overlay-opacity":"","overlay-gradient":""},"mobile":{"background-color":"var(--ast-global-color-5)","background-image":"","background-repeat":"repeat","background-position":"center center","background-size":"auto","background-attachment":"scroll","background-type":"","background-media":"","overlay-type":"","overlay-color":"","overlay-opacity":"","overlay-gradient":""}},"footnotes":""},"categories":[36,138,1,60,59,35,4,5,34],"tags":[43,44,95],"class_list":["post-8133","post","type-post","status-publish","format-standard","has-post-thumbnail","hentry","category-cm","category-els-nostres-projectes","category-general","category-p3","category-p4","category-plastica","category-portada","category-primaria","category-tallers","tag-p3","tag-p4","tag-tallers"],"post_mailing_queue_ids":[],"_links":{"self":[{"href":"https:\/\/agora.xtec.cat\/ceip-fray-luis-leon\/wp-json\/wp\/v2\/posts\/8133","targetHints":{"allow":["GET"]}}],"collection":[{"href":"https:\/\/agora.xtec.cat\/ceip-fray-luis-leon\/wp-json\/wp\/v2\/posts"}],"about":[{"href":"https:\/\/agora.xtec.cat\/ceip-fray-luis-leon\/wp-json\/wp\/v2\/types\/post"}],"author":[{"embeddable":true,"href":"https:\/\/agora.xtec.cat\/ceip-fray-luis-leon\/wp-json\/wp\/v2\/users\/16"}],"replies":[{"embeddable":true,"href":"https:\/\/agora.xtec.cat\/ceip-fray-luis-leon\/wp-json\/wp\/v2\/comments?post=8133"}],"version-history":[{"count":4,"href":"https:\/\/agora.xtec.cat\/ceip-fray-luis-leon\/wp-json\/wp\/v2\/posts\/8133\/revisions"}],"predecessor-version":[{"id":8138,"href":"https:\/\/agora.xtec.cat\/ceip-fray-luis-leon\/wp-json\/wp\/v2\/posts\/8133\/revisions\/8138"}],"wp:featuredmedia":[{"embeddable":true,"href":"https:\/\/agora.xtec.cat\/ceip-fray-luis-leon\/wp-json\/wp\/v2\/media\/8134"}],"wp:attachment":[{"href":"https:\/\/agora.xtec.cat\/ceip-fray-luis-leon\/wp-json\/wp\/v2\/media?parent=8133"}],"wp:term":[{"taxonomy":"category","embeddable":true,"href":"https:\/\/agora.xtec.cat\/ceip-fray-luis-leon\/wp-json\/wp\/v2\/categories?post=8133"},{"taxonomy":"post_tag","embeddable":true,"href":"https:\/\/agora.xtec.cat\/ceip-fray-luis-leon\/wp-json\/wp\/v2\/tags?post=8133"}],"curies":[{"name":"wp","href":"https:\/\/api.w.org\/{rel}","templated":true}]}}