{"id":8110,"date":"2025-12-18T12:11:00","date_gmt":"2025-12-18T11:11:00","guid":{"rendered":"https:\/\/agora.xtec.cat\/ceip-fray-luis-leon\/?p=8110"},"modified":"2026-01-25T12:19:34","modified_gmt":"2026-01-25T11:19:34","slug":"taller-antoni-gaudi-i-vincent-van-gogh","status":"publish","type":"post","link":"https:\/\/agora.xtec.cat\/ceip-fray-luis-leon\/general\/taller-antoni-gaudi-i-vincent-van-gogh\/","title":{"rendered":"Taller: Antoni Gaud\u00ed i Vincent van Gogh"},"content":{"rendered":"\n<p>Els alumnes de Cicle Inicial han participat en un taller art\u00edstic dedicat a dos grans artistes: Antoni Gaud\u00ed i Vincent van Gogh. Aquesta activitat ha perm\u00e8s als infants apropar-se al m\u00f3n de l\u2019art d\u2019una manera vivencial i creativa.<\/p>\n\n\n\n<p>Els alumnes de primer s\u2019han apropat a l\u2019univers creatiu d\u2019Antoni Gaud\u00ed. Han conegut aspectes rellevants de la seva vida i del seu estil art\u00edstic, aix\u00ed com algunes de les seves creacions m\u00e9s emblem\u00e0tiques. A m\u00e9s, han descobert la t\u00e8cnica del <em>trencad\u00eds<\/em> i han creat les seves pr\u00f2pies composicions, fomentant la creativitat i el treball manual.<\/p>\n\n\n\n<p>Els alumnes de segon s\u2019han endinsat en la vida de Vincent van Gogh. Despr\u00e9s de con\u00e8ixer la seva hist\u00f2ria i algunes de les seves obres m\u00e9s conegudes, han pintat el quadre \u201cLa nit estelada\u201d, experimentant amb els colors, les formes i les emocions que transmet l\u2019artista.<\/p>\n\n\n\n<figure class=\"wp-block-image size-large\"><a href=\"https:\/\/agora.xtec.cat\/ceip-fray-luis-leon\/wp-content\/uploads\/usu900\/2026\/01\/Van-Gogh-i-Antoni-Gaudi-CI-png.jpeg\"><img loading=\"lazy\" decoding=\"async\" width=\"1024\" height=\"724\" src=\"https:\/\/agora.xtec.cat\/ceip-fray-luis-leon\/wp-content\/uploads\/usu900\/2026\/01\/Van-Gogh-i-Antoni-Gaudi-CI-png-1024x724.jpeg\" alt=\"\" class=\"wp-image-8111\" srcset=\"https:\/\/agora.xtec.cat\/ceip-fray-luis-leon\/wp-content\/uploads\/usu900\/2026\/01\/Van-Gogh-i-Antoni-Gaudi-CI-png-1024x724.jpeg 1024w, https:\/\/agora.xtec.cat\/ceip-fray-luis-leon\/wp-content\/uploads\/usu900\/2026\/01\/Van-Gogh-i-Antoni-Gaudi-CI-png-300x212.jpeg 300w, https:\/\/agora.xtec.cat\/ceip-fray-luis-leon\/wp-content\/uploads\/usu900\/2026\/01\/Van-Gogh-i-Antoni-Gaudi-CI-png-768x543.jpeg 768w, https:\/\/agora.xtec.cat\/ceip-fray-luis-leon\/wp-content\/uploads\/usu900\/2026\/01\/Van-Gogh-i-Antoni-Gaudi-CI-png-1536x1086.jpeg 1536w, https:\/\/agora.xtec.cat\/ceip-fray-luis-leon\/wp-content\/uploads\/usu900\/2026\/01\/Van-Gogh-i-Antoni-Gaudi-CI-png.jpeg 2000w\" sizes=\"auto, (max-width: 1024px) 100vw, 1024px\" \/><\/a><\/figure>\n","protected":false},"excerpt":{"rendered":"<p>Els alumnes de Cicle Inicial han participat en un taller art\u00edstic dedicat a dos grans artistes: Antoni Gaud\u00ed i Vincent van Gogh.<\/p>\n","protected":false},"author":3,"featured_media":8111,"comment_status":"closed","ping_status":"closed","sticky":false,"template":"","format":"standard","meta":{"_bbp_topic_count":0,"_bbp_reply_count":0,"_bbp_total_topic_count":0,"_bbp_total_reply_count":0,"_bbp_voice_count":0,"_bbp_anonymous_reply_count":0,"_bbp_topic_count_hidden":0,"_bbp_reply_count_hidden":0,"_bbp_forum_subforum_count":0,"site-sidebar-layout":"default","site-content-layout":"","ast-site-content-layout":"default","site-content-style":"default","site-sidebar-style":"default","ast-global-header-display":"","ast-banner-title-visibility":"","ast-main-header-display":"","ast-hfb-above-header-display":"","ast-hfb-below-header-display":"","ast-hfb-mobile-header-display":"","site-post-title":"","ast-breadcrumbs-content":"","ast-featured-img":"","footer-sml-layout":"","theme-transparent-header-meta":"","adv-header-id-meta":"","stick-header-meta":"","header-above-stick-meta":"","header-main-stick-meta":"","header-below-stick-meta":"","astra-migrate-meta-layouts":"set","ast-page-background-enabled":"default","ast-page-background-meta":{"desktop":{"background-color":"var(--ast-global-color-4)","background-image":"","background-repeat":"repeat","background-position":"center center","background-size":"auto","background-attachment":"scroll","background-type":"","background-media":"","overlay-type":"","overlay-color":"","overlay-opacity":"","overlay-gradient":""},"tablet":{"background-color":"","background-image":"","background-repeat":"repeat","background-position":"center center","background-size":"auto","background-attachment":"scroll","background-type":"","background-media":"","overlay-type":"","overlay-color":"","overlay-opacity":"","overlay-gradient":""},"mobile":{"background-color":"","background-image":"","background-repeat":"repeat","background-position":"center center","background-size":"auto","background-attachment":"scroll","background-type":"","background-media":"","overlay-type":"","overlay-color":"","overlay-opacity":"","overlay-gradient":""}},"ast-content-background-meta":{"desktop":{"background-color":"var(--ast-global-color-5)","background-image":"","background-repeat":"repeat","background-position":"center center","background-size":"auto","background-attachment":"scroll","background-type":"","background-media":"","overlay-type":"","overlay-color":"","overlay-opacity":"","overlay-gradient":""},"tablet":{"background-color":"var(--ast-global-color-5)","background-image":"","background-repeat":"repeat","background-position":"center center","background-size":"auto","background-attachment":"scroll","background-type":"","background-media":"","overlay-type":"","overlay-color":"","overlay-opacity":"","overlay-gradient":""},"mobile":{"background-color":"var(--ast-global-color-5)","background-image":"","background-repeat":"repeat","background-position":"center center","background-size":"auto","background-attachment":"scroll","background-type":"","background-media":"","overlay-type":"","overlay-color":"","overlay-opacity":"","overlay-gradient":""}},"footnotes":""},"categories":[499,138,1,62,4,5,34],"tags":[145,283],"class_list":["post-8110","post","type-post","status-publish","format-standard","has-post-thumbnail","hentry","category-cicle-inicial","category-els-nostres-projectes","category-general","category-p1","category-portada","category-primaria","category-tallers","tag-art","tag-creativitat"],"post_mailing_queue_ids":[],"_links":{"self":[{"href":"https:\/\/agora.xtec.cat\/ceip-fray-luis-leon\/wp-json\/wp\/v2\/posts\/8110","targetHints":{"allow":["GET"]}}],"collection":[{"href":"https:\/\/agora.xtec.cat\/ceip-fray-luis-leon\/wp-json\/wp\/v2\/posts"}],"about":[{"href":"https:\/\/agora.xtec.cat\/ceip-fray-luis-leon\/wp-json\/wp\/v2\/types\/post"}],"author":[{"embeddable":true,"href":"https:\/\/agora.xtec.cat\/ceip-fray-luis-leon\/wp-json\/wp\/v2\/users\/3"}],"replies":[{"embeddable":true,"href":"https:\/\/agora.xtec.cat\/ceip-fray-luis-leon\/wp-json\/wp\/v2\/comments?post=8110"}],"version-history":[{"count":1,"href":"https:\/\/agora.xtec.cat\/ceip-fray-luis-leon\/wp-json\/wp\/v2\/posts\/8110\/revisions"}],"predecessor-version":[{"id":8112,"href":"https:\/\/agora.xtec.cat\/ceip-fray-luis-leon\/wp-json\/wp\/v2\/posts\/8110\/revisions\/8112"}],"wp:featuredmedia":[{"embeddable":true,"href":"https:\/\/agora.xtec.cat\/ceip-fray-luis-leon\/wp-json\/wp\/v2\/media\/8111"}],"wp:attachment":[{"href":"https:\/\/agora.xtec.cat\/ceip-fray-luis-leon\/wp-json\/wp\/v2\/media?parent=8110"}],"wp:term":[{"taxonomy":"category","embeddable":true,"href":"https:\/\/agora.xtec.cat\/ceip-fray-luis-leon\/wp-json\/wp\/v2\/categories?post=8110"},{"taxonomy":"post_tag","embeddable":true,"href":"https:\/\/agora.xtec.cat\/ceip-fray-luis-leon\/wp-json\/wp\/v2\/tags?post=8110"}],"curies":[{"name":"wp","href":"https:\/\/api.w.org\/{rel}","templated":true}]}}