{"id":8017,"date":"2025-12-11T19:18:24","date_gmt":"2025-12-11T18:18:24","guid":{"rendered":"https:\/\/agora.xtec.cat\/ceip-fray-luis-leon\/?p=8017"},"modified":"2025-12-11T19:18:24","modified_gmt":"2025-12-11T18:18:24","slug":"tallers-de-llengua-mates-de-cm","status":"publish","type":"post","link":"https:\/\/agora.xtec.cat\/ceip-fray-luis-leon\/general\/tallers-de-llengua-mates-de-cm\/","title":{"rendered":"TALLERS DE LLENGUA-MATES DE CM"},"content":{"rendered":"<p>A cicle mitj\u00e0 realitzem uns tallers de llengua i matem\u00e0tiques pensats per refor\u00e7ar i desenvolupar habilitats b\u00e0siques a trav\u00e9s d\u2019activitats variades, motivadores i properes als interessos de l\u2019alumnat.<\/p>\n<p>Treballem en petits grups, fet que ens permet atendre millor cada infant i adaptar les propostes al seu ritme i necessitat. Els tallers s\u2019organitzen per blocs de compet\u00e8ncies i inclouen:<\/p>\n<p>\ud83d\udd39 Comprensi\u00f3<\/p>\n<p>Activitats per entendre textos, instruccions i situacions matem\u00e0tiques, des de jocs de lectura fins a reptes de problemes reals.<\/p>\n<p>\ud83d\udd39 Raonament<\/p>\n<p>Propostes que fomenten pensar, fer hip\u00f2tesis, comparar i buscar estrat\u00e8gies, tant en llengua com en matem\u00e0tiques.<\/p>\n<p>\ud83d\udd39 Percepci\u00f3 i orientaci\u00f3<\/p>\n<p>Jocs i activitats manipulatives que treballen la percepci\u00f3 visual, l\u2019orientaci\u00f3 espacial i la interpretaci\u00f3 d\u2019informaci\u00f3.<\/p>\n<p>\ud83d\udd39 Ortografia i vocabulari<\/p>\n<p>Din\u00e0miques l\u00fadiques per millorar l\u2019escriptura, ampliar vocabulari i refor\u00e7ar aspectes normatius de manera natural i significativa.<\/p>\n<p>Els tallers combinen activitats l\u00fadiques, manipulatives i aut\u00f2nomes, que permeten a l\u2019alumnat experimentar, descobrir i aprendre d\u2019una manera m\u00e9s viva. Aquesta forma de treball afavoreix la cooperaci\u00f3, l\u2019autoconfian\u00e7a i la consolidaci\u00f3 de conceptes d\u2019una manera molt m\u00e9s funcional.<\/p>\n<p>Cada infant treballa durant dues setmanes algun dels \u00e0mbits esmentats, i en l\u2019\u00faltima sessi\u00f3 fa una petita autoavaluaci\u00f3 per prendre consci\u00e8ncia sobre qu\u00e8 ha apr\u00e8s, com ha treballat i qu\u00e8 pot millorar.<\/p>\n<p>Aqu\u00ed teniu algunes imatges sobre els tallers de llengua-mates de CM:<\/p>\n<p><a href=\"https:\/\/drive.google.com\/file\/d\/10cHjToSYwi_D_YuK5VSKbaKnZW0UKqXF\/view?usp=drive_link\"><img loading=\"lazy\" decoding=\"async\" class=\"alignnone size-medium wp-image-8018\" src=\"https:\/\/agora.xtec.cat\/ceip-fray-luis-leon\/wp-content\/uploads\/usu900\/2025\/12\/TALLERS-LLENGUA-MATES-CM-300x169.jpg\" alt=\"\" width=\"300\" height=\"169\" srcset=\"https:\/\/agora.xtec.cat\/ceip-fray-luis-leon\/wp-content\/uploads\/usu900\/2025\/12\/TALLERS-LLENGUA-MATES-CM-300x169.jpg 300w, https:\/\/agora.xtec.cat\/ceip-fray-luis-leon\/wp-content\/uploads\/usu900\/2025\/12\/TALLERS-LLENGUA-MATES-CM-1024x576.jpg 1024w, https:\/\/agora.xtec.cat\/ceip-fray-luis-leon\/wp-content\/uploads\/usu900\/2025\/12\/TALLERS-LLENGUA-MATES-CM-768x432.jpg 768w, https:\/\/agora.xtec.cat\/ceip-fray-luis-leon\/wp-content\/uploads\/usu900\/2025\/12\/TALLERS-LLENGUA-MATES-CM-1536x864.jpg 1536w, https:\/\/agora.xtec.cat\/ceip-fray-luis-leon\/wp-content\/uploads\/usu900\/2025\/12\/TALLERS-LLENGUA-MATES-CM.jpg 1920w\" sizes=\"auto, (max-width: 300px) 100vw, 300px\" \/><\/a><\/p>\n<p>&nbsp;<\/p>\n<p><!--a=1--><!--a=1--><\/p>\n","protected":false},"excerpt":{"rendered":"<p>Us presentem un petit tastet dels tallers de llengua-mates de CM per dintre.<\/p>\n","protected":false},"author":16,"featured_media":8018,"comment_status":"closed","ping_status":"open","sticky":false,"template":"","format":"standard","meta":{"_bbp_topic_count":0,"_bbp_reply_count":0,"_bbp_total_topic_count":0,"_bbp_total_reply_count":0,"_bbp_voice_count":0,"_bbp_anonymous_reply_count":0,"_bbp_topic_count_hidden":0,"_bbp_reply_count_hidden":0,"_bbp_forum_subforum_count":0,"site-sidebar-layout":"default","site-content-layout":"","ast-site-content-layout":"default","site-content-style":"default","site-sidebar-style":"default","ast-global-header-display":"","ast-banner-title-visibility":"","ast-main-header-display":"","ast-hfb-above-header-display":"","ast-hfb-below-header-display":"","ast-hfb-mobile-header-display":"","site-post-title":"","ast-breadcrumbs-content":"","ast-featured-img":"","footer-sml-layout":"","theme-transparent-header-meta":"default","adv-header-id-meta":"","stick-header-meta":"","header-above-stick-meta":"","header-main-stick-meta":"","header-below-stick-meta":"","astra-migrate-meta-layouts":"set","ast-page-background-enabled":"default","ast-page-background-meta":{"desktop":{"background-color":"var(--ast-global-color-4)","background-image":"","background-repeat":"repeat","background-position":"center center","background-size":"auto","background-attachment":"scroll","background-type":"","background-media":"","overlay-type":"","overlay-color":"","overlay-opacity":"","overlay-gradient":""},"tablet":{"background-color":"","background-image":"","background-repeat":"repeat","background-position":"center center","background-size":"auto","background-attachment":"scroll","background-type":"","background-media":"","overlay-type":"","overlay-color":"","overlay-opacity":"","overlay-gradient":""},"mobile":{"background-color":"","background-image":"","background-repeat":"repeat","background-position":"center center","background-size":"auto","background-attachment":"scroll","background-type":"","background-media":"","overlay-type":"","overlay-color":"","overlay-opacity":"","overlay-gradient":""}},"ast-content-background-meta":{"desktop":{"background-color":"var(--ast-global-color-5)","background-image":"","background-repeat":"repeat","background-position":"center center","background-size":"auto","background-attachment":"scroll","background-type":"","background-media":"","overlay-type":"","overlay-color":"","overlay-opacity":"","overlay-gradient":""},"tablet":{"background-color":"var(--ast-global-color-5)","background-image":"","background-repeat":"repeat","background-position":"center center","background-size":"auto","background-attachment":"scroll","background-type":"","background-media":"","overlay-type":"","overlay-color":"","overlay-opacity":"","overlay-gradient":""},"mobile":{"background-color":"var(--ast-global-color-5)","background-image":"","background-repeat":"repeat","background-position":"center center","background-size":"auto","background-attachment":"scroll","background-type":"","background-media":"","overlay-type":"","overlay-color":"","overlay-opacity":"","overlay-gradient":""}},"footnotes":""},"categories":[36,1,60,59,4,5,34],"tags":[],"class_list":["post-8017","post","type-post","status-publish","format-standard","has-post-thumbnail","hentry","category-cm","category-general","category-p3","category-p4","category-portada","category-primaria","category-tallers"],"post_mailing_queue_ids":[],"_links":{"self":[{"href":"https:\/\/agora.xtec.cat\/ceip-fray-luis-leon\/wp-json\/wp\/v2\/posts\/8017","targetHints":{"allow":["GET"]}}],"collection":[{"href":"https:\/\/agora.xtec.cat\/ceip-fray-luis-leon\/wp-json\/wp\/v2\/posts"}],"about":[{"href":"https:\/\/agora.xtec.cat\/ceip-fray-luis-leon\/wp-json\/wp\/v2\/types\/post"}],"author":[{"embeddable":true,"href":"https:\/\/agora.xtec.cat\/ceip-fray-luis-leon\/wp-json\/wp\/v2\/users\/16"}],"replies":[{"embeddable":true,"href":"https:\/\/agora.xtec.cat\/ceip-fray-luis-leon\/wp-json\/wp\/v2\/comments?post=8017"}],"version-history":[{"count":1,"href":"https:\/\/agora.xtec.cat\/ceip-fray-luis-leon\/wp-json\/wp\/v2\/posts\/8017\/revisions"}],"predecessor-version":[{"id":8019,"href":"https:\/\/agora.xtec.cat\/ceip-fray-luis-leon\/wp-json\/wp\/v2\/posts\/8017\/revisions\/8019"}],"wp:featuredmedia":[{"embeddable":true,"href":"https:\/\/agora.xtec.cat\/ceip-fray-luis-leon\/wp-json\/wp\/v2\/media\/8018"}],"wp:attachment":[{"href":"https:\/\/agora.xtec.cat\/ceip-fray-luis-leon\/wp-json\/wp\/v2\/media?parent=8017"}],"wp:term":[{"taxonomy":"category","embeddable":true,"href":"https:\/\/agora.xtec.cat\/ceip-fray-luis-leon\/wp-json\/wp\/v2\/categories?post=8017"},{"taxonomy":"post_tag","embeddable":true,"href":"https:\/\/agora.xtec.cat\/ceip-fray-luis-leon\/wp-json\/wp\/v2\/tags?post=8017"}],"curies":[{"name":"wp","href":"https:\/\/api.w.org\/{rel}","templated":true}]}}