{"id":7924,"date":"2025-11-26T12:53:39","date_gmt":"2025-11-26T11:53:39","guid":{"rendered":"https:\/\/agora.xtec.cat\/ceip-fray-luis-leon\/?p=7924"},"modified":"2025-11-26T12:53:39","modified_gmt":"2025-11-26T11:53:39","slug":"p3-visita-llocs-dinteres-de-santa-coloma","status":"publish","type":"post","link":"https:\/\/agora.xtec.cat\/ceip-fray-luis-leon\/general\/p3-visita-llocs-dinteres-de-santa-coloma\/","title":{"rendered":"P3 visita llocs d&#8217;inter\u00e8s de Santa Coloma"},"content":{"rendered":"<p style=\"text-align: justify;\"><span style=\"font-weight: 400;\">Els infants de P3 estem treballant Santa Coloma de Gramenet a medi. Hem situat la nostra ciutat al mapa, hem compartit llocs que coneixem i hem descobert d\u2019altres que haurem de visitar perqu\u00e8 s\u00f3n molt interessants. Tamb\u00e9 hem treballat les dist\u00e0ncies i hem utilitzat diferents aplicacions (Google Earth i Google Maps) per situar-nos i per fer localitzacions en els mapes. Finalment, hem fet un petit itinerari per llocs d\u2019inter\u00e8s de la nostra ciutat i que estan a prop de la nostra escola. Hem gaudit molt de recorregut.\u00a0<\/span><\/p>\n<p style=\"text-align: justify;\">\n<p style=\"text-align: justify;\"><span style=\"font-weight: 400;\">Si voleu saber on hem estat, cliqueu en la seg\u00fcent imatge:<\/span><\/p>\n<p style=\"text-align: justify;\"><a href=\"https:\/\/drive.google.com\/file\/d\/1xlUxqNST4QfEeAjfl_2tE30JlDFJEFVu\/view?usp=drive_link\"><img loading=\"lazy\" decoding=\"async\" class=\"alignnone size-medium wp-image-7925\" src=\"https:\/\/agora.xtec.cat\/ceip-fray-luis-leon\/wp-content\/uploads\/usu900\/2025\/11\/LLOCS-DINTERES-SANTA-COLOMA-P3-300x169.jpg\" alt=\"\" width=\"300\" height=\"169\" srcset=\"https:\/\/agora.xtec.cat\/ceip-fray-luis-leon\/wp-content\/uploads\/usu900\/2025\/11\/LLOCS-DINTERES-SANTA-COLOMA-P3-300x169.jpg 300w, https:\/\/agora.xtec.cat\/ceip-fray-luis-leon\/wp-content\/uploads\/usu900\/2025\/11\/LLOCS-DINTERES-SANTA-COLOMA-P3-1024x576.jpg 1024w, https:\/\/agora.xtec.cat\/ceip-fray-luis-leon\/wp-content\/uploads\/usu900\/2025\/11\/LLOCS-DINTERES-SANTA-COLOMA-P3-768x432.jpg 768w, https:\/\/agora.xtec.cat\/ceip-fray-luis-leon\/wp-content\/uploads\/usu900\/2025\/11\/LLOCS-DINTERES-SANTA-COLOMA-P3-1536x864.jpg 1536w, https:\/\/agora.xtec.cat\/ceip-fray-luis-leon\/wp-content\/uploads\/usu900\/2025\/11\/LLOCS-DINTERES-SANTA-COLOMA-P3.jpg 1920w\" sizes=\"auto, (max-width: 300px) 100vw, 300px\" \/><\/a><\/p>\n<p><!--a=1--><\/p>\n","protected":false},"excerpt":{"rendered":"<p>Acompanyeu-nos a fer una visita pels llocs d&#8217;inter\u00e8s de Santa Coloma<\/p>\n","protected":false},"author":16,"featured_media":7926,"comment_status":"closed","ping_status":"open","sticky":false,"template":"","format":"standard","meta":{"_bbp_topic_count":0,"_bbp_reply_count":0,"_bbp_total_topic_count":0,"_bbp_total_reply_count":0,"_bbp_voice_count":0,"_bbp_anonymous_reply_count":0,"_bbp_topic_count_hidden":0,"_bbp_reply_count_hidden":0,"_bbp_forum_subforum_count":0,"site-sidebar-layout":"default","site-content-layout":"","ast-site-content-layout":"","site-content-style":"default","site-sidebar-style":"default","ast-global-header-display":"","ast-banner-title-visibility":"","ast-main-header-display":"","ast-hfb-above-header-display":"","ast-hfb-below-header-display":"","ast-hfb-mobile-header-display":"","site-post-title":"","ast-breadcrumbs-content":"","ast-featured-img":"","footer-sml-layout":"","theme-transparent-header-meta":"","adv-header-id-meta":"","stick-header-meta":"","header-above-stick-meta":"","header-main-stick-meta":"","header-below-stick-meta":"","astra-migrate-meta-layouts":"default","ast-page-background-enabled":"default","ast-page-background-meta":{"desktop":{"background-color":"var(--ast-global-color-4)","background-image":"","background-repeat":"repeat","background-position":"center center","background-size":"auto","background-attachment":"scroll","background-type":"","background-media":"","overlay-type":"","overlay-color":"","overlay-opacity":"","overlay-gradient":""},"tablet":{"background-color":"","background-image":"","background-repeat":"repeat","background-position":"center center","background-size":"auto","background-attachment":"scroll","background-type":"","background-media":"","overlay-type":"","overlay-color":"","overlay-opacity":"","overlay-gradient":""},"mobile":{"background-color":"","background-image":"","background-repeat":"repeat","background-position":"center center","background-size":"auto","background-attachment":"scroll","background-type":"","background-media":"","overlay-type":"","overlay-color":"","overlay-opacity":"","overlay-gradient":""}},"ast-content-background-meta":{"desktop":{"background-color":"var(--ast-global-color-5)","background-image":"","background-repeat":"repeat","background-position":"center center","background-size":"auto","background-attachment":"scroll","background-type":"","background-media":"","overlay-type":"","overlay-color":"","overlay-opacity":"","overlay-gradient":""},"tablet":{"background-color":"var(--ast-global-color-5)","background-image":"","background-repeat":"repeat","background-position":"center center","background-size":"auto","background-attachment":"scroll","background-type":"","background-media":"","overlay-type":"","overlay-color":"","overlay-opacity":"","overlay-gradient":""},"mobile":{"background-color":"var(--ast-global-color-5)","background-image":"","background-repeat":"repeat","background-position":"center center","background-size":"auto","background-attachment":"scroll","background-type":"","background-media":"","overlay-type":"","overlay-color":"","overlay-opacity":"","overlay-gradient":""}},"footnotes":""},"categories":[138,1,60,4,5,30,423],"tags":[],"class_list":["post-7924","post","type-post","status-publish","format-standard","has-post-thumbnail","hentry","category-els-nostres-projectes","category-general","category-p3","category-portada","category-primaria","category-projectes","category-sortides"],"post_mailing_queue_ids":[],"_links":{"self":[{"href":"https:\/\/agora.xtec.cat\/ceip-fray-luis-leon\/wp-json\/wp\/v2\/posts\/7924","targetHints":{"allow":["GET"]}}],"collection":[{"href":"https:\/\/agora.xtec.cat\/ceip-fray-luis-leon\/wp-json\/wp\/v2\/posts"}],"about":[{"href":"https:\/\/agora.xtec.cat\/ceip-fray-luis-leon\/wp-json\/wp\/v2\/types\/post"}],"author":[{"embeddable":true,"href":"https:\/\/agora.xtec.cat\/ceip-fray-luis-leon\/wp-json\/wp\/v2\/users\/16"}],"replies":[{"embeddable":true,"href":"https:\/\/agora.xtec.cat\/ceip-fray-luis-leon\/wp-json\/wp\/v2\/comments?post=7924"}],"version-history":[{"count":2,"href":"https:\/\/agora.xtec.cat\/ceip-fray-luis-leon\/wp-json\/wp\/v2\/posts\/7924\/revisions"}],"predecessor-version":[{"id":7928,"href":"https:\/\/agora.xtec.cat\/ceip-fray-luis-leon\/wp-json\/wp\/v2\/posts\/7924\/revisions\/7928"}],"wp:featuredmedia":[{"embeddable":true,"href":"https:\/\/agora.xtec.cat\/ceip-fray-luis-leon\/wp-json\/wp\/v2\/media\/7926"}],"wp:attachment":[{"href":"https:\/\/agora.xtec.cat\/ceip-fray-luis-leon\/wp-json\/wp\/v2\/media?parent=7924"}],"wp:term":[{"taxonomy":"category","embeddable":true,"href":"https:\/\/agora.xtec.cat\/ceip-fray-luis-leon\/wp-json\/wp\/v2\/categories?post=7924"},{"taxonomy":"post_tag","embeddable":true,"href":"https:\/\/agora.xtec.cat\/ceip-fray-luis-leon\/wp-json\/wp\/v2\/tags?post=7924"}],"curies":[{"name":"wp","href":"https:\/\/api.w.org\/{rel}","templated":true}]}}