{"id":7880,"date":"2025-11-04T15:19:20","date_gmt":"2025-11-04T14:19:20","guid":{"rendered":"https:\/\/agora.xtec.cat\/ceip-fray-luis-leon\/?p=7880"},"modified":"2025-11-17T20:03:23","modified_gmt":"2025-11-17T19:03:23","slug":"coneguem-la-flora-del-besos-p4","status":"publish","type":"post","link":"https:\/\/agora.xtec.cat\/ceip-fray-luis-leon\/general\/coneguem-la-flora-del-besos-p4\/","title":{"rendered":"CONEGUEM LA FLORA DEL BES\u00d2S P4"},"content":{"rendered":"<p align=\"justify\">El passat dimecres 29 d\u2019octubre, l\u2019alumnat de P4 va anar a l\u2019aula de ci\u00e8ncies Isabel Mu\u00f1oz del parc de Can Zam, per con\u00e8ixer la diversitat de flora que hi viu a la riba del Bes\u00f2s. Ens van explicar el proc\u00e9s de transformaci\u00f3 del riu, fins a esdevenir de nou un riu net i ple de vida.<\/p>\n<p align=\"justify\">Per acabar, vam realitzar treball de camp per identificar algunes de les principals plantes aut\u00f2ctones que hi trobem en els voltants del parc. Ens va agradar molt l\u2019experi\u00e8ncia. Ara podem recon\u00e8ixer la flora que hi trobem a la vora del riu Bes\u00f2s.<\/p>\n<p align=\"justify\">Cliqueu en la seg\u00fcent imatge si voleu descobrir qu\u00e8 vam fer:<\/p>\n<p align=\"justify\"><a href=\"https:\/\/drive.google.com\/file\/d\/1QerFJ_-dKNgLtPMMAl0XVnBYrVQaEqzT\/view?usp=drive_link\"><img loading=\"lazy\" decoding=\"async\" class=\"size-medium wp-image-7881 aligncenter\" src=\"https:\/\/agora.xtec.cat\/ceip-fray-luis-leon\/wp-content\/uploads\/usu900\/2025\/11\/Presentacion-Proyecto-Naturaleza-Hojas-Acuarela-Organica-Bonito-Verde-300x169.png\" alt=\"\" width=\"300\" height=\"169\" srcset=\"https:\/\/agora.xtec.cat\/ceip-fray-luis-leon\/wp-content\/uploads\/usu900\/2025\/11\/Presentacion-Proyecto-Naturaleza-Hojas-Acuarela-Organica-Bonito-Verde-300x169.png 300w, https:\/\/agora.xtec.cat\/ceip-fray-luis-leon\/wp-content\/uploads\/usu900\/2025\/11\/Presentacion-Proyecto-Naturaleza-Hojas-Acuarela-Organica-Bonito-Verde-1024x576.png 1024w, https:\/\/agora.xtec.cat\/ceip-fray-luis-leon\/wp-content\/uploads\/usu900\/2025\/11\/Presentacion-Proyecto-Naturaleza-Hojas-Acuarela-Organica-Bonito-Verde-768x432.png 768w, https:\/\/agora.xtec.cat\/ceip-fray-luis-leon\/wp-content\/uploads\/usu900\/2025\/11\/Presentacion-Proyecto-Naturaleza-Hojas-Acuarela-Organica-Bonito-Verde-1536x864.png 1536w, https:\/\/agora.xtec.cat\/ceip-fray-luis-leon\/wp-content\/uploads\/usu900\/2025\/11\/Presentacion-Proyecto-Naturaleza-Hojas-Acuarela-Organica-Bonito-Verde.png 1920w\" sizes=\"auto, (max-width: 300px) 100vw, 300px\" \/><\/a><\/p>\n<p><!--a=1--><\/p>\n<p><!--a=1--><\/p>\n<p><!--a=1--><\/p>\n<p><!--a=1--><\/p>\n<p><!--a=1--><\/p>\n<p><!--a=1--><\/p>\n<p><!--a=1--><\/p>\n<p><!--a=1--><\/p>\n<p><!--a=1--><\/p>\n<p><!--a=1--><\/p>\n","protected":false},"excerpt":{"rendered":"<p>El passat dimecres 29 d\u2019octubre, l\u2019alumnat de P4 va anar a l\u2019aula de ci\u00e8ncies Isabel Mu\u00f1oz del parc de Can Zam, per con\u00e8ixer la diversitat de flora que hi viu a la riba del Bes\u00f2s. Ens van explicar el proc\u00e9s de transformaci\u00f3 del riu, fins a esdevenir de nou un riu net i ple de [&hellip;]<\/p>\n","protected":false},"author":16,"featured_media":7895,"comment_status":"closed","ping_status":"open","sticky":false,"template":"","format":"standard","meta":{"_bbp_topic_count":0,"_bbp_reply_count":0,"_bbp_total_topic_count":0,"_bbp_total_reply_count":0,"_bbp_voice_count":0,"_bbp_anonymous_reply_count":0,"_bbp_topic_count_hidden":0,"_bbp_reply_count_hidden":0,"_bbp_forum_subforum_count":0,"site-sidebar-layout":"default","site-content-layout":"","ast-site-content-layout":"","site-content-style":"default","site-sidebar-style":"default","ast-global-header-display":"","ast-banner-title-visibility":"","ast-main-header-display":"","ast-hfb-above-header-display":"","ast-hfb-below-header-display":"","ast-hfb-mobile-header-display":"","site-post-title":"","ast-breadcrumbs-content":"","ast-featured-img":"","footer-sml-layout":"","theme-transparent-header-meta":"","adv-header-id-meta":"","stick-header-meta":"","header-above-stick-meta":"","header-main-stick-meta":"","header-below-stick-meta":"","astra-migrate-meta-layouts":"default","ast-page-background-enabled":"default","ast-page-background-meta":{"desktop":{"background-color":"var(--ast-global-color-4)","background-image":"","background-repeat":"repeat","background-position":"center center","background-size":"auto","background-attachment":"scroll","background-type":"","background-media":"","overlay-type":"","overlay-color":"","overlay-opacity":"","overlay-gradient":""},"tablet":{"background-color":"","background-image":"","background-repeat":"repeat","background-position":"center center","background-size":"auto","background-attachment":"scroll","background-type":"","background-media":"","overlay-type":"","overlay-color":"","overlay-opacity":"","overlay-gradient":""},"mobile":{"background-color":"","background-image":"","background-repeat":"repeat","background-position":"center center","background-size":"auto","background-attachment":"scroll","background-type":"","background-media":"","overlay-type":"","overlay-color":"","overlay-opacity":"","overlay-gradient":""}},"ast-content-background-meta":{"desktop":{"background-color":"var(--ast-global-color-5)","background-image":"","background-repeat":"repeat","background-position":"center center","background-size":"auto","background-attachment":"scroll","background-type":"","background-media":"","overlay-type":"","overlay-color":"","overlay-opacity":"","overlay-gradient":""},"tablet":{"background-color":"var(--ast-global-color-5)","background-image":"","background-repeat":"repeat","background-position":"center center","background-size":"auto","background-attachment":"scroll","background-type":"","background-media":"","overlay-type":"","overlay-color":"","overlay-opacity":"","overlay-gradient":""},"mobile":{"background-color":"var(--ast-global-color-5)","background-image":"","background-repeat":"repeat","background-position":"center center","background-size":"auto","background-attachment":"scroll","background-type":"","background-media":"","overlay-type":"","overlay-color":"","overlay-opacity":"","overlay-gradient":""}},"footnotes":""},"categories":[1,59,4,5,30],"tags":[],"class_list":["post-7880","post","type-post","status-publish","format-standard","has-post-thumbnail","hentry","category-general","category-p4","category-portada","category-primaria","category-projectes"],"post_mailing_queue_ids":[],"_links":{"self":[{"href":"https:\/\/agora.xtec.cat\/ceip-fray-luis-leon\/wp-json\/wp\/v2\/posts\/7880","targetHints":{"allow":["GET"]}}],"collection":[{"href":"https:\/\/agora.xtec.cat\/ceip-fray-luis-leon\/wp-json\/wp\/v2\/posts"}],"about":[{"href":"https:\/\/agora.xtec.cat\/ceip-fray-luis-leon\/wp-json\/wp\/v2\/types\/post"}],"author":[{"embeddable":true,"href":"https:\/\/agora.xtec.cat\/ceip-fray-luis-leon\/wp-json\/wp\/v2\/users\/16"}],"replies":[{"embeddable":true,"href":"https:\/\/agora.xtec.cat\/ceip-fray-luis-leon\/wp-json\/wp\/v2\/comments?post=7880"}],"version-history":[{"count":6,"href":"https:\/\/agora.xtec.cat\/ceip-fray-luis-leon\/wp-json\/wp\/v2\/posts\/7880\/revisions"}],"predecessor-version":[{"id":7901,"href":"https:\/\/agora.xtec.cat\/ceip-fray-luis-leon\/wp-json\/wp\/v2\/posts\/7880\/revisions\/7901"}],"wp:featuredmedia":[{"embeddable":true,"href":"https:\/\/agora.xtec.cat\/ceip-fray-luis-leon\/wp-json\/wp\/v2\/media\/7895"}],"wp:attachment":[{"href":"https:\/\/agora.xtec.cat\/ceip-fray-luis-leon\/wp-json\/wp\/v2\/media?parent=7880"}],"wp:term":[{"taxonomy":"category","embeddable":true,"href":"https:\/\/agora.xtec.cat\/ceip-fray-luis-leon\/wp-json\/wp\/v2\/categories?post=7880"},{"taxonomy":"post_tag","embeddable":true,"href":"https:\/\/agora.xtec.cat\/ceip-fray-luis-leon\/wp-json\/wp\/v2\/tags?post=7880"}],"curies":[{"name":"wp","href":"https:\/\/api.w.org\/{rel}","templated":true}]}}