{"id":7838,"date":"2025-11-13T17:45:40","date_gmt":"2025-11-13T16:45:40","guid":{"rendered":"https:\/\/agora.xtec.cat\/ceip-fray-luis-leon\/?p=7838"},"modified":"2025-11-13T17:48:05","modified_gmt":"2025-11-13T16:48:05","slug":"espai-literari-no8-el-primer-del-curs-25-26","status":"publish","type":"post","link":"https:\/\/agora.xtec.cat\/ceip-fray-luis-leon\/general\/espai-literari-no8-el-primer-del-curs-25-26\/","title":{"rendered":"Espai Literari n\u00ba8, el primer del curs 25-26"},"content":{"rendered":"<p data-start=\"326\" data-end=\"536\">Ja torna a ser aqu\u00ed <strong data-start=\"358\" data-end=\"390\">primer Espai Literi del curs<\/strong>, el n\u00famero 8 i el primer del curs 25-26. En aquesta ocasi\u00f3, han estat <strong data-start=\"567\" data-end=\"598\">els nens i nenes de P3 i P6<\/strong> els i les protagonistes.<\/p>\n<ul>\n<li data-start=\"326\" data-end=\"536\">L&#8217;alumnat de <strong data-start=\"633\" data-end=\"643\">P3<\/strong>\u00a0ens han presentat el <strong data-start=\"665\" data-end=\"698\">projecte del nom de la classe<\/strong>, fruit d\u2019un treball d\u2019investigaci\u00f3, cooperaci\u00f3 i creativitat que els ha ajudat a construir la seva identitat de grup.<\/li>\n<li data-start=\"326\" data-end=\"536\"><span style=\"font-family: inherit; font-size: 1em;\">Per la seva banda, els grups de <\/span><strong style=\"font-family: inherit; font-size: 1em;\" data-start=\"1001\" data-end=\"1009\">P6<\/strong><span style=\"font-family: inherit; font-size: 1em;\">\u00a0ens han fet tremolar amb els seus <\/span><strong style=\"font-family: inherit; font-size: 1em;\" data-start=\"1044\" data-end=\"1061\">contes de por<\/strong><span style=\"font-family: inherit; font-size: 1em;\">, plens de misteri, intriga i girs inesperats! A trav\u00e9s d\u2019aquest projecte literari, han explorat el g\u00e8nere narratiu i han treballat la descripci\u00f3, el di\u00e0leg i l\u2019\u00fas de recursos expressius per crear ambient i emoci\u00f3.<\/span><\/li>\n<\/ul>\n<p data-start=\"1279\" data-end=\"1507\">Aquest Espai Literari ha estat una gran oportunitat per <strong data-start=\"1333\" data-end=\"1383\">fomentar el gust per la lectura i l\u2019escriptura<\/strong>, per compartir l\u2019esfor\u00e7 i la creativitat de tots els infants i, sobretot, per gaudir plegats de la m\u00e0gia de les paraules. Felicitats a tots i totes per la feina feta!<\/p>\n<p data-start=\"1509\" data-end=\"1594\">Cliqueu a la imatge per gaudir de n\u00ba8 de l&#8217;Espai Literari del Fray.<\/p>\n<p data-start=\"1509\" data-end=\"1594\"><a href=\"https:\/\/heyzine.com\/flip-book\/20d9ec4ef4.html\"><img loading=\"lazy\" decoding=\"async\" class=\"alignnone size-thumbnail wp-image-7839\" src=\"https:\/\/agora.xtec.cat\/ceip-fray-luis-leon\/wp-content\/uploads\/usu900\/2025\/11\/25-26-ESPAI-LITERARI-8-150x150.png\" alt=\"\" width=\"150\" height=\"150\" \/><\/a><\/p>\n<p><!--a=1--><\/p>\n<p><!--a=1--><\/p>\n<p><!--a=1--><\/p>\n","protected":false},"excerpt":{"rendered":"<p>Ei! Ja ha tornat l&#8217;Espai Literari! Esperem que gaudiu molt de totes les creacions<\/p>\n","protected":false},"author":16,"featured_media":7839,"comment_status":"closed","ping_status":"open","sticky":false,"template":"","format":"standard","meta":{"_bbp_topic_count":0,"_bbp_reply_count":0,"_bbp_total_topic_count":0,"_bbp_total_reply_count":0,"_bbp_voice_count":0,"_bbp_anonymous_reply_count":0,"_bbp_topic_count_hidden":0,"_bbp_reply_count_hidden":0,"_bbp_forum_subforum_count":0,"site-sidebar-layout":"default","site-content-layout":"","ast-site-content-layout":"","site-content-style":"default","site-sidebar-style":"default","ast-global-header-display":"","ast-banner-title-visibility":"","ast-main-header-display":"","ast-hfb-above-header-display":"","ast-hfb-below-header-display":"","ast-hfb-mobile-header-display":"","site-post-title":"","ast-breadcrumbs-content":"","ast-featured-img":"","footer-sml-layout":"","theme-transparent-header-meta":"","adv-header-id-meta":"","stick-header-meta":"","header-above-stick-meta":"","header-main-stick-meta":"","header-below-stick-meta":"","astra-migrate-meta-layouts":"default","ast-page-background-enabled":"default","ast-page-background-meta":{"desktop":{"background-color":"var(--ast-global-color-4)","background-image":"","background-repeat":"repeat","background-position":"center center","background-size":"auto","background-attachment":"scroll","background-type":"","background-media":"","overlay-type":"","overlay-color":"","overlay-opacity":"","overlay-gradient":""},"tablet":{"background-color":"","background-image":"","background-repeat":"repeat","background-position":"center center","background-size":"auto","background-attachment":"scroll","background-type":"","background-media":"","overlay-type":"","overlay-color":"","overlay-opacity":"","overlay-gradient":""},"mobile":{"background-color":"","background-image":"","background-repeat":"repeat","background-position":"center center","background-size":"auto","background-attachment":"scroll","background-type":"","background-media":"","overlay-type":"","overlay-color":"","overlay-opacity":"","overlay-gradient":""}},"ast-content-background-meta":{"desktop":{"background-color":"var(--ast-global-color-5)","background-image":"","background-repeat":"repeat","background-position":"center center","background-size":"auto","background-attachment":"scroll","background-type":"","background-media":"","overlay-type":"","overlay-color":"","overlay-opacity":"","overlay-gradient":""},"tablet":{"background-color":"var(--ast-global-color-5)","background-image":"","background-repeat":"repeat","background-position":"center center","background-size":"auto","background-attachment":"scroll","background-type":"","background-media":"","overlay-type":"","overlay-color":"","overlay-opacity":"","overlay-gradient":""},"mobile":{"background-color":"var(--ast-global-color-5)","background-image":"","background-repeat":"repeat","background-position":"center center","background-size":"auto","background-attachment":"scroll","background-type":"","background-media":"","overlay-type":"","overlay-color":"","overlay-opacity":"","overlay-gradient":""}},"footnotes":""},"categories":[138,458,1,60,57,4,5],"tags":[],"class_list":["post-7838","post","type-post","status-publish","format-standard","has-post-thumbnail","hentry","category-els-nostres-projectes","category-espai-literari","category-general","category-p3","category-p6","category-portada","category-primaria"],"post_mailing_queue_ids":[],"_links":{"self":[{"href":"https:\/\/agora.xtec.cat\/ceip-fray-luis-leon\/wp-json\/wp\/v2\/posts\/7838","targetHints":{"allow":["GET"]}}],"collection":[{"href":"https:\/\/agora.xtec.cat\/ceip-fray-luis-leon\/wp-json\/wp\/v2\/posts"}],"about":[{"href":"https:\/\/agora.xtec.cat\/ceip-fray-luis-leon\/wp-json\/wp\/v2\/types\/post"}],"author":[{"embeddable":true,"href":"https:\/\/agora.xtec.cat\/ceip-fray-luis-leon\/wp-json\/wp\/v2\/users\/16"}],"replies":[{"embeddable":true,"href":"https:\/\/agora.xtec.cat\/ceip-fray-luis-leon\/wp-json\/wp\/v2\/comments?post=7838"}],"version-history":[{"count":3,"href":"https:\/\/agora.xtec.cat\/ceip-fray-luis-leon\/wp-json\/wp\/v2\/posts\/7838\/revisions"}],"predecessor-version":[{"id":7842,"href":"https:\/\/agora.xtec.cat\/ceip-fray-luis-leon\/wp-json\/wp\/v2\/posts\/7838\/revisions\/7842"}],"wp:featuredmedia":[{"embeddable":true,"href":"https:\/\/agora.xtec.cat\/ceip-fray-luis-leon\/wp-json\/wp\/v2\/media\/7839"}],"wp:attachment":[{"href":"https:\/\/agora.xtec.cat\/ceip-fray-luis-leon\/wp-json\/wp\/v2\/media?parent=7838"}],"wp:term":[{"taxonomy":"category","embeddable":true,"href":"https:\/\/agora.xtec.cat\/ceip-fray-luis-leon\/wp-json\/wp\/v2\/categories?post=7838"},{"taxonomy":"post_tag","embeddable":true,"href":"https:\/\/agora.xtec.cat\/ceip-fray-luis-leon\/wp-json\/wp\/v2\/tags?post=7838"}],"curies":[{"name":"wp","href":"https:\/\/api.w.org\/{rel}","templated":true}]}}