{"id":7832,"date":"2025-11-03T07:04:35","date_gmt":"2025-11-03T06:04:35","guid":{"rendered":"https:\/\/agora.xtec.cat\/ceip-fray-luis-leon\/?p=7832"},"modified":"2025-11-17T07:09:26","modified_gmt":"2025-11-17T06:09:26","slug":"trobada-pedagogica-amb-families-di3","status":"publish","type":"post","link":"https:\/\/agora.xtec.cat\/ceip-fray-luis-leon\/general\/trobada-pedagogica-amb-families-di3\/","title":{"rendered":"Trobada pedag\u00f2gica amb fam\u00edlies d&#8217;I3"},"content":{"rendered":"<p style=\"text-align: justify;\"><span style=\"font-weight: 400;\">Fa uns dies vam portar a terme la trobada pedag\u00f2gica d\u2019I3. En aquestes reunions oferim un espai amb les fam\u00edlies per compartir inquietuds i expectatives del nou cam\u00ed que comencem junts. S\u00f3n un moment clau per con\u00e8ixer-nos, entendre el funcionament de l\u2019aula i establir una relaci\u00f3 de confian\u00e7a entre fam\u00edlia i escola.<\/span><\/p>\n<p style=\"text-align: justify;\"><span style=\"font-weight: 400;\">A trav\u00e9s d\u2019aquestes trobades, donem veu a les fam\u00edlies, presentem l\u2019equip docent i compartim la manera com treballem amb l\u2019alumnat. L\u2019objectiu \u00e9s construir plegats un entorn proper, positiu i col\u00b7laboratiu que acompanyi els nens i nenes en aquesta nova etapa d\u2019aprenentatge i descoberta.<\/span><\/p>\n<p style=\"text-align: justify;\"><span style=\"font-weight: 400;\">Les fam\u00edlies assistents van participar en la creaci\u00f3 d\u2019una teranyina simb\u00f2lica que representa la xarxa de vincles i col\u00b7laboraci\u00f3 amb l\u2019escola. Va ser un moment molt emotiu. <\/span><\/p>\n<p style=\"text-align: justify;\"><span style=\"font-weight: 400;\">En finalitzar la reuni\u00f3 van escriure un missatge sorpresa pels seus fills i filles que quedar\u00e0 per sempre de record d&#8217;aquestes primeres setmanes a l&#8217;escola.<\/span><\/p>\n<p style=\"text-align: justify;\"><span style=\"font-weight: 400;\">Gr\u00e0cies per la vostra assist\u00e8ncia! Feu clic a la imatge per veure algun dels moments de la trobada.<\/span><\/p>\n<p><a href=\"https:\/\/drive.google.com\/file\/d\/1SpHUClo7hM8Lf3gd6xTHx7hRm6_JmviP\/view?usp=drive_link\" target=\"_blank\" rel=\"noopener\"><img loading=\"lazy\" decoding=\"async\" class=\"aligncenter wp-image-7835\" src=\"https:\/\/agora.xtec.cat\/ceip-fray-luis-leon\/wp-content\/uploads\/usu900\/2025\/11\/TROBADES-PEDAGOGIQUES-I3-1.jpg\" alt=\"\" width=\"603\" height=\"339\" srcset=\"https:\/\/agora.xtec.cat\/ceip-fray-luis-leon\/wp-content\/uploads\/usu900\/2025\/11\/TROBADES-PEDAGOGIQUES-I3-1.jpg 960w, https:\/\/agora.xtec.cat\/ceip-fray-luis-leon\/wp-content\/uploads\/usu900\/2025\/11\/TROBADES-PEDAGOGIQUES-I3-1-300x169.jpg 300w, https:\/\/agora.xtec.cat\/ceip-fray-luis-leon\/wp-content\/uploads\/usu900\/2025\/11\/TROBADES-PEDAGOGIQUES-I3-1-768x432.jpg 768w\" sizes=\"auto, (max-width: 603px) 100vw, 603px\" \/><\/a><\/p>\n","protected":false},"excerpt":{"rendered":"<p>Fa uns dies vam portar a terme la trobada pedag\u00f2gica d\u2019I3 on oferim un espai amb les fam\u00edlies per compartir inquietuds i expectatives del nou cam\u00ed que comencem.<\/p>\n","protected":false},"author":3,"featured_media":7834,"comment_status":"closed","ping_status":"open","sticky":false,"template":"","format":"standard","meta":{"_bbp_topic_count":0,"_bbp_reply_count":0,"_bbp_total_topic_count":0,"_bbp_total_reply_count":0,"_bbp_voice_count":0,"_bbp_anonymous_reply_count":0,"_bbp_topic_count_hidden":0,"_bbp_reply_count_hidden":0,"_bbp_forum_subforum_count":0,"site-sidebar-layout":"default","site-content-layout":"","ast-site-content-layout":"","site-content-style":"default","site-sidebar-style":"default","ast-global-header-display":"","ast-banner-title-visibility":"","ast-main-header-display":"","ast-hfb-above-header-display":"","ast-hfb-below-header-display":"","ast-hfb-mobile-header-display":"","site-post-title":"","ast-breadcrumbs-content":"","ast-featured-img":"","footer-sml-layout":"","theme-transparent-header-meta":"","adv-header-id-meta":"","stick-header-meta":"","header-above-stick-meta":"","header-main-stick-meta":"","header-below-stick-meta":"","astra-migrate-meta-layouts":"default","ast-page-background-enabled":"default","ast-page-background-meta":{"desktop":{"background-color":"var(--ast-global-color-4)","background-image":"","background-repeat":"repeat","background-position":"center center","background-size":"auto","background-attachment":"scroll","background-type":"","background-media":"","overlay-type":"","overlay-color":"","overlay-opacity":"","overlay-gradient":""},"tablet":{"background-color":"","background-image":"","background-repeat":"repeat","background-position":"center center","background-size":"auto","background-attachment":"scroll","background-type":"","background-media":"","overlay-type":"","overlay-color":"","overlay-opacity":"","overlay-gradient":""},"mobile":{"background-color":"","background-image":"","background-repeat":"repeat","background-position":"center center","background-size":"auto","background-attachment":"scroll","background-type":"","background-media":"","overlay-type":"","overlay-color":"","overlay-opacity":"","overlay-gradient":""}},"ast-content-background-meta":{"desktop":{"background-color":"var(--ast-global-color-5)","background-image":"","background-repeat":"repeat","background-position":"center center","background-size":"auto","background-attachment":"scroll","background-type":"","background-media":"","overlay-type":"","overlay-color":"","overlay-opacity":"","overlay-gradient":""},"tablet":{"background-color":"var(--ast-global-color-5)","background-image":"","background-repeat":"repeat","background-position":"center center","background-size":"auto","background-attachment":"scroll","background-type":"","background-media":"","overlay-type":"","overlay-color":"","overlay-opacity":"","overlay-gradient":""},"mobile":{"background-color":"var(--ast-global-color-5)","background-image":"","background-repeat":"repeat","background-position":"center center","background-size":"auto","background-attachment":"scroll","background-type":"","background-media":"","overlay-type":"","overlay-color":"","overlay-opacity":"","overlay-gradient":""}},"footnotes":""},"categories":[1,54,2,4],"tags":[354,449],"class_list":["post-7832","post","type-post","status-publish","format-standard","has-post-thumbnail","hentry","category-general","category-i3","category-infantil","category-portada","tag-families","tag-trobades-pedagogiques"],"post_mailing_queue_ids":[],"_links":{"self":[{"href":"https:\/\/agora.xtec.cat\/ceip-fray-luis-leon\/wp-json\/wp\/v2\/posts\/7832","targetHints":{"allow":["GET"]}}],"collection":[{"href":"https:\/\/agora.xtec.cat\/ceip-fray-luis-leon\/wp-json\/wp\/v2\/posts"}],"about":[{"href":"https:\/\/agora.xtec.cat\/ceip-fray-luis-leon\/wp-json\/wp\/v2\/types\/post"}],"author":[{"embeddable":true,"href":"https:\/\/agora.xtec.cat\/ceip-fray-luis-leon\/wp-json\/wp\/v2\/users\/3"}],"replies":[{"embeddable":true,"href":"https:\/\/agora.xtec.cat\/ceip-fray-luis-leon\/wp-json\/wp\/v2\/comments?post=7832"}],"version-history":[{"count":5,"href":"https:\/\/agora.xtec.cat\/ceip-fray-luis-leon\/wp-json\/wp\/v2\/posts\/7832\/revisions"}],"predecessor-version":[{"id":7894,"href":"https:\/\/agora.xtec.cat\/ceip-fray-luis-leon\/wp-json\/wp\/v2\/posts\/7832\/revisions\/7894"}],"wp:featuredmedia":[{"embeddable":true,"href":"https:\/\/agora.xtec.cat\/ceip-fray-luis-leon\/wp-json\/wp\/v2\/media\/7834"}],"wp:attachment":[{"href":"https:\/\/agora.xtec.cat\/ceip-fray-luis-leon\/wp-json\/wp\/v2\/media?parent=7832"}],"wp:term":[{"taxonomy":"category","embeddable":true,"href":"https:\/\/agora.xtec.cat\/ceip-fray-luis-leon\/wp-json\/wp\/v2\/categories?post=7832"},{"taxonomy":"post_tag","embeddable":true,"href":"https:\/\/agora.xtec.cat\/ceip-fray-luis-leon\/wp-json\/wp\/v2\/tags?post=7832"}],"curies":[{"name":"wp","href":"https:\/\/api.w.org\/{rel}","templated":true}]}}