{"id":7781,"date":"2025-07-09T13:58:02","date_gmt":"2025-07-09T11:58:02","guid":{"rendered":"https:\/\/agora.xtec.cat\/ceip-fray-luis-leon\/?p=7781"},"modified":"2025-07-09T14:01:39","modified_gmt":"2025-07-09T12:01:39","slug":"val-escolar","status":"publish","type":"post","link":"https:\/\/agora.xtec.cat\/ceip-fray-luis-leon\/general\/val-escolar\/","title":{"rendered":"Informaci\u00f3 Vals escolars"},"content":{"rendered":"<p><a href=\"https:\/\/agora.xtec.cat\/ceip-fray-luis-leon\/wp-content\/uploads\/usu900\/2025\/07\/val-gran-1.png\"><img loading=\"lazy\" decoding=\"async\" class=\"alignnone wp-image-7784\" src=\"https:\/\/agora.xtec.cat\/ceip-fray-luis-leon\/wp-content\/uploads\/usu900\/2025\/07\/val-gran-1.png\" alt=\"\" width=\"1258\" height=\"325\" srcset=\"https:\/\/agora.xtec.cat\/ceip-fray-luis-leon\/wp-content\/uploads\/usu900\/2025\/07\/val-gran-1.png 1464w, https:\/\/agora.xtec.cat\/ceip-fray-luis-leon\/wp-content\/uploads\/usu900\/2025\/07\/val-gran-1-300x77.png 300w, https:\/\/agora.xtec.cat\/ceip-fray-luis-leon\/wp-content\/uploads\/usu900\/2025\/07\/val-gran-1-1024x264.png 1024w, https:\/\/agora.xtec.cat\/ceip-fray-luis-leon\/wp-content\/uploads\/usu900\/2025\/07\/val-gran-1-768x198.png 768w\" sizes=\"auto, (max-width: 1258px) 100vw, 1258px\" \/><\/a><\/p>\n<p><span style=\"font-weight: 400;\">Aquest estiu rebreu a casa <\/span><b>dos vals escolar de 30 euros cadascun<\/b><span style=\"font-weight: 400;\"> per comprar material escolar i que s\u2019adre\u00e7a a les fam\u00edlies amb alumnes que el curs 2025-2026 facin prim\u00e0ria o secund\u00e0ria.\u00a0<\/span><\/p>\n<p><span style=\"font-weight: 400;\">Els vals <\/span><span style=\"font-weight: 400;\">es podran bescanviar en els establiments comercials adherits a la campanya o <\/span><b>es poden cedir a l\u2019escola<\/b><span style=\"font-weight: 400;\"> per reduir l\u2019aportaci\u00f3 de les fam\u00edlies a la quota de material del curs. <\/span><span style=\"font-weight: 400;\">L&#8217;opci\u00f3 de cedir els vals al centre educatiu estar\u00e0 activa fins al <\/span><b>19 de setembre de 2025.<\/b><\/p>\n<p><span style=\"font-weight: 400;\">Us adjuntem una mica d\u2019informaci\u00f3:\u00a0<\/span><\/p>\n<table>\n<tbody>\n<tr>\n<td><span style=\"font-weight: 400;\">Podeu <\/span><b>activar els vals<\/b><span style=\"font-weight: 400;\"> al web<\/span> <a href=\"http:\/\/www.valescolar.cat\"><span style=\"font-weight: 400;\">www.valescolar.cat<\/span><\/a><span style=\"font-weight: 400;\"> (a partir del 16 de juny)<\/span><\/td>\n<\/tr>\n<tr>\n<td><span style=\"font-weight: 400;\">L<\/span><b>&#8216;identificador de l&#8217;alumne<\/b><span style=\"font-weight: 400;\"> el podeu trobar a l&#8217;informe escolar. Si no el trobeu o teniu dubtes envieu un email a l&#8217;escola <\/span><a href=\"mailto:a8032300@xtec.cat\"><span style=\"font-weight: 400;\">a8032300@xtec.cat<\/span><\/a><span style=\"font-weight: 400;\"> (escriviu el nom del vostre fill\/a i curs).<\/span><\/td>\n<\/tr>\n<tr>\n<td><b>Material que es pot comprar:<\/b><span style=\"font-weight: 400;\"> elements d\u2019escriptura, material de papereria, llibres de text, petits instruments musicals, estoig, motxilles, calculadores, auriculars, teclats i ratolins, jocs educatius, llibres de lectura, quaderns d\u2019estiu, etc.\u00a0<\/span><\/td>\n<\/tr>\n<\/tbody>\n<\/table>\n<ul>\n<li><span style=\"font-weight: 400;\">L\u2019alumnat que fa actualment P6 ha de comprovar que cedeix els vals al seu institut de refer\u00e8ncia.\u00a0<\/span><\/li>\n<li>L\u2019<strong>alumnat d\u2019infantil i P1<\/strong> que aquest curs ha estat beneficiari de la subvenci\u00f3 de motxilles escolars no ha de fer el pagament de la quota de material i sortides (ni cedir els vals escolars, en el cas de l\u2019alumnat de P1).<\/li>\n<li><strong>Fam\u00edlies de Prim\u00e0ria:<\/strong> si heu optat per transferir el val escolar al centre haureu de descomptar aquest import del segon pagament de la quota. Recordeu que per cedir a l&#8217;escola els vals escolars nom\u00e9s hi ha fins al 19 de setembre.<\/li>\n<\/ul>\n<p><span style=\"font-weight: 400;\">Escola Fray Luis de Le\u00f3n<\/span><\/p>\n<p>&nbsp;<\/p>\n","protected":false},"excerpt":{"rendered":"<p>Aquest estiu rebreu a casa dos vals escolar de 30 euros cadascun per comprar material escolar i que s\u2019adre\u00e7a a les fam\u00edlies amb alumnes que el curs 2025-2026 facin prim\u00e0ria o secund\u00e0ria.<\/p>\n","protected":false},"author":7,"featured_media":7783,"comment_status":"closed","ping_status":"open","sticky":false,"template":"","format":"standard","meta":{"_bbp_topic_count":0,"_bbp_reply_count":0,"_bbp_total_topic_count":0,"_bbp_total_reply_count":0,"_bbp_voice_count":0,"_bbp_anonymous_reply_count":0,"_bbp_topic_count_hidden":0,"_bbp_reply_count_hidden":0,"_bbp_forum_subforum_count":0,"site-sidebar-layout":"default","site-content-layout":"","ast-site-content-layout":"","site-content-style":"default","site-sidebar-style":"default","ast-global-header-display":"","ast-banner-title-visibility":"","ast-main-header-display":"","ast-hfb-above-header-display":"","ast-hfb-below-header-display":"","ast-hfb-mobile-header-display":"","site-post-title":"","ast-breadcrumbs-content":"","ast-featured-img":"","footer-sml-layout":"","theme-transparent-header-meta":"","adv-header-id-meta":"","stick-header-meta":"","header-above-stick-meta":"","header-main-stick-meta":"","header-below-stick-meta":"","astra-migrate-meta-layouts":"default","ast-page-background-enabled":"default","ast-page-background-meta":{"desktop":{"background-color":"var(--ast-global-color-4)","background-image":"","background-repeat":"repeat","background-position":"center center","background-size":"auto","background-attachment":"scroll","background-type":"","background-media":"","overlay-type":"","overlay-color":"","overlay-opacity":"","overlay-gradient":""},"tablet":{"background-color":"","background-image":"","background-repeat":"repeat","background-position":"center center","background-size":"auto","background-attachment":"scroll","background-type":"","background-media":"","overlay-type":"","overlay-color":"","overlay-opacity":"","overlay-gradient":""},"mobile":{"background-color":"","background-image":"","background-repeat":"repeat","background-position":"center center","background-size":"auto","background-attachment":"scroll","background-type":"","background-media":"","overlay-type":"","overlay-color":"","overlay-opacity":"","overlay-gradient":""}},"ast-content-background-meta":{"desktop":{"background-color":"var(--ast-global-color-5)","background-image":"","background-repeat":"repeat","background-position":"center center","background-size":"auto","background-attachment":"scroll","background-type":"","background-media":"","overlay-type":"","overlay-color":"","overlay-opacity":"","overlay-gradient":""},"tablet":{"background-color":"var(--ast-global-color-5)","background-image":"","background-repeat":"repeat","background-position":"center center","background-size":"auto","background-attachment":"scroll","background-type":"","background-media":"","overlay-type":"","overlay-color":"","overlay-opacity":"","overlay-gradient":""},"mobile":{"background-color":"var(--ast-global-color-5)","background-image":"","background-repeat":"repeat","background-position":"center center","background-size":"auto","background-attachment":"scroll","background-type":"","background-media":"","overlay-type":"","overlay-color":"","overlay-opacity":"","overlay-gradient":""}},"footnotes":""},"categories":[1,4],"tags":[],"class_list":["post-7781","post","type-post","status-publish","format-standard","has-post-thumbnail","hentry","category-general","category-portada"],"post_mailing_queue_ids":[],"_links":{"self":[{"href":"https:\/\/agora.xtec.cat\/ceip-fray-luis-leon\/wp-json\/wp\/v2\/posts\/7781","targetHints":{"allow":["GET"]}}],"collection":[{"href":"https:\/\/agora.xtec.cat\/ceip-fray-luis-leon\/wp-json\/wp\/v2\/posts"}],"about":[{"href":"https:\/\/agora.xtec.cat\/ceip-fray-luis-leon\/wp-json\/wp\/v2\/types\/post"}],"author":[{"embeddable":true,"href":"https:\/\/agora.xtec.cat\/ceip-fray-luis-leon\/wp-json\/wp\/v2\/users\/7"}],"replies":[{"embeddable":true,"href":"https:\/\/agora.xtec.cat\/ceip-fray-luis-leon\/wp-json\/wp\/v2\/comments?post=7781"}],"version-history":[{"count":3,"href":"https:\/\/agora.xtec.cat\/ceip-fray-luis-leon\/wp-json\/wp\/v2\/posts\/7781\/revisions"}],"predecessor-version":[{"id":7789,"href":"https:\/\/agora.xtec.cat\/ceip-fray-luis-leon\/wp-json\/wp\/v2\/posts\/7781\/revisions\/7789"}],"wp:featuredmedia":[{"embeddable":true,"href":"https:\/\/agora.xtec.cat\/ceip-fray-luis-leon\/wp-json\/wp\/v2\/media\/7783"}],"wp:attachment":[{"href":"https:\/\/agora.xtec.cat\/ceip-fray-luis-leon\/wp-json\/wp\/v2\/media?parent=7781"}],"wp:term":[{"taxonomy":"category","embeddable":true,"href":"https:\/\/agora.xtec.cat\/ceip-fray-luis-leon\/wp-json\/wp\/v2\/categories?post=7781"},{"taxonomy":"post_tag","embeddable":true,"href":"https:\/\/agora.xtec.cat\/ceip-fray-luis-leon\/wp-json\/wp\/v2\/tags?post=7781"}],"curies":[{"name":"wp","href":"https:\/\/api.w.org\/{rel}","templated":true}]}}