{"id":7642,"date":"2025-04-24T07:30:12","date_gmt":"2025-04-24T05:30:12","guid":{"rendered":"https:\/\/agora.xtec.cat\/ceip-fray-luis-leon\/?p=7642"},"modified":"2025-04-25T07:32:09","modified_gmt":"2025-04-25T05:32:09","slug":"colonies-a-can-riera-de-ciuret-p2-i-p4","status":"publish","type":"post","link":"https:\/\/agora.xtec.cat\/ceip-fray-luis-leon\/portada\/colonies-a-can-riera-de-ciuret-p2-i-p4\/","title":{"rendered":"Col\u00f2nies a Can Riera de Ciuret- P2 i P4"},"content":{"rendered":"<p style=\"text-align: justify;\"><span style=\"font-weight: 400;\">El 3 i 4 d\u2019abril, els infants de P2 i P4 han gaudit d\u2019unes experi\u00e8ncies i aventures \u00faniques a la casa de col\u00f2nies Can Riera de Ciuret al Montseny. Han pogut compartir activitats a l\u2019aire lliure, en contacte amb la natura, amb molta emoci\u00f3 i diversi\u00f3.<\/span><\/p>\n<p style=\"text-align: justify;\"><span style=\"font-weight: 400;\">L\u2019alumnat de P2 van fer l\u2019activitat \u201cEl follet del bosc\u201d amb gimcanes, excursions, jocs de nit i disco. Pel que fa a l\u2019alumnat de P4, van fer l\u2019activitat \u201cFibl\u00f3, l\u2019aventurer\u201d que volia resoldre un misteri que l\u2019havia fet voltar pel m\u00f3n durant 10 anys. Per ajudar-lo, els infants van fer una ruta per la muntanya i el riu, tirolina i escalada, van resoldre reptes i van fer jocs de nit i disco.<\/span><\/p>\n<p style=\"text-align: justify;\"><span style=\"font-weight: 400;\">Aquestes col\u00f2nies han fomentat la descoberta i el respecte de l\u2019entorn i la conviv\u00e8ncia amb els companys i companyes, monitors i monitores i mestres. Han estat moments intensos i molt satisfactoris. Feu clic a la imatge per veure alguns moments de l&#8217;experi\u00e8ncia.<\/span><\/p>\n<p style=\"text-align: justify;\"><span style=\"font-weight: 400;\"> <a href=\"https:\/\/drive.google.com\/file\/d\/1YAK9F_tEdo5KMhohIwysjJfkk_6FNkE4\/view?usp=sharing\" target=\"_blank\" rel=\"noopener\"><img loading=\"lazy\" decoding=\"async\" class=\"aligncenter wp-image-7644\" src=\"https:\/\/agora.xtec.cat\/ceip-fray-luis-leon\/wp-content\/uploads\/usu900\/2025\/04\/COLONIES-CAN-RIERA-DE-CIURET-1.jpg\" alt=\"\" width=\"571\" height=\"321\" srcset=\"https:\/\/agora.xtec.cat\/ceip-fray-luis-leon\/wp-content\/uploads\/usu900\/2025\/04\/COLONIES-CAN-RIERA-DE-CIURET-1.jpg 640w, https:\/\/agora.xtec.cat\/ceip-fray-luis-leon\/wp-content\/uploads\/usu900\/2025\/04\/COLONIES-CAN-RIERA-DE-CIURET-1-300x169.jpg 300w\" sizes=\"auto, (max-width: 571px) 100vw, 571px\" \/><\/a><\/span><\/p>\n","protected":false},"excerpt":{"rendered":"<p>Els infants de P2 i P4 han gaudit d\u2019unes experi\u00e8ncies i aventures \u00faniques a la casa de col\u00f2nies Can Riera de Ciuret al Montseny.<\/p>\n","protected":false},"author":3,"featured_media":7644,"comment_status":"closed","ping_status":"closed","sticky":false,"template":"","format":"standard","meta":{"_bbp_topic_count":0,"_bbp_reply_count":0,"_bbp_total_topic_count":0,"_bbp_total_reply_count":0,"_bbp_voice_count":0,"_bbp_anonymous_reply_count":0,"_bbp_topic_count_hidden":0,"_bbp_reply_count_hidden":0,"_bbp_forum_subforum_count":0,"site-sidebar-layout":"default","site-content-layout":"","ast-site-content-layout":"","site-content-style":"default","site-sidebar-style":"default","ast-global-header-display":"","ast-banner-title-visibility":"","ast-main-header-display":"","ast-hfb-above-header-display":"","ast-hfb-below-header-display":"","ast-hfb-mobile-header-display":"","site-post-title":"","ast-breadcrumbs-content":"","ast-featured-img":"","footer-sml-layout":"","theme-transparent-header-meta":"","adv-header-id-meta":"","stick-header-meta":"","header-above-stick-meta":"","header-main-stick-meta":"","header-below-stick-meta":"","astra-migrate-meta-layouts":"default","ast-page-background-enabled":"default","ast-page-background-meta":{"desktop":{"background-color":"var(--ast-global-color-4)","background-image":"","background-repeat":"repeat","background-position":"center center","background-size":"auto","background-attachment":"scroll","background-type":"","background-media":"","overlay-type":"","overlay-color":"","overlay-opacity":"","overlay-gradient":""},"tablet":{"background-color":"","background-image":"","background-repeat":"repeat","background-position":"center center","background-size":"auto","background-attachment":"scroll","background-type":"","background-media":"","overlay-type":"","overlay-color":"","overlay-opacity":"","overlay-gradient":""},"mobile":{"background-color":"","background-image":"","background-repeat":"repeat","background-position":"center center","background-size":"auto","background-attachment":"scroll","background-type":"","background-media":"","overlay-type":"","overlay-color":"","overlay-opacity":"","overlay-gradient":""}},"ast-content-background-meta":{"desktop":{"background-color":"var(--ast-global-color-5)","background-image":"","background-repeat":"repeat","background-position":"center center","background-size":"auto","background-attachment":"scroll","background-type":"","background-media":"","overlay-type":"","overlay-color":"","overlay-opacity":"","overlay-gradient":""},"tablet":{"background-color":"var(--ast-global-color-5)","background-image":"","background-repeat":"repeat","background-position":"center center","background-size":"auto","background-attachment":"scroll","background-type":"","background-media":"","overlay-type":"","overlay-color":"","overlay-opacity":"","overlay-gradient":""},"mobile":{"background-color":"var(--ast-global-color-5)","background-image":"","background-repeat":"repeat","background-position":"center center","background-size":"auto","background-attachment":"scroll","background-type":"","background-media":"","overlay-type":"","overlay-color":"","overlay-opacity":"","overlay-gradient":""}},"footnotes":""},"categories":[138,132,61,59,4,5],"tags":[433,440,148],"class_list":["post-7642","post","type-post","status-publish","format-standard","has-post-thumbnail","hentry","category-els-nostres-projectes","category-les-colonies","category-p2","category-p4","category-portada","category-primaria","tag-convivencia","tag-entorn-natural","tag-natura"],"post_mailing_queue_ids":[],"_links":{"self":[{"href":"https:\/\/agora.xtec.cat\/ceip-fray-luis-leon\/wp-json\/wp\/v2\/posts\/7642","targetHints":{"allow":["GET"]}}],"collection":[{"href":"https:\/\/agora.xtec.cat\/ceip-fray-luis-leon\/wp-json\/wp\/v2\/posts"}],"about":[{"href":"https:\/\/agora.xtec.cat\/ceip-fray-luis-leon\/wp-json\/wp\/v2\/types\/post"}],"author":[{"embeddable":true,"href":"https:\/\/agora.xtec.cat\/ceip-fray-luis-leon\/wp-json\/wp\/v2\/users\/3"}],"replies":[{"embeddable":true,"href":"https:\/\/agora.xtec.cat\/ceip-fray-luis-leon\/wp-json\/wp\/v2\/comments?post=7642"}],"version-history":[{"count":3,"href":"https:\/\/agora.xtec.cat\/ceip-fray-luis-leon\/wp-json\/wp\/v2\/posts\/7642\/revisions"}],"predecessor-version":[{"id":7647,"href":"https:\/\/agora.xtec.cat\/ceip-fray-luis-leon\/wp-json\/wp\/v2\/posts\/7642\/revisions\/7647"}],"wp:featuredmedia":[{"embeddable":true,"href":"https:\/\/agora.xtec.cat\/ceip-fray-luis-leon\/wp-json\/wp\/v2\/media\/7644"}],"wp:attachment":[{"href":"https:\/\/agora.xtec.cat\/ceip-fray-luis-leon\/wp-json\/wp\/v2\/media?parent=7642"}],"wp:term":[{"taxonomy":"category","embeddable":true,"href":"https:\/\/agora.xtec.cat\/ceip-fray-luis-leon\/wp-json\/wp\/v2\/categories?post=7642"},{"taxonomy":"post_tag","embeddable":true,"href":"https:\/\/agora.xtec.cat\/ceip-fray-luis-leon\/wp-json\/wp\/v2\/tags?post=7642"}],"curies":[{"name":"wp","href":"https:\/\/api.w.org\/{rel}","templated":true}]}}