{"id":7512,"date":"2025-03-12T12:29:33","date_gmt":"2025-03-12T11:29:33","guid":{"rendered":"https:\/\/agora.xtec.cat\/ceip-fray-luis-leon\/?p=7512"},"modified":"2025-03-12T13:24:09","modified_gmt":"2025-03-12T12:24:09","slug":"edicio-especial-llengues-dorigen-de-lespai-literari","status":"publish","type":"post","link":"https:\/\/agora.xtec.cat\/ceip-fray-luis-leon\/general\/edicio-especial-llengues-dorigen-de-lespai-literari\/","title":{"rendered":"Edici\u00f3 especial Lleng\u00fces d&#8217;Origen de l&#8217;Espai Literari"},"content":{"rendered":"<p>Volem compartir amb vosaltres una edici\u00f3 molt especial de l&#8217;Espai Literari. En aquesta ocasi\u00f3, hem aprofitat les propostes que es van realitzar a l&#8217;escola amb motiu de la Diada de les Lleng\u00fces d\u2019Origen amb\u00a0la tem\u00e0tica de &#8220;La gastronomia dels pa\u00efsos de les lleng\u00fces d\u2019origen&#8221;. Els continguts d&#8217;aquesta edici\u00f3 s\u00f3n:<\/p>\n<ul>\n<li>EI: Les esp\u00e8cies.<\/li>\n<li>CI: Vocabulari b\u00e0sic en diferents lleng\u00fces (aliments i utensilis).<\/li>\n<li>CM: Receptes al plat.<\/li>\n<li>CS: Investigaci\u00f3 i recerca sobre la gastronomia en els diferents continents.<\/li>\n<\/ul>\n<p>Si voleu gaudir amb la lectura i amb les diferents creacions, cliqueu en la seg\u00fcent imatge:<\/p>\n<p><a href=\"https:\/\/heyzine.com\/flip-book\/0c7cab7399.html\"><img loading=\"lazy\" decoding=\"async\" class=\"alignnone wp-image-7518 size-medium\" src=\"https:\/\/agora.xtec.cat\/ceip-fray-luis-leon\/wp-content\/uploads\/usu900\/2025\/03\/REVISTA-ESPAI-LITERARI-EDICIO-ESPECIAL-LLENGUES-DORIGEN-212x300.png\" alt=\"\" width=\"212\" height=\"300\" srcset=\"https:\/\/agora.xtec.cat\/ceip-fray-luis-leon\/wp-content\/uploads\/usu900\/2025\/03\/REVISTA-ESPAI-LITERARI-EDICIO-ESPECIAL-LLENGUES-DORIGEN-212x300.png 212w, https:\/\/agora.xtec.cat\/ceip-fray-luis-leon\/wp-content\/uploads\/usu900\/2025\/03\/REVISTA-ESPAI-LITERARI-EDICIO-ESPECIAL-LLENGUES-DORIGEN-724x1024.png 724w, https:\/\/agora.xtec.cat\/ceip-fray-luis-leon\/wp-content\/uploads\/usu900\/2025\/03\/REVISTA-ESPAI-LITERARI-EDICIO-ESPECIAL-LLENGUES-DORIGEN-768x1086.png 768w, https:\/\/agora.xtec.cat\/ceip-fray-luis-leon\/wp-content\/uploads\/usu900\/2025\/03\/REVISTA-ESPAI-LITERARI-EDICIO-ESPECIAL-LLENGUES-DORIGEN-1086x1536.png 1086w, https:\/\/agora.xtec.cat\/ceip-fray-luis-leon\/wp-content\/uploads\/usu900\/2025\/03\/REVISTA-ESPAI-LITERARI-EDICIO-ESPECIAL-LLENGUES-DORIGEN.png 1414w\" sizes=\"auto, (max-width: 212px) 100vw, 212px\" \/><\/a><\/p>\n","protected":false},"excerpt":{"rendered":"<p>Receptes, esp\u00e8cies, sabors, aliments, utensilis&#8230; Un tastet del m\u00f3n a cop d&#8217;ull<\/p>\n","protected":false},"author":16,"featured_media":7518,"comment_status":"closed","ping_status":"closed","sticky":false,"template":"","format":"standard","meta":{"_bbp_topic_count":0,"_bbp_reply_count":0,"_bbp_total_topic_count":0,"_bbp_total_reply_count":0,"_bbp_voice_count":0,"_bbp_anonymous_reply_count":0,"_bbp_topic_count_hidden":0,"_bbp_reply_count_hidden":0,"_bbp_forum_subforum_count":0,"site-sidebar-layout":"default","site-content-layout":"","ast-site-content-layout":"","site-content-style":"default","site-sidebar-style":"default","ast-global-header-display":"","ast-banner-title-visibility":"","ast-main-header-display":"","ast-hfb-above-header-display":"","ast-hfb-below-header-display":"","ast-hfb-mobile-header-display":"","site-post-title":"","ast-breadcrumbs-content":"","ast-featured-img":"","footer-sml-layout":"","theme-transparent-header-meta":"","adv-header-id-meta":"","stick-header-meta":"","header-above-stick-meta":"","header-main-stick-meta":"","header-below-stick-meta":"","astra-migrate-meta-layouts":"default","ast-page-background-enabled":"default","ast-page-background-meta":{"desktop":{"background-color":"var(--ast-global-color-4)","background-image":"","background-repeat":"repeat","background-position":"center center","background-size":"auto","background-attachment":"scroll","background-type":"","background-media":"","overlay-type":"","overlay-color":"","overlay-opacity":"","overlay-gradient":""},"tablet":{"background-color":"","background-image":"","background-repeat":"repeat","background-position":"center center","background-size":"auto","background-attachment":"scroll","background-type":"","background-media":"","overlay-type":"","overlay-color":"","overlay-opacity":"","overlay-gradient":""},"mobile":{"background-color":"","background-image":"","background-repeat":"repeat","background-position":"center center","background-size":"auto","background-attachment":"scroll","background-type":"","background-media":"","overlay-type":"","overlay-color":"","overlay-opacity":"","overlay-gradient":""}},"ast-content-background-meta":{"desktop":{"background-color":"var(--ast-global-color-5)","background-image":"","background-repeat":"repeat","background-position":"center center","background-size":"auto","background-attachment":"scroll","background-type":"","background-media":"","overlay-type":"","overlay-color":"","overlay-opacity":"","overlay-gradient":""},"tablet":{"background-color":"var(--ast-global-color-5)","background-image":"","background-repeat":"repeat","background-position":"center center","background-size":"auto","background-attachment":"scroll","background-type":"","background-media":"","overlay-type":"","overlay-color":"","overlay-opacity":"","overlay-gradient":""},"mobile":{"background-color":"var(--ast-global-color-5)","background-image":"","background-repeat":"repeat","background-position":"center center","background-size":"auto","background-attachment":"scroll","background-type":"","background-media":"","overlay-type":"","overlay-color":"","overlay-opacity":"","overlay-gradient":""}},"footnotes":""},"categories":[138,458,1,4,5],"tags":[],"class_list":["post-7512","post","type-post","status-publish","format-standard","has-post-thumbnail","hentry","category-els-nostres-projectes","category-espai-literari","category-general","category-portada","category-primaria"],"post_mailing_queue_ids":[],"_links":{"self":[{"href":"https:\/\/agora.xtec.cat\/ceip-fray-luis-leon\/wp-json\/wp\/v2\/posts\/7512","targetHints":{"allow":["GET"]}}],"collection":[{"href":"https:\/\/agora.xtec.cat\/ceip-fray-luis-leon\/wp-json\/wp\/v2\/posts"}],"about":[{"href":"https:\/\/agora.xtec.cat\/ceip-fray-luis-leon\/wp-json\/wp\/v2\/types\/post"}],"author":[{"embeddable":true,"href":"https:\/\/agora.xtec.cat\/ceip-fray-luis-leon\/wp-json\/wp\/v2\/users\/16"}],"replies":[{"embeddable":true,"href":"https:\/\/agora.xtec.cat\/ceip-fray-luis-leon\/wp-json\/wp\/v2\/comments?post=7512"}],"version-history":[{"count":6,"href":"https:\/\/agora.xtec.cat\/ceip-fray-luis-leon\/wp-json\/wp\/v2\/posts\/7512\/revisions"}],"predecessor-version":[{"id":7522,"href":"https:\/\/agora.xtec.cat\/ceip-fray-luis-leon\/wp-json\/wp\/v2\/posts\/7512\/revisions\/7522"}],"wp:featuredmedia":[{"embeddable":true,"href":"https:\/\/agora.xtec.cat\/ceip-fray-luis-leon\/wp-json\/wp\/v2\/media\/7518"}],"wp:attachment":[{"href":"https:\/\/agora.xtec.cat\/ceip-fray-luis-leon\/wp-json\/wp\/v2\/media?parent=7512"}],"wp:term":[{"taxonomy":"category","embeddable":true,"href":"https:\/\/agora.xtec.cat\/ceip-fray-luis-leon\/wp-json\/wp\/v2\/categories?post=7512"},{"taxonomy":"post_tag","embeddable":true,"href":"https:\/\/agora.xtec.cat\/ceip-fray-luis-leon\/wp-json\/wp\/v2\/tags?post=7512"}],"curies":[{"name":"wp","href":"https:\/\/api.w.org\/{rel}","templated":true}]}}