{"id":6886,"date":"2024-06-21T20:19:13","date_gmt":"2024-06-21T18:19:13","guid":{"rendered":"https:\/\/agora.xtec.cat\/ceip-fray-luis-leon\/?p=6886"},"modified":"2024-06-24T22:25:35","modified_gmt":"2024-06-24T20:25:35","slug":"jo-memociono-komtu","status":"publish","type":"post","link":"https:\/\/agora.xtec.cat\/ceip-fray-luis-leon\/general\/jo-memociono-komtu\/","title":{"rendered":"&#8220;Jo m&#8217;emociono Komt\u00fc&#8221;"},"content":{"rendered":"<p><span style=\"font-weight: 400;\">Arribada la fi de curs, tamb\u00e9 donem per acabat la nostra participaci\u00f3 en el programa \u201cKomt\u00fc\u201d, tot i que continuarem comptant amb la seva col\u00b7laboraci\u00f3 per seguir vetllant pel benestar emocional de tota la nostra comunitat educativa.<\/span><\/p>\n<p><span style=\"font-weight: 400;\">Volem compartir amb vosaltres el treball final que s\u2019ha fet a l\u2019escola aquestes setmanes amb la can\u00e7\u00f3 \u201cJo m\u2019emociono Komt\u00fc\u201d. Una manera molt especial de tancar aquests tres anys de programa Komt\u00fc: les ruletes de les emocions, el mural del vest\u00edbul i el v\u00eddeo creat amb els infants de l\u2019escola.<\/span><\/p>\n<p><span style=\"font-weight: 400;\">Esperem que us agradi!!!<\/span><\/p>\n<p><a href=\"https:\/\/drive.google.com\/file\/d\/1tnd1EQXIosixQcWBvH5bHLw_Mbowx7AF\/view?usp=sharing\" rel=\"attachment wp-att-6887\"><img loading=\"lazy\" decoding=\"async\" class=\"wp-image-6887 aligncenter\" src=\"https:\/\/agora.xtec.cat\/ceip-fray-luis-leon\/wp-content\/uploads\/usu900\/2024\/06\/IMG-20240621-WA0011-1-1024x687.jpg\" alt=\"\" width=\"372\" height=\"250\" srcset=\"https:\/\/agora.xtec.cat\/ceip-fray-luis-leon\/wp-content\/uploads\/usu900\/2024\/06\/IMG-20240621-WA0011-1-1024x687.jpg 1024w, https:\/\/agora.xtec.cat\/ceip-fray-luis-leon\/wp-content\/uploads\/usu900\/2024\/06\/IMG-20240621-WA0011-1-300x201.jpg 300w, https:\/\/agora.xtec.cat\/ceip-fray-luis-leon\/wp-content\/uploads\/usu900\/2024\/06\/IMG-20240621-WA0011-1-768x516.jpg 768w, https:\/\/agora.xtec.cat\/ceip-fray-luis-leon\/wp-content\/uploads\/usu900\/2024\/06\/IMG-20240621-WA0011-1-1536x1031.jpg 1536w, https:\/\/agora.xtec.cat\/ceip-fray-luis-leon\/wp-content\/uploads\/usu900\/2024\/06\/IMG-20240621-WA0011-1.jpg 1600w\" sizes=\"auto, (max-width: 372px) 100vw, 372px\" \/><\/a><\/p>\n","protected":false},"excerpt":{"rendered":"<p>Acabem l&#8217;escola al so de &#8220;Jo m&#8217;emociono Komt\u00fc&#8221; fent un treball molt emocional&#8230; <\/p>\n","protected":false},"author":13,"featured_media":6887,"comment_status":"closed","ping_status":"closed","sticky":false,"template":"","format":"standard","meta":{"_bbp_topic_count":0,"_bbp_reply_count":0,"_bbp_total_topic_count":0,"_bbp_total_reply_count":0,"_bbp_voice_count":0,"_bbp_anonymous_reply_count":0,"_bbp_topic_count_hidden":0,"_bbp_reply_count_hidden":0,"_bbp_forum_subforum_count":0,"site-sidebar-layout":"default","site-content-layout":"","ast-site-content-layout":"","site-content-style":"default","site-sidebar-style":"default","ast-global-header-display":"","ast-banner-title-visibility":"","ast-main-header-display":"","ast-hfb-above-header-display":"","ast-hfb-below-header-display":"","ast-hfb-mobile-header-display":"","site-post-title":"","ast-breadcrumbs-content":"","ast-featured-img":"","footer-sml-layout":"","theme-transparent-header-meta":"","adv-header-id-meta":"","stick-header-meta":"","header-above-stick-meta":"","header-main-stick-meta":"","header-below-stick-meta":"","astra-migrate-meta-layouts":"default","ast-page-background-enabled":"default","ast-page-background-meta":{"desktop":{"background-color":"var(--ast-global-color-4)","background-image":"","background-repeat":"repeat","background-position":"center center","background-size":"auto","background-attachment":"scroll","background-type":"","background-media":"","overlay-type":"","overlay-color":"","overlay-opacity":"","overlay-gradient":""},"tablet":{"background-color":"","background-image":"","background-repeat":"repeat","background-position":"center center","background-size":"auto","background-attachment":"scroll","background-type":"","background-media":"","overlay-type":"","overlay-color":"","overlay-opacity":"","overlay-gradient":""},"mobile":{"background-color":"","background-image":"","background-repeat":"repeat","background-position":"center center","background-size":"auto","background-attachment":"scroll","background-type":"","background-media":"","overlay-type":"","overlay-color":"","overlay-opacity":"","overlay-gradient":""}},"ast-content-background-meta":{"desktop":{"background-color":"var(--ast-global-color-5)","background-image":"","background-repeat":"repeat","background-position":"center center","background-size":"auto","background-attachment":"scroll","background-type":"","background-media":"","overlay-type":"","overlay-color":"","overlay-opacity":"","overlay-gradient":""},"tablet":{"background-color":"var(--ast-global-color-5)","background-image":"","background-repeat":"repeat","background-position":"center center","background-size":"auto","background-attachment":"scroll","background-type":"","background-media":"","overlay-type":"","overlay-color":"","overlay-opacity":"","overlay-gradient":""},"mobile":{"background-color":"var(--ast-global-color-5)","background-image":"","background-repeat":"repeat","background-position":"center center","background-size":"auto","background-attachment":"scroll","background-type":"","background-media":"","overlay-type":"","overlay-color":"","overlay-opacity":"","overlay-gradient":""}},"footnotes":""},"categories":[138,1,2,366,24,4,5],"tags":[],"class_list":["post-6886","post","type-post","status-publish","format-standard","has-post-thumbnail","hentry","category-els-nostres-projectes","category-general","category-infantil","category-komtu","category-musica-per-escoltar","category-portada","category-primaria"],"post_mailing_queue_ids":[],"_links":{"self":[{"href":"https:\/\/agora.xtec.cat\/ceip-fray-luis-leon\/wp-json\/wp\/v2\/posts\/6886","targetHints":{"allow":["GET"]}}],"collection":[{"href":"https:\/\/agora.xtec.cat\/ceip-fray-luis-leon\/wp-json\/wp\/v2\/posts"}],"about":[{"href":"https:\/\/agora.xtec.cat\/ceip-fray-luis-leon\/wp-json\/wp\/v2\/types\/post"}],"author":[{"embeddable":true,"href":"https:\/\/agora.xtec.cat\/ceip-fray-luis-leon\/wp-json\/wp\/v2\/users\/13"}],"replies":[{"embeddable":true,"href":"https:\/\/agora.xtec.cat\/ceip-fray-luis-leon\/wp-json\/wp\/v2\/comments?post=6886"}],"version-history":[{"count":2,"href":"https:\/\/agora.xtec.cat\/ceip-fray-luis-leon\/wp-json\/wp\/v2\/posts\/6886\/revisions"}],"predecessor-version":[{"id":6889,"href":"https:\/\/agora.xtec.cat\/ceip-fray-luis-leon\/wp-json\/wp\/v2\/posts\/6886\/revisions\/6889"}],"wp:featuredmedia":[{"embeddable":true,"href":"https:\/\/agora.xtec.cat\/ceip-fray-luis-leon\/wp-json\/wp\/v2\/media\/6887"}],"wp:attachment":[{"href":"https:\/\/agora.xtec.cat\/ceip-fray-luis-leon\/wp-json\/wp\/v2\/media?parent=6886"}],"wp:term":[{"taxonomy":"category","embeddable":true,"href":"https:\/\/agora.xtec.cat\/ceip-fray-luis-leon\/wp-json\/wp\/v2\/categories?post=6886"},{"taxonomy":"post_tag","embeddable":true,"href":"https:\/\/agora.xtec.cat\/ceip-fray-luis-leon\/wp-json\/wp\/v2\/tags?post=6886"}],"curies":[{"name":"wp","href":"https:\/\/api.w.org\/{rel}","templated":true}]}}