{"id":6844,"date":"2024-06-08T12:27:06","date_gmt":"2024-06-08T10:27:06","guid":{"rendered":"https:\/\/agora.xtec.cat\/ceip-fray-luis-leon\/?p=6844"},"modified":"2024-06-08T12:27:50","modified_gmt":"2024-06-08T10:27:50","slug":"parcs-i-pedals-al-besos","status":"publish","type":"post","link":"https:\/\/agora.xtec.cat\/ceip-fray-luis-leon\/general\/parcs-i-pedals-al-besos\/","title":{"rendered":"Parcs i pedals al Bes\u00f2s"},"content":{"rendered":"<p><span style=\"font-weight: 400; font-size: 16px;\">L&#8217;Aquelarre i la Patum han participat en l\u2019activitat \u201cParcs i Pedals al Bes\u00f2s\u201d on hem conegut la biodiversitat del parc de Can Zam i hem treballat la mobilitat amb bicicleta pel riu Bes\u00f2s.\u00a0<\/span><\/p>\n<p><span style=\"font-weight: 400; font-size: 16px;\">L\u2019activitat al parc de Can Zam es basava en descobrir els valors socioambientals del parc, el seu paper de connector ecol\u00f2gic i la seva situaci\u00f3 dins dels itineraris pedalables a l&#8217;entorn del Bes\u00f2s. L\u2019activitat amb bicicletes constava d\u2019una sessi\u00f3 te\u00f2rica i una sessi\u00f3 pr\u00e0ctica. La primera part servia per donar a con\u00e8ixer a l&#8217;alumnat quines s\u00f3n les normes de circulaci\u00f3 en bicicleta i per con\u00e8ixer quina infraestructura s&#8217;aconsella que els joves circulin en bicicleta de forma segura. La segona part era un recorregut en bicicleta per la via p\u00fablica del municipi.<\/span><\/p>\n<p>Aqu\u00ed teniu unes imatges d&#8217;aquesta activitat.<\/p>\n<p><a href=\"https:\/\/drive.google.com\/file\/d\/1aZrRb2288O74zyB7kz_JuSTFkfWRgOJ_\/view?usp=sharing\" target=\"_blank\" rel=\"noopener\"><img loading=\"lazy\" decoding=\"async\" class=\"aligncenter wp-image-6846\" src=\"https:\/\/agora.xtec.cat\/ceip-fray-luis-leon\/wp-content\/uploads\/usu900\/2024\/06\/Parcs-i-Pedals-al-Besos-e1717842167515.jpg\" alt=\"\" width=\"645\" height=\"331\" \/><\/a><\/p>\n","protected":false},"excerpt":{"rendered":"<p>L&#8217;Aquelarre i la Patum han participat en l\u2019activitat \u201cParcs i Pedals al Bes\u00f2s\u201d.<\/p>\n","protected":false},"author":3,"featured_media":6846,"comment_status":"closed","ping_status":"closed","sticky":false,"template":"","format":"standard","meta":{"_bbp_topic_count":0,"_bbp_reply_count":0,"_bbp_total_topic_count":0,"_bbp_total_reply_count":0,"_bbp_voice_count":0,"_bbp_anonymous_reply_count":0,"_bbp_topic_count_hidden":0,"_bbp_reply_count_hidden":0,"_bbp_forum_subforum_count":0,"site-sidebar-layout":"default","site-content-layout":"","ast-site-content-layout":"","site-content-style":"default","site-sidebar-style":"default","ast-global-header-display":"","ast-banner-title-visibility":"","ast-main-header-display":"","ast-hfb-above-header-display":"","ast-hfb-below-header-display":"","ast-hfb-mobile-header-display":"","site-post-title":"","ast-breadcrumbs-content":"","ast-featured-img":"","footer-sml-layout":"","theme-transparent-header-meta":"","adv-header-id-meta":"","stick-header-meta":"","header-above-stick-meta":"","header-main-stick-meta":"","header-below-stick-meta":"","astra-migrate-meta-layouts":"default","ast-page-background-enabled":"default","ast-page-background-meta":{"desktop":{"background-color":"var(--ast-global-color-4)","background-image":"","background-repeat":"repeat","background-position":"center center","background-size":"auto","background-attachment":"scroll","background-type":"","background-media":"","overlay-type":"","overlay-color":"","overlay-opacity":"","overlay-gradient":""},"tablet":{"background-color":"","background-image":"","background-repeat":"repeat","background-position":"center center","background-size":"auto","background-attachment":"scroll","background-type":"","background-media":"","overlay-type":"","overlay-color":"","overlay-opacity":"","overlay-gradient":""},"mobile":{"background-color":"","background-image":"","background-repeat":"repeat","background-position":"center center","background-size":"auto","background-attachment":"scroll","background-type":"","background-media":"","overlay-type":"","overlay-color":"","overlay-opacity":"","overlay-gradient":""}},"ast-content-background-meta":{"desktop":{"background-color":"var(--ast-global-color-5)","background-image":"","background-repeat":"repeat","background-position":"center center","background-size":"auto","background-attachment":"scroll","background-type":"","background-media":"","overlay-type":"","overlay-color":"","overlay-opacity":"","overlay-gradient":""},"tablet":{"background-color":"var(--ast-global-color-5)","background-image":"","background-repeat":"repeat","background-position":"center center","background-size":"auto","background-attachment":"scroll","background-type":"","background-media":"","overlay-type":"","overlay-color":"","overlay-opacity":"","overlay-gradient":""},"mobile":{"background-color":"var(--ast-global-color-5)","background-image":"","background-repeat":"repeat","background-position":"center center","background-size":"auto","background-attachment":"scroll","background-type":"","background-media":"","overlay-type":"","overlay-color":"","overlay-opacity":"","overlay-gradient":""}},"footnotes":""},"categories":[1,57,4,5,423],"tags":[393,226,237,231],"class_list":["post-6844","post","type-post","status-publish","format-standard","has-post-thumbnail","hentry","category-general","category-p6","category-portada","category-primaria","category-sortides","tag-biodiversitat","tag-entorn","tag-esport","tag-santa-coloma-de-gramenet"],"post_mailing_queue_ids":[],"_links":{"self":[{"href":"https:\/\/agora.xtec.cat\/ceip-fray-luis-leon\/wp-json\/wp\/v2\/posts\/6844","targetHints":{"allow":["GET"]}}],"collection":[{"href":"https:\/\/agora.xtec.cat\/ceip-fray-luis-leon\/wp-json\/wp\/v2\/posts"}],"about":[{"href":"https:\/\/agora.xtec.cat\/ceip-fray-luis-leon\/wp-json\/wp\/v2\/types\/post"}],"author":[{"embeddable":true,"href":"https:\/\/agora.xtec.cat\/ceip-fray-luis-leon\/wp-json\/wp\/v2\/users\/3"}],"replies":[{"embeddable":true,"href":"https:\/\/agora.xtec.cat\/ceip-fray-luis-leon\/wp-json\/wp\/v2\/comments?post=6844"}],"version-history":[{"count":2,"href":"https:\/\/agora.xtec.cat\/ceip-fray-luis-leon\/wp-json\/wp\/v2\/posts\/6844\/revisions"}],"predecessor-version":[{"id":6848,"href":"https:\/\/agora.xtec.cat\/ceip-fray-luis-leon\/wp-json\/wp\/v2\/posts\/6844\/revisions\/6848"}],"wp:featuredmedia":[{"embeddable":true,"href":"https:\/\/agora.xtec.cat\/ceip-fray-luis-leon\/wp-json\/wp\/v2\/media\/6846"}],"wp:attachment":[{"href":"https:\/\/agora.xtec.cat\/ceip-fray-luis-leon\/wp-json\/wp\/v2\/media?parent=6844"}],"wp:term":[{"taxonomy":"category","embeddable":true,"href":"https:\/\/agora.xtec.cat\/ceip-fray-luis-leon\/wp-json\/wp\/v2\/categories?post=6844"},{"taxonomy":"post_tag","embeddable":true,"href":"https:\/\/agora.xtec.cat\/ceip-fray-luis-leon\/wp-json\/wp\/v2\/tags?post=6844"}],"curies":[{"name":"wp","href":"https:\/\/api.w.org\/{rel}","templated":true}]}}