{"id":683,"date":"2016-03-14T09:11:51","date_gmt":"2016-03-14T08:11:51","guid":{"rendered":"http:\/\/agora.xtec.cat\/ceip-fray-luis-leon\/?p=683"},"modified":"2016-03-14T13:36:16","modified_gmt":"2016-03-14T12:36:16","slug":"musica-per-escoltar-13","status":"publish","type":"post","link":"https:\/\/agora.xtec.cat\/ceip-fray-luis-leon\/portada\/musica-per-escoltar-13\/","title":{"rendered":"M\u00fasica per escoltar &#8211; 13"},"content":{"rendered":"<p style=\"text-align: justify;\"><strong><em><a href=\"http:\/\/agora.xtec.cat\/ceip-fray-luis-leon\/wp-content\/uploads\/usu900\/2016\/03\/quadre-ocell-de-foc.jpg\"><img loading=\"lazy\" decoding=\"async\" class=\"  wp-image-684 alignleft\" src=\"http:\/\/agora.xtec.cat\/ceip-fray-luis-leon\/wp-content\/uploads\/usu900\/2016\/03\/quadre-ocell-de-foc.jpg\" alt=\"quadre ocell de foc\" width=\"215\" height=\"299\" srcset=\"https:\/\/agora.xtec.cat\/ceip-fray-luis-leon\/wp-content\/uploads\/usu900\/2016\/03\/quadre-ocell-de-foc.jpg 495w, https:\/\/agora.xtec.cat\/ceip-fray-luis-leon\/wp-content\/uploads\/usu900\/2016\/03\/quadre-ocell-de-foc-216x300.jpg 216w\" sizes=\"auto, (max-width: 215px) 100vw, 215px\" \/><\/a>L&#8217;ocell de foc<\/em><\/strong> \u00e9s un ballet de dansa cl\u00e0ssica en dues parts i set quadres coreografiat per Mikha\u00efl Fok\u00edn per als <em>Ballets Russes<\/em>, basat en els contes tradicionals russos del mateix nom amb llibret d&#8217;Alexandre Golovine, m\u00fasica d&#8217;\u00cdgor Stravinski i vestuari de L\u00e9on Bakst. Es va estrenar el 1910 a Par\u00eds. Va ser el primer enc\u00e0rrec que els <em>Ballets Russes<\/em> van fer a Stravinski i l&#8217;\u00e8xit que el va presentar en societat i el va fer fam\u00f3s.<\/p>\n<p style=\"text-align: justify;\">Aquest ballet explica la hist\u00f2ria del pr\u00edncep Ivan, que ha sortit de ca\u00e7ar a la nit, s&#8217;endinsa sense saber-ho en el jard\u00ed encantat del malvat Kastxei l&#8217;Immortal. De cop i volta, se li apareix un ocell de plomatge resplendent que vola entre els arbres.<\/p>\n<p style=\"text-align: justify;\">Ivan el persegueix i aconsegueix capturar-lo, per\u00f2, commogut per les s\u00fapliques li concedeix la llibertat, obtenint a canvi una de les seves plomes.<\/p>\n<p><iframe loading=\"lazy\" width=\"100%\" height=\"200\" frameborder=\"0\" allowfullscreen=\"\" scrolling=\"no\" src=\"http:\/\/www.ivoox.com\/player_ej_10792218_2_1.html?data=kpWkm5eWdZmhhpywj5WXaZS1kpWah5yncZOhhpywj5WRaZi3jpWah5ynca2Zk5zcxcrQsIzYxpDT0ciSb6rb0NeYtdnWpdfdz9jYy5ORaZi3jqrgxdTQpYy608bmjbHZrdSfxcqYrsqJh5SZo5jbj4qbh46o&#038;\"><\/iframe><\/p>\n","protected":false},"excerpt":{"rendered":"<p>Aquesta setmana gaudirem de l&#8217;obra d&#8217;Igor Stravinski. En concret de &#8220;L&#8217;ocell de foc&#8221;<\/p>\n","protected":false},"author":1,"featured_media":684,"comment_status":"open","ping_status":"open","sticky":false,"template":"","format":"standard","meta":{"_bbp_topic_count":0,"_bbp_reply_count":0,"_bbp_total_topic_count":0,"_bbp_total_reply_count":0,"_bbp_voice_count":0,"_bbp_anonymous_reply_count":0,"_bbp_topic_count_hidden":0,"_bbp_reply_count_hidden":0,"_bbp_forum_subforum_count":0,"site-sidebar-layout":"default","site-content-layout":"","ast-site-content-layout":"","site-content-style":"default","site-sidebar-style":"default","ast-global-header-display":"","ast-banner-title-visibility":"","ast-main-header-display":"","ast-hfb-above-header-display":"","ast-hfb-below-header-display":"","ast-hfb-mobile-header-display":"","site-post-title":"","ast-breadcrumbs-content":"","ast-featured-img":"","footer-sml-layout":"","theme-transparent-header-meta":"","adv-header-id-meta":"","stick-header-meta":"","header-above-stick-meta":"","header-main-stick-meta":"","header-below-stick-meta":"","astra-migrate-meta-layouts":"default","ast-page-background-enabled":"default","ast-page-background-meta":{"desktop":{"background-color":"var(--ast-global-color-4)","background-image":"","background-repeat":"repeat","background-position":"center center","background-size":"auto","background-attachment":"scroll","background-type":"","background-media":"","overlay-type":"","overlay-color":"","overlay-opacity":"","overlay-gradient":""},"tablet":{"background-color":"","background-image":"","background-repeat":"repeat","background-position":"center center","background-size":"auto","background-attachment":"scroll","background-type":"","background-media":"","overlay-type":"","overlay-color":"","overlay-opacity":"","overlay-gradient":""},"mobile":{"background-color":"","background-image":"","background-repeat":"repeat","background-position":"center center","background-size":"auto","background-attachment":"scroll","background-type":"","background-media":"","overlay-type":"","overlay-color":"","overlay-opacity":"","overlay-gradient":""}},"ast-content-background-meta":{"desktop":{"background-color":"var(--ast-global-color-5)","background-image":"","background-repeat":"repeat","background-position":"center center","background-size":"auto","background-attachment":"scroll","background-type":"","background-media":"","overlay-type":"","overlay-color":"","overlay-opacity":"","overlay-gradient":""},"tablet":{"background-color":"var(--ast-global-color-5)","background-image":"","background-repeat":"repeat","background-position":"center center","background-size":"auto","background-attachment":"scroll","background-type":"","background-media":"","overlay-type":"","overlay-color":"","overlay-opacity":"","overlay-gradient":""},"mobile":{"background-color":"var(--ast-global-color-5)","background-image":"","background-repeat":"repeat","background-position":"center center","background-size":"auto","background-attachment":"scroll","background-type":"","background-media":"","overlay-type":"","overlay-color":"","overlay-opacity":"","overlay-gradient":""}},"footnotes":""},"categories":[24,4],"tags":[],"class_list":["post-683","post","type-post","status-publish","format-standard","has-post-thumbnail","hentry","category-musica-per-escoltar","category-portada"],"post_mailing_queue_ids":[],"_links":{"self":[{"href":"https:\/\/agora.xtec.cat\/ceip-fray-luis-leon\/wp-json\/wp\/v2\/posts\/683","targetHints":{"allow":["GET"]}}],"collection":[{"href":"https:\/\/agora.xtec.cat\/ceip-fray-luis-leon\/wp-json\/wp\/v2\/posts"}],"about":[{"href":"https:\/\/agora.xtec.cat\/ceip-fray-luis-leon\/wp-json\/wp\/v2\/types\/post"}],"author":[{"embeddable":true,"href":"https:\/\/agora.xtec.cat\/ceip-fray-luis-leon\/wp-json\/wp\/v2\/users\/1"}],"replies":[{"embeddable":true,"href":"https:\/\/agora.xtec.cat\/ceip-fray-luis-leon\/wp-json\/wp\/v2\/comments?post=683"}],"version-history":[{"count":3,"href":"https:\/\/agora.xtec.cat\/ceip-fray-luis-leon\/wp-json\/wp\/v2\/posts\/683\/revisions"}],"predecessor-version":[{"id":688,"href":"https:\/\/agora.xtec.cat\/ceip-fray-luis-leon\/wp-json\/wp\/v2\/posts\/683\/revisions\/688"}],"wp:featuredmedia":[{"embeddable":true,"href":"https:\/\/agora.xtec.cat\/ceip-fray-luis-leon\/wp-json\/wp\/v2\/media\/684"}],"wp:attachment":[{"href":"https:\/\/agora.xtec.cat\/ceip-fray-luis-leon\/wp-json\/wp\/v2\/media?parent=683"}],"wp:term":[{"taxonomy":"category","embeddable":true,"href":"https:\/\/agora.xtec.cat\/ceip-fray-luis-leon\/wp-json\/wp\/v2\/categories?post=683"},{"taxonomy":"post_tag","embeddable":true,"href":"https:\/\/agora.xtec.cat\/ceip-fray-luis-leon\/wp-json\/wp\/v2\/tags?post=683"}],"curies":[{"name":"wp","href":"https:\/\/api.w.org\/{rel}","templated":true}]}}