{"id":6697,"date":"2024-05-14T13:32:35","date_gmt":"2024-05-14T11:32:35","guid":{"rendered":"https:\/\/agora.xtec.cat\/ceip-fray-luis-leon\/?p=6697"},"modified":"2024-05-18T20:01:06","modified_gmt":"2024-05-18T18:01:06","slug":"tallers-de-llengua-mates-a-cicle-mitja","status":"publish","type":"post","link":"https:\/\/agora.xtec.cat\/ceip-fray-luis-leon\/general\/tallers-de-llengua-mates-a-cicle-mitja\/","title":{"rendered":"Tallers de Llengua &#8211; Mates a Cicle Mitj\u00e0"},"content":{"rendered":"<p style=\"text-align: justify;\"><span style=\"font-weight: 400;\">L\u2019alumnat de tercer i quart de prim\u00e0ria ha estat treballant durant tot el curs a partir dels tallers de mates-llengua. En aquest espai, trobem diferents activitats per treballar les matem\u00e0tiques i la llengua catalana de manera m\u00e9s manipulativa i l\u00fadica. Algun dels tallers que fan s\u00f3n: euromarket, parx\u00eds ling\u00fc\u00edstic, estad\u00edstica, comprenem&#8230; \u00c9s una manera de treballar conceptes clau d\u2019aquestes dues assignatures de manera m\u00e9s motivadora, propera i vivencial.\u00a0\u00a0<\/span><\/p>\n<p>Us deixem amb un v\u00eddeo.<\/p>\n<p><span style=\"font-weight: 400;\">Equip de mestres de CM.<\/span><\/p>\n<p><a href=\"https:\/\/drive.google.com\/file\/d\/1X5lvWrO691oTrAVL8hYu3JcOt8lJqKTV\/view?usp=sharing\"><img loading=\"lazy\" decoding=\"async\" class=\" wp-image-6698 aligncenter\" src=\"https:\/\/agora.xtec.cat\/ceip-fray-luis-leon\/wp-content\/uploads\/usu900\/2024\/05\/Brown-Pastel-Minimalist-Reminder-Instagram-Post-1024x1024.png\" alt=\"\" width=\"281\" height=\"281\" srcset=\"https:\/\/agora.xtec.cat\/ceip-fray-luis-leon\/wp-content\/uploads\/usu900\/2024\/05\/Brown-Pastel-Minimalist-Reminder-Instagram-Post-1024x1024.png 1024w, https:\/\/agora.xtec.cat\/ceip-fray-luis-leon\/wp-content\/uploads\/usu900\/2024\/05\/Brown-Pastel-Minimalist-Reminder-Instagram-Post-300x300.png 300w, https:\/\/agora.xtec.cat\/ceip-fray-luis-leon\/wp-content\/uploads\/usu900\/2024\/05\/Brown-Pastel-Minimalist-Reminder-Instagram-Post-150x150.png 150w, https:\/\/agora.xtec.cat\/ceip-fray-luis-leon\/wp-content\/uploads\/usu900\/2024\/05\/Brown-Pastel-Minimalist-Reminder-Instagram-Post-768x768.png 768w, https:\/\/agora.xtec.cat\/ceip-fray-luis-leon\/wp-content\/uploads\/usu900\/2024\/05\/Brown-Pastel-Minimalist-Reminder-Instagram-Post.png 1080w\" sizes=\"auto, (max-width: 281px) 100vw, 281px\" \/><\/a><\/p>\n","protected":false},"excerpt":{"rendered":"<p>L\u2019alumnat de tercer i quart de prim\u00e0ria ha estat treballant durant tot el curs a partir dels tallers de mates-llengua<\/p>\n","protected":false},"author":14,"featured_media":6698,"comment_status":"closed","ping_status":"closed","sticky":false,"template":"","format":"standard","meta":{"_bbp_topic_count":0,"_bbp_reply_count":0,"_bbp_total_topic_count":0,"_bbp_total_reply_count":0,"_bbp_voice_count":0,"_bbp_anonymous_reply_count":0,"_bbp_topic_count_hidden":0,"_bbp_reply_count_hidden":0,"_bbp_forum_subforum_count":0,"site-sidebar-layout":"default","site-content-layout":"","ast-site-content-layout":"","site-content-style":"default","site-sidebar-style":"default","ast-global-header-display":"","ast-banner-title-visibility":"","ast-main-header-display":"","ast-hfb-above-header-display":"","ast-hfb-below-header-display":"","ast-hfb-mobile-header-display":"","site-post-title":"","ast-breadcrumbs-content":"","ast-featured-img":"","footer-sml-layout":"","theme-transparent-header-meta":"","adv-header-id-meta":"","stick-header-meta":"","header-above-stick-meta":"","header-main-stick-meta":"","header-below-stick-meta":"","astra-migrate-meta-layouts":"default","ast-page-background-enabled":"default","ast-page-background-meta":{"desktop":{"background-color":"var(--ast-global-color-4)","background-image":"","background-repeat":"repeat","background-position":"center center","background-size":"auto","background-attachment":"scroll","background-type":"","background-media":"","overlay-type":"","overlay-color":"","overlay-opacity":"","overlay-gradient":""},"tablet":{"background-color":"","background-image":"","background-repeat":"repeat","background-position":"center center","background-size":"auto","background-attachment":"scroll","background-type":"","background-media":"","overlay-type":"","overlay-color":"","overlay-opacity":"","overlay-gradient":""},"mobile":{"background-color":"","background-image":"","background-repeat":"repeat","background-position":"center center","background-size":"auto","background-attachment":"scroll","background-type":"","background-media":"","overlay-type":"","overlay-color":"","overlay-opacity":"","overlay-gradient":""}},"ast-content-background-meta":{"desktop":{"background-color":"var(--ast-global-color-5)","background-image":"","background-repeat":"repeat","background-position":"center center","background-size":"auto","background-attachment":"scroll","background-type":"","background-media":"","overlay-type":"","overlay-color":"","overlay-opacity":"","overlay-gradient":""},"tablet":{"background-color":"var(--ast-global-color-5)","background-image":"","background-repeat":"repeat","background-position":"center center","background-size":"auto","background-attachment":"scroll","background-type":"","background-media":"","overlay-type":"","overlay-color":"","overlay-opacity":"","overlay-gradient":""},"mobile":{"background-color":"var(--ast-global-color-5)","background-image":"","background-repeat":"repeat","background-position":"center center","background-size":"auto","background-attachment":"scroll","background-type":"","background-media":"","overlay-type":"","overlay-color":"","overlay-opacity":"","overlay-gradient":""}},"footnotes":""},"categories":[36,1,60,59,4,5,34],"tags":[430,51,52,429,278,161,95],"class_list":["post-6697","post","type-post","status-publish","format-standard","has-post-thumbnail","hentry","category-cm","category-general","category-p3","category-p4","category-portada","category-primaria","category-tallers","tag-430","tag-3r","tag-4t","tag-catala","tag-cicle-mitja","tag-matematiques","tag-tallers"],"post_mailing_queue_ids":[],"_links":{"self":[{"href":"https:\/\/agora.xtec.cat\/ceip-fray-luis-leon\/wp-json\/wp\/v2\/posts\/6697","targetHints":{"allow":["GET"]}}],"collection":[{"href":"https:\/\/agora.xtec.cat\/ceip-fray-luis-leon\/wp-json\/wp\/v2\/posts"}],"about":[{"href":"https:\/\/agora.xtec.cat\/ceip-fray-luis-leon\/wp-json\/wp\/v2\/types\/post"}],"author":[{"embeddable":true,"href":"https:\/\/agora.xtec.cat\/ceip-fray-luis-leon\/wp-json\/wp\/v2\/users\/14"}],"replies":[{"embeddable":true,"href":"https:\/\/agora.xtec.cat\/ceip-fray-luis-leon\/wp-json\/wp\/v2\/comments?post=6697"}],"version-history":[{"count":4,"href":"https:\/\/agora.xtec.cat\/ceip-fray-luis-leon\/wp-json\/wp\/v2\/posts\/6697\/revisions"}],"predecessor-version":[{"id":6739,"href":"https:\/\/agora.xtec.cat\/ceip-fray-luis-leon\/wp-json\/wp\/v2\/posts\/6697\/revisions\/6739"}],"wp:featuredmedia":[{"embeddable":true,"href":"https:\/\/agora.xtec.cat\/ceip-fray-luis-leon\/wp-json\/wp\/v2\/media\/6698"}],"wp:attachment":[{"href":"https:\/\/agora.xtec.cat\/ceip-fray-luis-leon\/wp-json\/wp\/v2\/media?parent=6697"}],"wp:term":[{"taxonomy":"category","embeddable":true,"href":"https:\/\/agora.xtec.cat\/ceip-fray-luis-leon\/wp-json\/wp\/v2\/categories?post=6697"},{"taxonomy":"post_tag","embeddable":true,"href":"https:\/\/agora.xtec.cat\/ceip-fray-luis-leon\/wp-json\/wp\/v2\/tags?post=6697"}],"curies":[{"name":"wp","href":"https:\/\/api.w.org\/{rel}","templated":true}]}}