{"id":6663,"date":"2024-05-06T13:36:39","date_gmt":"2024-05-06T11:36:39","guid":{"rendered":"https:\/\/agora.xtec.cat\/ceip-fray-luis-leon\/?p=6663"},"modified":"2024-05-06T18:27:39","modified_gmt":"2024-05-06T16:27:39","slug":"flors-i-olors-amb-pri2-a-la-serralada-de-marina","status":"publish","type":"post","link":"https:\/\/agora.xtec.cat\/ceip-fray-luis-leon\/general\/flors-i-olors-amb-pri2-a-la-serralada-de-marina\/","title":{"rendered":"Flors i olors a la Serralada de Marina"},"content":{"rendered":"<p><span style=\"font-weight: 400;\">El passat dimarts dia 9 d\u2019abril les nenes i els nens de 2n vam fer la sortida: <\/span><b>Flors i Olors<\/b><span style=\"font-weight: 400;\">. Vam sortir caminant des de l\u2019escola fins a arribar a la Serra de Marina. Vam fer 3,5 km!\u00a0 All\u00e0 ens esperaven un monitor i una monitora que ens acompanyarien durant el dia.\u00a0<\/span><\/p>\n<p><span style=\"font-weight: 400;\">Vam agafar forces esmorzant i vam comen\u00e7ar l\u2019activitat de Flors i Olors. Els monitors ens van explicar que algunes plantes, arbres i animals tenen ess\u00e8ncies, que s\u00f3n el que fan que facin olor. Despr\u00e9s, passejant per la Serra de Marina vam descobrir, identificar i recollir algunes de les plantes del nostre voltant que fan olor, les plantes arom\u00e0tiques. Vam trobar farigola, ruda, ginesta, estepa blanca, llentiscle, pins, matapoll, fonoll, estepa borrera i all silvestre.<\/span><\/p>\n<p><span style=\"font-weight: 400;\">Un cop recollides les plantes vam tornar caminant cap al museu Torre Baldovina, on vam dinar i vam fer dues activitats m\u00e9s. Vam separar les ess\u00e8ncies de la farigola i de l\u2019eucaliptus utilitzant la destil\u00b7laci\u00f3 i les vam posar en un potet que ens vam endur a casa. Tamb\u00e9, vam fer sals de bany amb sal, etanol, colorant i ess\u00e8ncia de taronja, que tamb\u00e9 ens vam emportar a casa.<\/span><\/p>\n<p><span style=\"font-weight: 400;\">Els infants van gaudir molt de l\u2019activitat, va ser molt variada i els va agradar molt. Compartim amb vosaltres algunes imatges del dia.<\/span><\/p>\n<p><a href=\"https:\/\/drive.google.com\/file\/d\/1aSelYhS7rDnxje5-WlsM5Y0brq-ggly1\/view?usp=drive_link\" target=\"_blank\" rel=\"noopener\"><img loading=\"lazy\" decoding=\"async\" class=\"aligncenter wp-image-6665\" src=\"https:\/\/agora.xtec.cat\/ceip-fray-luis-leon\/wp-content\/uploads\/usu900\/2024\/05\/1-e1714975132434.jpg\" alt=\"\" width=\"571\" height=\"280\" srcset=\"https:\/\/agora.xtec.cat\/ceip-fray-luis-leon\/wp-content\/uploads\/usu900\/2024\/05\/1-e1714975132434.jpg 841w, https:\/\/agora.xtec.cat\/ceip-fray-luis-leon\/wp-content\/uploads\/usu900\/2024\/05\/1-e1714975132434-300x147.jpg 300w, https:\/\/agora.xtec.cat\/ceip-fray-luis-leon\/wp-content\/uploads\/usu900\/2024\/05\/1-e1714975132434-768x376.jpg 768w\" sizes=\"auto, (max-width: 571px) 100vw, 571px\" \/><\/a><\/p>\n<p>&nbsp;<\/p>\n","protected":false},"excerpt":{"rendered":"<p>El passat dimarts dia 9 d\u2019abril les nenes i els nens de 2n vam fer la sortida: Flors i Olors.<\/p>\n","protected":false},"author":3,"featured_media":6665,"comment_status":"closed","ping_status":"closed","sticky":false,"template":"","format":"standard","meta":{"_bbp_topic_count":0,"_bbp_reply_count":0,"_bbp_total_topic_count":0,"_bbp_total_reply_count":0,"_bbp_voice_count":0,"_bbp_anonymous_reply_count":0,"_bbp_topic_count_hidden":0,"_bbp_reply_count_hidden":0,"_bbp_forum_subforum_count":0,"site-sidebar-layout":"default","site-content-layout":"","ast-site-content-layout":"","site-content-style":"default","site-sidebar-style":"default","ast-global-header-display":"","ast-banner-title-visibility":"","ast-main-header-display":"","ast-hfb-above-header-display":"","ast-hfb-below-header-display":"","ast-hfb-mobile-header-display":"","site-post-title":"","ast-breadcrumbs-content":"","ast-featured-img":"","footer-sml-layout":"","theme-transparent-header-meta":"","adv-header-id-meta":"","stick-header-meta":"","header-above-stick-meta":"","header-main-stick-meta":"","header-below-stick-meta":"","astra-migrate-meta-layouts":"default","ast-page-background-enabled":"default","ast-page-background-meta":{"desktop":{"background-color":"var(--ast-global-color-4)","background-image":"","background-repeat":"repeat","background-position":"center center","background-size":"auto","background-attachment":"scroll","background-type":"","background-media":"","overlay-type":"","overlay-color":"","overlay-opacity":"","overlay-gradient":""},"tablet":{"background-color":"","background-image":"","background-repeat":"repeat","background-position":"center center","background-size":"auto","background-attachment":"scroll","background-type":"","background-media":"","overlay-type":"","overlay-color":"","overlay-opacity":"","overlay-gradient":""},"mobile":{"background-color":"","background-image":"","background-repeat":"repeat","background-position":"center center","background-size":"auto","background-attachment":"scroll","background-type":"","background-media":"","overlay-type":"","overlay-color":"","overlay-opacity":"","overlay-gradient":""}},"ast-content-background-meta":{"desktop":{"background-color":"var(--ast-global-color-5)","background-image":"","background-repeat":"repeat","background-position":"center center","background-size":"auto","background-attachment":"scroll","background-type":"","background-media":"","overlay-type":"","overlay-color":"","overlay-opacity":"","overlay-gradient":""},"tablet":{"background-color":"var(--ast-global-color-5)","background-image":"","background-repeat":"repeat","background-position":"center center","background-size":"auto","background-attachment":"scroll","background-type":"","background-media":"","overlay-type":"","overlay-color":"","overlay-opacity":"","overlay-gradient":""},"mobile":{"background-color":"var(--ast-global-color-5)","background-image":"","background-repeat":"repeat","background-position":"center center","background-size":"auto","background-attachment":"scroll","background-type":"","background-media":"","overlay-type":"","overlay-color":"","overlay-opacity":"","overlay-gradient":""}},"footnotes":""},"categories":[1,61,4,5,423],"tags":[226,148,231,140],"class_list":["post-6663","post","type-post","status-publish","format-standard","has-post-thumbnail","hentry","category-general","category-p2","category-portada","category-primaria","category-sortides","tag-entorn","tag-natura","tag-santa-coloma-de-gramenet","tag-sortida"],"post_mailing_queue_ids":[],"_links":{"self":[{"href":"https:\/\/agora.xtec.cat\/ceip-fray-luis-leon\/wp-json\/wp\/v2\/posts\/6663","targetHints":{"allow":["GET"]}}],"collection":[{"href":"https:\/\/agora.xtec.cat\/ceip-fray-luis-leon\/wp-json\/wp\/v2\/posts"}],"about":[{"href":"https:\/\/agora.xtec.cat\/ceip-fray-luis-leon\/wp-json\/wp\/v2\/types\/post"}],"author":[{"embeddable":true,"href":"https:\/\/agora.xtec.cat\/ceip-fray-luis-leon\/wp-json\/wp\/v2\/users\/3"}],"replies":[{"embeddable":true,"href":"https:\/\/agora.xtec.cat\/ceip-fray-luis-leon\/wp-json\/wp\/v2\/comments?post=6663"}],"version-history":[{"count":5,"href":"https:\/\/agora.xtec.cat\/ceip-fray-luis-leon\/wp-json\/wp\/v2\/posts\/6663\/revisions"}],"predecessor-version":[{"id":6677,"href":"https:\/\/agora.xtec.cat\/ceip-fray-luis-leon\/wp-json\/wp\/v2\/posts\/6663\/revisions\/6677"}],"wp:featuredmedia":[{"embeddable":true,"href":"https:\/\/agora.xtec.cat\/ceip-fray-luis-leon\/wp-json\/wp\/v2\/media\/6665"}],"wp:attachment":[{"href":"https:\/\/agora.xtec.cat\/ceip-fray-luis-leon\/wp-json\/wp\/v2\/media?parent=6663"}],"wp:term":[{"taxonomy":"category","embeddable":true,"href":"https:\/\/agora.xtec.cat\/ceip-fray-luis-leon\/wp-json\/wp\/v2\/categories?post=6663"},{"taxonomy":"post_tag","embeddable":true,"href":"https:\/\/agora.xtec.cat\/ceip-fray-luis-leon\/wp-json\/wp\/v2\/tags?post=6663"}],"curies":[{"name":"wp","href":"https:\/\/api.w.org\/{rel}","templated":true}]}}