{"id":6584,"date":"2024-04-13T09:53:46","date_gmt":"2024-04-13T07:53:46","guid":{"rendered":"https:\/\/agora.xtec.cat\/ceip-fray-luis-leon\/?p=6584"},"modified":"2024-04-13T09:53:46","modified_gmt":"2024-04-13T07:53:46","slug":"visita-a-la-llibreria","status":"publish","type":"post","link":"https:\/\/agora.xtec.cat\/ceip-fray-luis-leon\/general\/visita-a-la-llibreria\/","title":{"rendered":"Visita a la llibreria"},"content":{"rendered":"<p style=\"text-align: justify;\"><span style=\"font-weight: 400;\">L\u2019alumnat de 3r, 4t i 5\u00e8 de l\u2019escola va visitar la <\/span><a href=\"https:\/\/www.llibreriacarrermajor.cat\/cat\/\"><span style=\"font-weight: 400;\">Llibreria del Carrer Major<\/span><\/a><span style=\"font-weight: 400;\"> per tal que cada nen i nena compr\u00e9s un llibre. Els diversos grups de l\u2019escola van ser rebuts pel personal de la llibreria que els va donar la benvinguda, va atendre les seves peticions i va respondre totes les consultes.<\/span><\/p>\n<p style=\"text-align: justify;\"><span style=\"font-weight: 400;\">Pr\u00e8viament, els infants havien preparat la sortida a classe i havien fet una tria de llibres, que havien sol\u00b7licitat a la llibreria. De tota manera van poder repensar-s\u2019hi i escollir el t\u00edtol que m\u00e9s els agrad\u00e9s. Aquest any els llibres escollits han estat molt variats i l\u2019alumnat ha gaudit molt de la visita i del llibre adquirit.<\/span><\/p>\n<p style=\"text-align: justify;\"><span style=\"font-weight: 400;\">Despr\u00e9s de la visita, l\u2019activitat continua a l\u2019escola. L\u2019objectiu \u00e9s que el gust per la lectura tingui bases s\u00f2lides; es tracta de dotar l\u2019alumnat d\u2019una experi\u00e8ncia de reflexi\u00f3 al voltant dels llibres i del fet de llegir. Qu\u00e8 busquem en un llibre? Quina mena de llibres tenim a l\u2019abast? Quins val la pena comprar? Un primer pas per formar una petita col\u00b7lecci\u00f3 de t\u00edtols personals i, de passada, con\u00e8ixer l\u2019entorn comercial i cultural de Santa Coloma.<\/span><\/p>\n<p style=\"text-align: justify;\"><span style=\"font-weight: 400;\">La transacci\u00f3 es va fer mitjan\u00e7ant uns vals de compra intercanviables per un llibre. La despesa es cobreix amb part dels fons PROA+.<\/span><\/p>\n<p>Feu clic a la imatge.<\/p>\n<p><a href=\"https:\/\/drive.google.com\/file\/d\/12350uEoWjLCwf6Tir04Bbrov8sIuos2c\/view?usp=sharing\" target=\"_blank\" rel=\"noopener\"><img loading=\"lazy\" decoding=\"async\" class=\"aligncenter wp-image-6585 size-full\" src=\"https:\/\/agora.xtec.cat\/ceip-fray-luis-leon\/wp-content\/uploads\/usu900\/2024\/04\/foto-portada-2-1.jpg\" alt=\"\" width=\"640\" height=\"207\" srcset=\"https:\/\/agora.xtec.cat\/ceip-fray-luis-leon\/wp-content\/uploads\/usu900\/2024\/04\/foto-portada-2-1.jpg 640w, https:\/\/agora.xtec.cat\/ceip-fray-luis-leon\/wp-content\/uploads\/usu900\/2024\/04\/foto-portada-2-1-300x97.jpg 300w\" sizes=\"auto, (max-width: 640px) 100vw, 640px\" \/><\/a><\/p>\n","protected":false},"excerpt":{"rendered":"<p>L\u2019alumnat de 3r, 4t i 5\u00e8 de l\u2019escola va visitar la Llibreria del Carrer Major.<\/p>\n","protected":false},"author":3,"featured_media":6585,"comment_status":"closed","ping_status":"closed","sticky":false,"template":"","format":"standard","meta":{"_bbp_topic_count":0,"_bbp_reply_count":0,"_bbp_total_topic_count":0,"_bbp_total_reply_count":0,"_bbp_voice_count":0,"_bbp_anonymous_reply_count":0,"_bbp_topic_count_hidden":0,"_bbp_reply_count_hidden":0,"_bbp_forum_subforum_count":0,"site-sidebar-layout":"default","site-content-layout":"","ast-site-content-layout":"","site-content-style":"default","site-sidebar-style":"default","ast-global-header-display":"","ast-banner-title-visibility":"","ast-main-header-display":"","ast-hfb-above-header-display":"","ast-hfb-below-header-display":"","ast-hfb-mobile-header-display":"","site-post-title":"","ast-breadcrumbs-content":"","ast-featured-img":"","footer-sml-layout":"","theme-transparent-header-meta":"","adv-header-id-meta":"","stick-header-meta":"","header-above-stick-meta":"","header-main-stick-meta":"","header-below-stick-meta":"","astra-migrate-meta-layouts":"default","ast-page-background-enabled":"default","ast-page-background-meta":{"desktop":{"background-color":"var(--ast-global-color-4)","background-image":"","background-repeat":"repeat","background-position":"center center","background-size":"auto","background-attachment":"scroll","background-type":"","background-media":"","overlay-type":"","overlay-color":"","overlay-opacity":"","overlay-gradient":""},"tablet":{"background-color":"","background-image":"","background-repeat":"repeat","background-position":"center center","background-size":"auto","background-attachment":"scroll","background-type":"","background-media":"","overlay-type":"","overlay-color":"","overlay-opacity":"","overlay-gradient":""},"mobile":{"background-color":"","background-image":"","background-repeat":"repeat","background-position":"center center","background-size":"auto","background-attachment":"scroll","background-type":"","background-media":"","overlay-type":"","overlay-color":"","overlay-opacity":"","overlay-gradient":""}},"ast-content-background-meta":{"desktop":{"background-color":"var(--ast-global-color-5)","background-image":"","background-repeat":"repeat","background-position":"center center","background-size":"auto","background-attachment":"scroll","background-type":"","background-media":"","overlay-type":"","overlay-color":"","overlay-opacity":"","overlay-gradient":""},"tablet":{"background-color":"var(--ast-global-color-5)","background-image":"","background-repeat":"repeat","background-position":"center center","background-size":"auto","background-attachment":"scroll","background-type":"","background-media":"","overlay-type":"","overlay-color":"","overlay-opacity":"","overlay-gradient":""},"mobile":{"background-color":"var(--ast-global-color-5)","background-image":"","background-repeat":"repeat","background-position":"center center","background-size":"auto","background-attachment":"scroll","background-type":"","background-media":"","overlay-type":"","overlay-color":"","overlay-opacity":"","overlay-gradient":""}},"footnotes":""},"categories":[1,60,59,58,4,5,365,26],"tags":[225,399,349,315,231],"class_list":["post-6584","post","type-post","status-publish","format-standard","has-post-thumbnail","hentry","category-general","category-p3","category-p4","category-p5","category-portada","category-primaria","category-proa","category-temps-de-lectura","tag-barri","tag-comerc","tag-cultura","tag-lectura","tag-santa-coloma-de-gramenet"],"post_mailing_queue_ids":[],"_links":{"self":[{"href":"https:\/\/agora.xtec.cat\/ceip-fray-luis-leon\/wp-json\/wp\/v2\/posts\/6584","targetHints":{"allow":["GET"]}}],"collection":[{"href":"https:\/\/agora.xtec.cat\/ceip-fray-luis-leon\/wp-json\/wp\/v2\/posts"}],"about":[{"href":"https:\/\/agora.xtec.cat\/ceip-fray-luis-leon\/wp-json\/wp\/v2\/types\/post"}],"author":[{"embeddable":true,"href":"https:\/\/agora.xtec.cat\/ceip-fray-luis-leon\/wp-json\/wp\/v2\/users\/3"}],"replies":[{"embeddable":true,"href":"https:\/\/agora.xtec.cat\/ceip-fray-luis-leon\/wp-json\/wp\/v2\/comments?post=6584"}],"version-history":[{"count":1,"href":"https:\/\/agora.xtec.cat\/ceip-fray-luis-leon\/wp-json\/wp\/v2\/posts\/6584\/revisions"}],"predecessor-version":[{"id":6586,"href":"https:\/\/agora.xtec.cat\/ceip-fray-luis-leon\/wp-json\/wp\/v2\/posts\/6584\/revisions\/6586"}],"wp:featuredmedia":[{"embeddable":true,"href":"https:\/\/agora.xtec.cat\/ceip-fray-luis-leon\/wp-json\/wp\/v2\/media\/6585"}],"wp:attachment":[{"href":"https:\/\/agora.xtec.cat\/ceip-fray-luis-leon\/wp-json\/wp\/v2\/media?parent=6584"}],"wp:term":[{"taxonomy":"category","embeddable":true,"href":"https:\/\/agora.xtec.cat\/ceip-fray-luis-leon\/wp-json\/wp\/v2\/categories?post=6584"},{"taxonomy":"post_tag","embeddable":true,"href":"https:\/\/agora.xtec.cat\/ceip-fray-luis-leon\/wp-json\/wp\/v2\/tags?post=6584"}],"curies":[{"name":"wp","href":"https:\/\/api.w.org\/{rel}","templated":true}]}}