{"id":6572,"date":"2024-04-10T09:00:42","date_gmt":"2024-04-10T07:00:42","guid":{"rendered":"https:\/\/agora.xtec.cat\/ceip-fray-luis-leon\/?p=6572"},"modified":"2024-04-13T09:10:27","modified_gmt":"2024-04-13T07:10:27","slug":"gramactivat-2024","status":"publish","type":"post","link":"https:\/\/agora.xtec.cat\/ceip-fray-luis-leon\/general\/gramactivat-2024\/","title":{"rendered":"Gramactiva\u2019t 2024"},"content":{"rendered":"<p style=\"text-align: justify;\"><span style=\"font-weight: 400;\">Amb motiu del <\/span><a href=\"https:\/\/salutpublica.gencat.cat\/ca\/ambits\/promocio_salut\/suma-salut\/dies-mundials\/dia-mundial-activitat-fisica\/\"><span style=\"font-weight: 400;\">Dia Mundial de l\u2019Activitat F\u00edsica,<\/span><\/a><span style=\"font-weight: 400;\"> 6 d\u2019abril, el 4 d\u2019abril s\u2019ha dut a terme Gramactiva\u2019t 2024, la tercera edici\u00f3 d\u2019una jornada plena d\u2019activitats esportives, organitzada pel <\/span><a href=\"https:\/\/blocs.xtec.cat\/gramagef\/\"><span style=\"font-weight: 400;\">grup de treball de mestres<\/span><\/a><span style=\"font-weight: 400;\"> d\u2019Educaci\u00f3 F\u00edsica amb el suport del Centre de Recursos Pedag\u00f2gics i la col\u00b7laboraci\u00f3 de l\u2019Ajuntament de Santa Coloma de Gramenet i el Consell Esportiu del Barcelon\u00e8s Nord.<\/span><\/p>\n<p style=\"text-align: justify;\"><span style=\"font-weight: 400;\">M\u00e9s de 1000 alumnes de cicle superior de les escoles de la ciutat de Santa Coloma han compartit diferents propostes de jocs i activitats relacionades amb l\u2019activitat f\u00edsica, l\u2019esport i la salut, en diferents espais del recinte de Can Zam i en col\u00b7laboraci\u00f3 amb diferents entitats esportives i de la salut. Tots\u00a0 han contribu\u00eft a\u00a0 una aut\u00e8ntica festa de l\u2019activitat f\u00edsica, l\u2019esport i la salut!<\/span><\/p>\n<p>Volem compartir amb vosaltres algunes fotos de la jornada. Feu clic a la imatge.<\/p>\n<p><a href=\"https:\/\/drive.google.com\/file\/d\/1wJaJBfN__PSFlrHHaMnWGrZnJITLBOiY\/view?usp=drive_link\" target=\"_blank\" rel=\"noopener\"><img loading=\"lazy\" decoding=\"async\" class=\"aligncenter wp-image-6575 size-full\" src=\"https:\/\/agora.xtec.cat\/ceip-fray-luis-leon\/wp-content\/uploads\/usu900\/2024\/04\/foto-portada-2-e1712991958311.jpg\" alt=\"\" width=\"640\" height=\"466\" srcset=\"https:\/\/agora.xtec.cat\/ceip-fray-luis-leon\/wp-content\/uploads\/usu900\/2024\/04\/foto-portada-2-e1712991958311.jpg 640w, https:\/\/agora.xtec.cat\/ceip-fray-luis-leon\/wp-content\/uploads\/usu900\/2024\/04\/foto-portada-2-e1712991958311-300x218.jpg 300w\" sizes=\"auto, (max-width: 640px) 100vw, 640px\" \/><\/a><\/p>\n<p>&nbsp;<\/p>\n","protected":false},"excerpt":{"rendered":"<p>M\u00e9s de 1000 alumnes de cicle superior de les escoles de la ciutat de Santa Coloma han compartit diferents propostes de jocs i activitats relacionades amb l\u2019activitat f\u00edsica, l\u2019esport i la salut.<\/p>\n","protected":false},"author":3,"featured_media":6575,"comment_status":"closed","ping_status":"closed","sticky":false,"template":"","format":"standard","meta":{"_bbp_topic_count":0,"_bbp_reply_count":0,"_bbp_total_topic_count":0,"_bbp_total_reply_count":0,"_bbp_voice_count":0,"_bbp_anonymous_reply_count":0,"_bbp_topic_count_hidden":0,"_bbp_reply_count_hidden":0,"_bbp_forum_subforum_count":0,"site-sidebar-layout":"default","site-content-layout":"","ast-site-content-layout":"","site-content-style":"default","site-sidebar-style":"default","ast-global-header-display":"","ast-banner-title-visibility":"","ast-main-header-display":"","ast-hfb-above-header-display":"","ast-hfb-below-header-display":"","ast-hfb-mobile-header-display":"","site-post-title":"","ast-breadcrumbs-content":"","ast-featured-img":"","footer-sml-layout":"","theme-transparent-header-meta":"","adv-header-id-meta":"","stick-header-meta":"","header-above-stick-meta":"","header-main-stick-meta":"","header-below-stick-meta":"","astra-migrate-meta-layouts":"default","ast-page-background-enabled":"default","ast-page-background-meta":{"desktop":{"background-color":"var(--ast-global-color-4)","background-image":"","background-repeat":"repeat","background-position":"center center","background-size":"auto","background-attachment":"scroll","background-type":"","background-media":"","overlay-type":"","overlay-color":"","overlay-opacity":"","overlay-gradient":""},"tablet":{"background-color":"","background-image":"","background-repeat":"repeat","background-position":"center center","background-size":"auto","background-attachment":"scroll","background-type":"","background-media":"","overlay-type":"","overlay-color":"","overlay-opacity":"","overlay-gradient":""},"mobile":{"background-color":"","background-image":"","background-repeat":"repeat","background-position":"center center","background-size":"auto","background-attachment":"scroll","background-type":"","background-media":"","overlay-type":"","overlay-color":"","overlay-opacity":"","overlay-gradient":""}},"ast-content-background-meta":{"desktop":{"background-color":"var(--ast-global-color-5)","background-image":"","background-repeat":"repeat","background-position":"center center","background-size":"auto","background-attachment":"scroll","background-type":"","background-media":"","overlay-type":"","overlay-color":"","overlay-opacity":"","overlay-gradient":""},"tablet":{"background-color":"var(--ast-global-color-5)","background-image":"","background-repeat":"repeat","background-position":"center center","background-size":"auto","background-attachment":"scroll","background-type":"","background-media":"","overlay-type":"","overlay-color":"","overlay-opacity":"","overlay-gradient":""},"mobile":{"background-color":"var(--ast-global-color-5)","background-image":"","background-repeat":"repeat","background-position":"center center","background-size":"auto","background-attachment":"scroll","background-type":"","background-media":"","overlay-type":"","overlay-color":"","overlay-opacity":"","overlay-gradient":""}},"footnotes":""},"categories":[1,58,57,4,5],"tags":[301,269,237,307,231],"class_list":["post-6572","post","type-post","status-publish","format-standard","has-post-thumbnail","hentry","category-general","category-p5","category-p6","category-portada","category-primaria","tag-can-zam","tag-educacio-fisica","tag-esport","tag-salut","tag-santa-coloma-de-gramenet"],"post_mailing_queue_ids":[],"_links":{"self":[{"href":"https:\/\/agora.xtec.cat\/ceip-fray-luis-leon\/wp-json\/wp\/v2\/posts\/6572","targetHints":{"allow":["GET"]}}],"collection":[{"href":"https:\/\/agora.xtec.cat\/ceip-fray-luis-leon\/wp-json\/wp\/v2\/posts"}],"about":[{"href":"https:\/\/agora.xtec.cat\/ceip-fray-luis-leon\/wp-json\/wp\/v2\/types\/post"}],"author":[{"embeddable":true,"href":"https:\/\/agora.xtec.cat\/ceip-fray-luis-leon\/wp-json\/wp\/v2\/users\/3"}],"replies":[{"embeddable":true,"href":"https:\/\/agora.xtec.cat\/ceip-fray-luis-leon\/wp-json\/wp\/v2\/comments?post=6572"}],"version-history":[{"count":5,"href":"https:\/\/agora.xtec.cat\/ceip-fray-luis-leon\/wp-json\/wp\/v2\/posts\/6572\/revisions"}],"predecessor-version":[{"id":6583,"href":"https:\/\/agora.xtec.cat\/ceip-fray-luis-leon\/wp-json\/wp\/v2\/posts\/6572\/revisions\/6583"}],"wp:featuredmedia":[{"embeddable":true,"href":"https:\/\/agora.xtec.cat\/ceip-fray-luis-leon\/wp-json\/wp\/v2\/media\/6575"}],"wp:attachment":[{"href":"https:\/\/agora.xtec.cat\/ceip-fray-luis-leon\/wp-json\/wp\/v2\/media?parent=6572"}],"wp:term":[{"taxonomy":"category","embeddable":true,"href":"https:\/\/agora.xtec.cat\/ceip-fray-luis-leon\/wp-json\/wp\/v2\/categories?post=6572"},{"taxonomy":"post_tag","embeddable":true,"href":"https:\/\/agora.xtec.cat\/ceip-fray-luis-leon\/wp-json\/wp\/v2\/tags?post=6572"}],"curies":[{"name":"wp","href":"https:\/\/api.w.org\/{rel}","templated":true}]}}