{"id":6325,"date":"2024-02-13T20:44:01","date_gmt":"2024-02-13T19:44:01","guid":{"rendered":"https:\/\/agora.xtec.cat\/ceip-fray-luis-leon\/?p=6325"},"modified":"2024-02-13T21:05:16","modified_gmt":"2024-02-13T20:05:16","slug":"fem-robotica-a-cicle-mitja","status":"publish","type":"post","link":"https:\/\/agora.xtec.cat\/ceip-fray-luis-leon\/portada\/fem-robotica-a-cicle-mitja\/","title":{"rendered":"Fem Rob\u00f2tica a Cicle Mitj\u00e0"},"content":{"rendered":"<p style=\"text-align: justify;\"><span style=\"font-weight: 400;\">Els nens i nenes de 4t de prim\u00e0ria ja han comen\u00e7at amb la rob\u00f2tica. Aquesta es desenvolupa a les estones de Medi\/MAV. Per tant, l\u2019alumnat ha tingut l\u2019oportunitat de con\u00e8ixer amb m\u00e9s detall l\u2019aplicaci\u00f3 MBLOCK i a m\u00e9s, manipular el robot Codey Rockey. Cal destacar que la seva implantaci\u00f3 a l\u2019aula fomenta aspectes com la participaci\u00f3, el treball en equip o la imaginaci\u00f3.\u00a0<\/span><\/p>\n<p>Us deixem unes fotos amb el treball realitzat.<\/p>\n<p><span style=\"font-weight: 400;\">L\u2019equip de mestres<\/span><\/p>\n<p><a href=\"https:\/\/drive.google.com\/file\/d\/1zXLm1tCrXYcrsKisvQ9SxW_wtMMb3B2Q\/view?usp=sharing\"><img loading=\"lazy\" decoding=\"async\" class=\"wp-image-6330 aligncenter\" src=\"https:\/\/agora.xtec.cat\/ceip-fray-luis-leon\/wp-content\/uploads\/usu900\/2024\/02\/Diseno-sin-titulo-1024x1024.png\" alt=\"\" width=\"344\" height=\"344\" srcset=\"https:\/\/agora.xtec.cat\/ceip-fray-luis-leon\/wp-content\/uploads\/usu900\/2024\/02\/Diseno-sin-titulo-1024x1024.png 1024w, https:\/\/agora.xtec.cat\/ceip-fray-luis-leon\/wp-content\/uploads\/usu900\/2024\/02\/Diseno-sin-titulo-300x300.png 300w, https:\/\/agora.xtec.cat\/ceip-fray-luis-leon\/wp-content\/uploads\/usu900\/2024\/02\/Diseno-sin-titulo-150x150.png 150w, https:\/\/agora.xtec.cat\/ceip-fray-luis-leon\/wp-content\/uploads\/usu900\/2024\/02\/Diseno-sin-titulo-768x768.png 768w, https:\/\/agora.xtec.cat\/ceip-fray-luis-leon\/wp-content\/uploads\/usu900\/2024\/02\/Diseno-sin-titulo.png 1080w\" sizes=\"auto, (max-width: 344px) 100vw, 344px\" \/><\/a><\/p>\n","protected":false},"excerpt":{"rendered":"<p>Els nens i nenes de 4t de prim\u00e0ria ja han comen\u00e7at amb la rob\u00f2tica. Aquesta es desenvolupa a les estones de Medi\/MAV. Per tant, l\u2019alumnat ha tingut l\u2019oportunitat de con\u00e8ixer amb m\u00e9s detall l\u2019aplicaci\u00f3 MBLOCK i a m\u00e9s, manipular el robot Codey Rockey. Cal destacar que la seva implantaci\u00f3 a l\u2019aula fomenta aspectes com la [&hellip;]<\/p>\n","protected":false},"author":1,"featured_media":6330,"comment_status":"closed","ping_status":"closed","sticky":false,"template":"","format":"standard","meta":{"_bbp_topic_count":0,"_bbp_reply_count":0,"_bbp_total_topic_count":0,"_bbp_total_reply_count":0,"_bbp_voice_count":0,"_bbp_anonymous_reply_count":0,"_bbp_topic_count_hidden":0,"_bbp_reply_count_hidden":0,"_bbp_forum_subforum_count":0,"site-sidebar-layout":"default","site-content-layout":"","ast-site-content-layout":"","site-content-style":"default","site-sidebar-style":"default","ast-global-header-display":"","ast-banner-title-visibility":"","ast-main-header-display":"","ast-hfb-above-header-display":"","ast-hfb-below-header-display":"","ast-hfb-mobile-header-display":"","site-post-title":"","ast-breadcrumbs-content":"","ast-featured-img":"","footer-sml-layout":"","theme-transparent-header-meta":"","adv-header-id-meta":"","stick-header-meta":"","header-above-stick-meta":"","header-main-stick-meta":"","header-below-stick-meta":"","astra-migrate-meta-layouts":"default","ast-page-background-enabled":"default","ast-page-background-meta":{"desktop":{"background-color":"var(--ast-global-color-4)","background-image":"","background-repeat":"repeat","background-position":"center center","background-size":"auto","background-attachment":"scroll","background-type":"","background-media":"","overlay-type":"","overlay-color":"","overlay-opacity":"","overlay-gradient":""},"tablet":{"background-color":"","background-image":"","background-repeat":"repeat","background-position":"center center","background-size":"auto","background-attachment":"scroll","background-type":"","background-media":"","overlay-type":"","overlay-color":"","overlay-opacity":"","overlay-gradient":""},"mobile":{"background-color":"","background-image":"","background-repeat":"repeat","background-position":"center center","background-size":"auto","background-attachment":"scroll","background-type":"","background-media":"","overlay-type":"","overlay-color":"","overlay-opacity":"","overlay-gradient":""}},"ast-content-background-meta":{"desktop":{"background-color":"var(--ast-global-color-5)","background-image":"","background-repeat":"repeat","background-position":"center center","background-size":"auto","background-attachment":"scroll","background-type":"","background-media":"","overlay-type":"","overlay-color":"","overlay-opacity":"","overlay-gradient":""},"tablet":{"background-color":"var(--ast-global-color-5)","background-image":"","background-repeat":"repeat","background-position":"center center","background-size":"auto","background-attachment":"scroll","background-type":"","background-media":"","overlay-type":"","overlay-color":"","overlay-opacity":"","overlay-gradient":""},"mobile":{"background-color":"var(--ast-global-color-5)","background-image":"","background-repeat":"repeat","background-position":"center center","background-size":"auto","background-attachment":"scroll","background-type":"","background-media":"","overlay-type":"","overlay-color":"","overlay-opacity":"","overlay-gradient":""}},"footnotes":""},"categories":[27,59,4,5],"tags":[],"class_list":["post-6325","post","type-post","status-publish","format-standard","has-post-thumbnail","hentry","category-mav","category-p4","category-portada","category-primaria"],"post_mailing_queue_ids":[],"_links":{"self":[{"href":"https:\/\/agora.xtec.cat\/ceip-fray-luis-leon\/wp-json\/wp\/v2\/posts\/6325","targetHints":{"allow":["GET"]}}],"collection":[{"href":"https:\/\/agora.xtec.cat\/ceip-fray-luis-leon\/wp-json\/wp\/v2\/posts"}],"about":[{"href":"https:\/\/agora.xtec.cat\/ceip-fray-luis-leon\/wp-json\/wp\/v2\/types\/post"}],"author":[{"embeddable":true,"href":"https:\/\/agora.xtec.cat\/ceip-fray-luis-leon\/wp-json\/wp\/v2\/users\/1"}],"replies":[{"embeddable":true,"href":"https:\/\/agora.xtec.cat\/ceip-fray-luis-leon\/wp-json\/wp\/v2\/comments?post=6325"}],"version-history":[{"count":6,"href":"https:\/\/agora.xtec.cat\/ceip-fray-luis-leon\/wp-json\/wp\/v2\/posts\/6325\/revisions"}],"predecessor-version":[{"id":6334,"href":"https:\/\/agora.xtec.cat\/ceip-fray-luis-leon\/wp-json\/wp\/v2\/posts\/6325\/revisions\/6334"}],"wp:featuredmedia":[{"embeddable":true,"href":"https:\/\/agora.xtec.cat\/ceip-fray-luis-leon\/wp-json\/wp\/v2\/media\/6330"}],"wp:attachment":[{"href":"https:\/\/agora.xtec.cat\/ceip-fray-luis-leon\/wp-json\/wp\/v2\/media?parent=6325"}],"wp:term":[{"taxonomy":"category","embeddable":true,"href":"https:\/\/agora.xtec.cat\/ceip-fray-luis-leon\/wp-json\/wp\/v2\/categories?post=6325"},{"taxonomy":"post_tag","embeddable":true,"href":"https:\/\/agora.xtec.cat\/ceip-fray-luis-leon\/wp-json\/wp\/v2\/tags?post=6325"}],"curies":[{"name":"wp","href":"https:\/\/api.w.org\/{rel}","templated":true}]}}