{"id":6224,"date":"2023-12-23T09:14:48","date_gmt":"2023-12-23T08:14:48","guid":{"rendered":"https:\/\/agora.xtec.cat\/ceip-fray-luis-leon\/?p=6224"},"modified":"2023-12-23T09:14:48","modified_gmt":"2023-12-23T08:14:48","slug":"nadal-a-i3","status":"publish","type":"post","link":"https:\/\/agora.xtec.cat\/ceip-fray-luis-leon\/general\/nadal-a-i3\/","title":{"rendered":"Nadal a I3"},"content":{"rendered":"<p style=\"text-align: justify;\">Durant aquest mes de desembre hem treballat de valent a les classes dels Dracs i les Bruixes. Hem anat descobrint, dia a dia, el calendari d&#8217;advent, hem assajat la can\u00e7\u00f3 &#8216;La llum del fanalet&#8217; per despr\u00e9s cantar-la al concert de Nadal al teatre Sagarra, tamb\u00e9, amb la col\u00b7laboraci\u00f3 de les fam\u00edlies, hem decorat les aules. Cada setmana d&#8217;aquest mes, hem escoltat un conte de Nadal; un conte cada setmana a les fosques i il\u00b7luminats per quatre espelmes que s&#8217;anaven apagant setmana enrere setmana.<\/p>\n<p>Ens hem emportat a casa un Ti\u00f3 amb la nostra cara que hem fet amb alguns materials reciclats. Ens ha quedat preci\u00f3s!<\/p>\n<p style=\"text-align: justify;\">El Ti\u00f3 va arribar a la nostra classe i li vam portar moltes coses per engreixar-lo durant molts dies i al final ens va cagar un regalet. A m\u00e9s a m\u00e9s, ens va visitar el patge reial, li vam entregar la nostra carta de reis i ell ens va regalar unes llaminadures.<\/p>\n<p style=\"text-align: justify;\">Compartim amb vosaltres un <span style=\"font-size: 20px;\"><em><strong><a href=\"https:\/\/www.canva.com\/design\/DAF3lwNZ8NU\/Q12XkLwmkHz1QO4GzjX_OQ\/edit?utm_content=DAF3lwNZ8NU&amp;utm_campaign=designshare&amp;utm_medium=link2&amp;utm_source=sharebutton\" target=\"_blank\" rel=\"noopener\">recull de fotos de Nadal d&#8217;I3<\/a><\/strong><\/em> <strong>\u2190 <span style=\"font-size: 16px;\">(feu clic a l&#8217;enlla\u00e7)<\/span><\/strong> <span style=\"font-size: 16px;\">d&#8217;aquests \u00faltims dies de trimestre i aprofitem per desitjar-vos unes bones festes. Ens trobem el 8 de gener!<\/span><\/span><\/p>\n<p style=\"text-align: justify;\">\u00a0 \u00a0 \u00a0 \u00a0 \u00a0 \u00a0 \u00a0 \u00a0 \u00a0 \u00a0 \u00a0 \u00a0 \u00a0 \u00a0 \u00a0 \u00a0 \u00a0 \u00a0 \u00a0 \u00a0 \u00a0 \u00a0 \u00a0 \u00a0 \u00a0 \u00a0 \u00a0 \u00a0 \u00a0 \u00a0 \u00a0 \u00a0 \u00a0 \u00a0 \u00a0 \u00a0 \u00a0 \u00a0 \u00a0 \u00a0 \u00a0 \u00a0 \u00a0 <iframe loading=\"lazy\" src=\"\/\/giphy.com\/embed\/4T7Jz9ti5uqfbXRROl\" width=\"200\" height=\"200\" frameborder=\"0\" allowfullscreen=\"allowfullscreen\"><span data-mce-type=\"bookmark\" style=\"display: inline-block; width: 0px; overflow: hidden; line-height: 0;\" class=\"mce_SELRES_start\">\ufeff<\/span><span data-mce-type=\"bookmark\" style=\"display: inline-block; width: 0px; overflow: hidden; line-height: 0;\" class=\"mce_SELRES_start\">\ufeff<\/span><\/iframe><\/p>\n","protected":false},"excerpt":{"rendered":"<p>Durant aquest mes de desembre hem treballat de valent a les classes dels Dracs i les Bruixes.<\/p>\n","protected":false},"author":3,"featured_media":6231,"comment_status":"closed","ping_status":"closed","sticky":false,"template":"","format":"standard","meta":{"_bbp_topic_count":0,"_bbp_reply_count":0,"_bbp_total_topic_count":0,"_bbp_total_reply_count":0,"_bbp_voice_count":0,"_bbp_anonymous_reply_count":0,"_bbp_topic_count_hidden":0,"_bbp_reply_count_hidden":0,"_bbp_forum_subforum_count":0,"site-sidebar-layout":"default","site-content-layout":"","ast-site-content-layout":"","site-content-style":"default","site-sidebar-style":"default","ast-global-header-display":"","ast-banner-title-visibility":"","ast-main-header-display":"","ast-hfb-above-header-display":"","ast-hfb-below-header-display":"","ast-hfb-mobile-header-display":"","site-post-title":"","ast-breadcrumbs-content":"","ast-featured-img":"","footer-sml-layout":"","theme-transparent-header-meta":"","adv-header-id-meta":"","stick-header-meta":"","header-above-stick-meta":"","header-main-stick-meta":"","header-below-stick-meta":"","astra-migrate-meta-layouts":"default","ast-page-background-enabled":"default","ast-page-background-meta":{"desktop":{"background-color":"var(--ast-global-color-4)","background-image":"","background-repeat":"repeat","background-position":"center center","background-size":"auto","background-attachment":"scroll","background-type":"","background-media":"","overlay-type":"","overlay-color":"","overlay-opacity":"","overlay-gradient":""},"tablet":{"background-color":"","background-image":"","background-repeat":"repeat","background-position":"center center","background-size":"auto","background-attachment":"scroll","background-type":"","background-media":"","overlay-type":"","overlay-color":"","overlay-opacity":"","overlay-gradient":""},"mobile":{"background-color":"","background-image":"","background-repeat":"repeat","background-position":"center center","background-size":"auto","background-attachment":"scroll","background-type":"","background-media":"","overlay-type":"","overlay-color":"","overlay-opacity":"","overlay-gradient":""}},"ast-content-background-meta":{"desktop":{"background-color":"var(--ast-global-color-5)","background-image":"","background-repeat":"repeat","background-position":"center center","background-size":"auto","background-attachment":"scroll","background-type":"","background-media":"","overlay-type":"","overlay-color":"","overlay-opacity":"","overlay-gradient":""},"tablet":{"background-color":"var(--ast-global-color-5)","background-image":"","background-repeat":"repeat","background-position":"center center","background-size":"auto","background-attachment":"scroll","background-type":"","background-media":"","overlay-type":"","overlay-color":"","overlay-opacity":"","overlay-gradient":""},"mobile":{"background-color":"var(--ast-global-color-5)","background-image":"","background-repeat":"repeat","background-position":"center center","background-size":"auto","background-attachment":"scroll","background-type":"","background-media":"","overlay-type":"","overlay-color":"","overlay-opacity":"","overlay-gradient":""}},"footnotes":""},"categories":[28,1,54,2,4],"tags":[111,110,330,331,128,180],"class_list":["post-6224","post","type-post","status-publish","format-standard","has-post-thumbnail","hentry","category-festes","category-general","category-i3","category-infantil","category-portada","tag-bruixes","tag-dracs","tag-nadal","tag-patge-reial","tag-tio","tag-tradicions"],"post_mailing_queue_ids":[],"_links":{"self":[{"href":"https:\/\/agora.xtec.cat\/ceip-fray-luis-leon\/wp-json\/wp\/v2\/posts\/6224","targetHints":{"allow":["GET"]}}],"collection":[{"href":"https:\/\/agora.xtec.cat\/ceip-fray-luis-leon\/wp-json\/wp\/v2\/posts"}],"about":[{"href":"https:\/\/agora.xtec.cat\/ceip-fray-luis-leon\/wp-json\/wp\/v2\/types\/post"}],"author":[{"embeddable":true,"href":"https:\/\/agora.xtec.cat\/ceip-fray-luis-leon\/wp-json\/wp\/v2\/users\/3"}],"replies":[{"embeddable":true,"href":"https:\/\/agora.xtec.cat\/ceip-fray-luis-leon\/wp-json\/wp\/v2\/comments?post=6224"}],"version-history":[{"count":6,"href":"https:\/\/agora.xtec.cat\/ceip-fray-luis-leon\/wp-json\/wp\/v2\/posts\/6224\/revisions"}],"predecessor-version":[{"id":6238,"href":"https:\/\/agora.xtec.cat\/ceip-fray-luis-leon\/wp-json\/wp\/v2\/posts\/6224\/revisions\/6238"}],"wp:featuredmedia":[{"embeddable":true,"href":"https:\/\/agora.xtec.cat\/ceip-fray-luis-leon\/wp-json\/wp\/v2\/media\/6231"}],"wp:attachment":[{"href":"https:\/\/agora.xtec.cat\/ceip-fray-luis-leon\/wp-json\/wp\/v2\/media?parent=6224"}],"wp:term":[{"taxonomy":"category","embeddable":true,"href":"https:\/\/agora.xtec.cat\/ceip-fray-luis-leon\/wp-json\/wp\/v2\/categories?post=6224"},{"taxonomy":"post_tag","embeddable":true,"href":"https:\/\/agora.xtec.cat\/ceip-fray-luis-leon\/wp-json\/wp\/v2\/tags?post=6224"}],"curies":[{"name":"wp","href":"https:\/\/api.w.org\/{rel}","templated":true}]}}