{"id":6137,"date":"2023-10-30T18:30:36","date_gmt":"2023-10-30T17:30:36","guid":{"rendered":"https:\/\/agora.xtec.cat\/ceip-fray-luis-leon\/?p=6137"},"modified":"2023-11-11T18:59:44","modified_gmt":"2023-11-11T17:59:44","slug":"eleccions-consell-escolar","status":"publish","type":"post","link":"https:\/\/agora.xtec.cat\/ceip-fray-luis-leon\/general\/eleccions-consell-escolar\/","title":{"rendered":"Eleccions Consell Escolar"},"content":{"rendered":"<p>El <strong>Consell Escolar<\/strong> \u00e9s l\u2019\u00f2rgan de participaci\u00f3 de la comunitat escolar en el centre.<br \/>\nD\u2019acord amb la <strong>RESOLUCI\u00d3 EDU\/3014\/2023<\/strong>, de 30 d\u2019agost, per la qual s&#8217;estableix el calendari i el r\u00e8gim del proc\u00e9s electoral per renovar els membres dels consells escolars dels centres p\u00fablics i privats sostinguts amb fons p\u00fablics de titularitat del Departament d\u2019Educaci\u00f3. Per tant, hem de procedir a celebrar eleccions en el sector de pares, mares i tutors o tutores d\u2019alumnes.<br \/>\nEl cens electoral estar\u00e0 exposat en el tauler d\u2019anuncis al vest\u00edbul de l\u2019escola els dies 6, 7 i 8 de novembre. Haureu de consultar-lo i en el cas que trobeu algun error podreu fer la reclamaci\u00f3 pertinent al despatx de direcci\u00f3 fins al dimecres dia 8 de novembre.<br \/>\n\u25cf <strong>Qui pot ser candidat\/a?<\/strong> Poden ser candidats\/es tots els pares, mares, tutors o tutores dels alumnes del centre que figuren en el cens electoral.<br \/>\n\u25cf <strong>Com i quan presentar la candidatura?<\/strong> Per presentar la candidatura nom\u00e9s cal omplir un impr\u00e8s que us facilitaran a Direcci\u00f3 i lliurar-lo en les dates marcades en el calendari.<br \/>\n\u25cf <strong>Com es forma la mesa electoral?<\/strong> El dia 10 de novembre, es far\u00e0 un sorteig entre tots els pares, mares i tutors o tutores d\u2019alumnes per tal de triar dos titulars i sis reserves, que se\u2019ls informar\u00e0 degudament.<br \/>\n\u25cf <strong>Com es fa la votaci\u00f3?<\/strong> La votaci\u00f3 es far\u00e0 el dia 22 de novembre de 2023. L\u2019horari de la votaci\u00f3 ser\u00e0 de 9.00h a 9:30h i de 16:15h a 16:45h al vest\u00edbul de l\u2019escola. Cada pare, mare i tutor\/a legal d\u2019alumnes del centre t\u00e9 dret a un vot (presentant el DNI, NIE, passaport o targeta de resid\u00e8ncia). Cal tenir en compte que no es pot delegar el vot i que no \u00e9s perm\u00e8s el vot per correu.<\/p>\n<p><strong>L\u2019\u00c8XIT EDUCATIU, UN OBJECTIU I UNA RESPONSABILITAT DE TOT@S<\/strong><\/p>\n","protected":false},"excerpt":{"rendered":"<p>El Consell Escolar \u00e9s l\u2019\u00f2rgan de participaci\u00f3 de la comunitat escolar en el centre&#8230;<\/p>\n","protected":false},"author":9,"featured_media":6138,"comment_status":"closed","ping_status":"closed","sticky":false,"template":"","format":"standard","meta":{"_bbp_topic_count":0,"_bbp_reply_count":0,"_bbp_total_topic_count":0,"_bbp_total_reply_count":0,"_bbp_voice_count":0,"_bbp_anonymous_reply_count":0,"_bbp_topic_count_hidden":0,"_bbp_reply_count_hidden":0,"_bbp_forum_subforum_count":0,"site-sidebar-layout":"default","site-content-layout":"","ast-site-content-layout":"","site-content-style":"default","site-sidebar-style":"default","ast-global-header-display":"","ast-banner-title-visibility":"","ast-main-header-display":"","ast-hfb-above-header-display":"","ast-hfb-below-header-display":"","ast-hfb-mobile-header-display":"","site-post-title":"","ast-breadcrumbs-content":"","ast-featured-img":"","footer-sml-layout":"","theme-transparent-header-meta":"","adv-header-id-meta":"","stick-header-meta":"","header-above-stick-meta":"","header-main-stick-meta":"","header-below-stick-meta":"","astra-migrate-meta-layouts":"default","ast-page-background-enabled":"default","ast-page-background-meta":{"desktop":{"background-color":"var(--ast-global-color-4)","background-image":"","background-repeat":"repeat","background-position":"center center","background-size":"auto","background-attachment":"scroll","background-type":"","background-media":"","overlay-type":"","overlay-color":"","overlay-opacity":"","overlay-gradient":""},"tablet":{"background-color":"","background-image":"","background-repeat":"repeat","background-position":"center center","background-size":"auto","background-attachment":"scroll","background-type":"","background-media":"","overlay-type":"","overlay-color":"","overlay-opacity":"","overlay-gradient":""},"mobile":{"background-color":"","background-image":"","background-repeat":"repeat","background-position":"center center","background-size":"auto","background-attachment":"scroll","background-type":"","background-media":"","overlay-type":"","overlay-color":"","overlay-opacity":"","overlay-gradient":""}},"ast-content-background-meta":{"desktop":{"background-color":"var(--ast-global-color-5)","background-image":"","background-repeat":"repeat","background-position":"center center","background-size":"auto","background-attachment":"scroll","background-type":"","background-media":"","overlay-type":"","overlay-color":"","overlay-opacity":"","overlay-gradient":""},"tablet":{"background-color":"var(--ast-global-color-5)","background-image":"","background-repeat":"repeat","background-position":"center center","background-size":"auto","background-attachment":"scroll","background-type":"","background-media":"","overlay-type":"","overlay-color":"","overlay-opacity":"","overlay-gradient":""},"mobile":{"background-color":"var(--ast-global-color-5)","background-image":"","background-repeat":"repeat","background-position":"center center","background-size":"auto","background-attachment":"scroll","background-type":"","background-media":"","overlay-type":"","overlay-color":"","overlay-opacity":"","overlay-gradient":""}},"footnotes":""},"categories":[1,4],"tags":[],"class_list":["post-6137","post","type-post","status-publish","format-standard","has-post-thumbnail","hentry","category-general","category-portada"],"post_mailing_queue_ids":[],"_links":{"self":[{"href":"https:\/\/agora.xtec.cat\/ceip-fray-luis-leon\/wp-json\/wp\/v2\/posts\/6137","targetHints":{"allow":["GET"]}}],"collection":[{"href":"https:\/\/agora.xtec.cat\/ceip-fray-luis-leon\/wp-json\/wp\/v2\/posts"}],"about":[{"href":"https:\/\/agora.xtec.cat\/ceip-fray-luis-leon\/wp-json\/wp\/v2\/types\/post"}],"author":[{"embeddable":true,"href":"https:\/\/agora.xtec.cat\/ceip-fray-luis-leon\/wp-json\/wp\/v2\/users\/9"}],"replies":[{"embeddable":true,"href":"https:\/\/agora.xtec.cat\/ceip-fray-luis-leon\/wp-json\/wp\/v2\/comments?post=6137"}],"version-history":[{"count":2,"href":"https:\/\/agora.xtec.cat\/ceip-fray-luis-leon\/wp-json\/wp\/v2\/posts\/6137\/revisions"}],"predecessor-version":[{"id":6140,"href":"https:\/\/agora.xtec.cat\/ceip-fray-luis-leon\/wp-json\/wp\/v2\/posts\/6137\/revisions\/6140"}],"wp:featuredmedia":[{"embeddable":true,"href":"https:\/\/agora.xtec.cat\/ceip-fray-luis-leon\/wp-json\/wp\/v2\/media\/6138"}],"wp:attachment":[{"href":"https:\/\/agora.xtec.cat\/ceip-fray-luis-leon\/wp-json\/wp\/v2\/media?parent=6137"}],"wp:term":[{"taxonomy":"category","embeddable":true,"href":"https:\/\/agora.xtec.cat\/ceip-fray-luis-leon\/wp-json\/wp\/v2\/categories?post=6137"},{"taxonomy":"post_tag","embeddable":true,"href":"https:\/\/agora.xtec.cat\/ceip-fray-luis-leon\/wp-json\/wp\/v2\/tags?post=6137"}],"curies":[{"name":"wp","href":"https:\/\/api.w.org\/{rel}","templated":true}]}}