{"id":4782,"date":"2022-03-02T13:12:29","date_gmt":"2022-03-02T12:12:29","guid":{"rendered":"https:\/\/agora.xtec.cat\/ceip-fray-luis-leon\/?p=4782"},"modified":"2022-03-02T13:26:59","modified_gmt":"2022-03-02T12:26:59","slug":"el-petit-blau-i-el-petit-groc-a-i3","status":"publish","type":"post","link":"https:\/\/agora.xtec.cat\/ceip-fray-luis-leon\/general\/el-petit-blau-i-el-petit-groc-a-i3\/","title":{"rendered":"El petit Blau i el petit Groc a I3"},"content":{"rendered":"<p style=\"text-align: justify;\">Fa uns dies a la classe dels Dracs i de les Bruixes vam explicar el conte de Leo Lionni \u2018El petit Blau i el petit Groc\u2019. Es tracta d\u2019una hist\u00f2ria sobre dos amics de diferents colors que es fonen en una abra\u00e7ada sense adonar-se que es converteixen en un altre color. Ning\u00fa no els reconeix, ni tan sols les seves fam\u00edlies&#8230;<\/p>\n<p style=\"text-align: justify;\">Aquesta hist\u00f2ria reivindica la conviv\u00e8ncia, la solidaritat i la comprensi\u00f3. Tots i totes hem apr\u00e8s molt gr\u00e0cies a aquest conte.<\/p>\n<p>&nbsp;<\/p>\n<div id=\"2C34D\" style=\"width: 100%; max-width: 600px; height: 400px; display: none;\"><img decoding=\"async\" src=\"https:\/\/lh3.googleusercontent.com\/GVKAwz6btorHulWV7NZ_lJfcdum_kgmMu9tVpif-s02295BZuUiin5HdupJy0DgRx6U1oIu1oUwRJSNJWOmErnUo-9fp2YFiMWYQgpCwgDjLlqeY4-DoCaeYV05-I-WyDkiSiCVyzo_Nrl1W6FQLCjvgZZpASRqukPHAZArLB7ro_SEnNtN1LjkX8gurcMCBjL-WP6BYSxDsnPmuAssnbEJmotSDamjG-0f2g9QUyYmomJt-HB_qMpuIWZ0296s5ROVFRVFRvUAYdcpDgK2MI88xVwL45OlQGSGcjBUTodiCs3ddW6zu3YSpu_PWx5t0f_cW6L_UFjvJVgVf8l76B--WjxOpNMdWzvJXcHKInaEmi1TUPatFWPwNumTMbI-btze0_9Ys1Lwh4hjKapZi-ZcLPbB_rbJceIqA5TnVFxvJ1ss4l916X2PB_51Xvjin1fXWoFe8cKH_aWu7W6y-vTiprIGNSYJa-ojSZqMk_5m_NImMy719vDRTTh3Zn83I9TnpB-dRjIDUtj8T9Xx1BwE6G8f-mCHhHS1k673jRkVUay0jUia3TCixmo8pBEmo4T7kMT2GKmorH-myx8m0O2Awh1gHWgHSXTJVvskcZ2GRE5FJ1R-vyvMylS3I4zjrkeDVKpBN2a0DZM9W4hAHY80fydynu1g1NAoYI9x9lA9ufZhm6tcO9J6w8RfvdGAnlzuB3N6QZtZ2PytpCjFDEnDl5gJ6jY8WfnYCR8rlH33CZVfGvHzZNISEcPLQkYvYlWN_-cBoCsH3YHyW384=w216-h288-no?authuser=0\" data-link=\"https:\/\/photos.google.com\/share\/AF1QipMy3xKdbsrxs6aPnm0ZqwHgRaz6VmzjneVVKq0koO_RyqOUsfMwurluw1CjG1T5zA\/photo\/AF1QipNGbAQtaZuFUfmRym74CT7b6MxKlwLOzmgQKfeS?key=Y0hLVWpwcjAyZGZTbm5yX0dBeXRKekhMWlhrUFhR\" \/><br \/>\n<img decoding=\"async\" src=\"https:\/\/lh3.googleusercontent.com\/hsddmKLA9wMyXJphXF652UcK2JU3iqee24-QaAdeqFBvTJWJNK1LaXm_GrRPOLkOKmdLxsVT1VIpAtqmBE5QrnTsDgIAh8Je9u-r0s83RgtdV5aTsu4cqMVAhwaguTlrclWeG2393GBkNgmnTuRLCaZ4Cv6e-9zc864ukrHR9oTkZEkWNS8pojdEeNwEahJtMrNol9iMQjMbrD_U4OsbeSwKzrL06YieAEx8XjZWC9KsDzYWsHRToOJDr-Yo65M0TlakRKO1Wk8DYDn4pENEucpzS8ticem5hxZy_Y2_1B6cRyZHCsL9lI9K0vRrI1eBYRkHCZlPQPEtH7d-TdthE8tc31bTlryFeSvxO-5biD0ypDiBSYOmHhS_Fq7R6jrNg1Mdh-r5tCgTFR02uwkF_dIFXDu4XUGlrxrzKuk5qaQbLsGLFxp51-LcM41tL316wK_fYFnWn9gfseKj1wNGn6m_PSzruYEnDMLZWKmEVR3gQRtScLQVTkZjHjnRMHzYhtNMisUl0ZHQf-QqzVuMxwIXZC9Zj7Rdhnrk-IJlM6udy5HBwRKIseTl6xP3G1N1y2TRtP_G8-dce2oz5R91O0GIXL6mZCrUeCVv5IRyLiBIEnApXZnUTYfcWH4FwudsUkkE3ZnuaHMrBOLIvw7RdgSrnESgFTzTT0rLDQKAK30ily7gv9ICuAa1lrSvgzLq4szzy56qs-XTo5IJLKc6JsskIX9vqCTePGpaWVCzKknM7fWa8WUv7krfFt_OfLUhKypXMBA6iJyC75UyuR4=w166-h288-no?authuser=0\" data-link=\"https:\/\/photos.google.com\/share\/AF1QipMy3xKdbsrxs6aPnm0ZqwHgRaz6VmzjneVVKq0koO_RyqOUsfMwurluw1CjG1T5zA\/photo\/AF1QipPKFt6b_SKy34TExmBig6kRzaggJf5NpWyT7ou7?key=Y0hLVWpwcjAyZGZTbm5yX0dBeXRKekhMWlhrUFhR\" \/><br \/>\n<img decoding=\"async\" src=\"https:\/\/lh3.googleusercontent.com\/hbzEuJYfpsxzSX6dBaRg0rwDyZwk4b3ZnUmnpKT3uD15IH0W80DH1fnYT7G-ger6IS3gNODqUuviHww5mecHI7QtcL6zwnFK4ruRYER0VlLG74BtyCqwvvfU3NmV8GcrnVcsk4yg-is8bue182utXhnuuBVX2i3bOhjch3zAZ_MY2ZKO-qV9zqKYzPHDE9WGhBt1FAh56hhj8bQvLFAyK5dXc5G06sYEBY0pyz0PxbeQiQZlPSfu14fV-6Jstdn9rV7DTWqAsK5x-FMgnXxXw8y86TegUF1eVHQWkwXBRYvqKY2CTAB9rQnnIkZYQUVAxjTegH58j1zA_37rbz2f07boj0RlP00oPJhPvwcFOQ65YzFPgYpMutOObNaNKAL53k-lVZin1ZXmabybEyNha5rw6NBXCwF-XrPpqEBkXLVe5kc8M4HLJW7d3lmvmj9YUlhZIaKR7jEOPj-XTC_EBruSBR8Ndp55au4daqb0i_L_pRMShTMfZHso6gEaC4V4hzQKrbQz53CNGXuxbJLhHDeKJG80Q-UgZ1zwUQoD5pbXY4ZneTKUCt64DYY--Fp7xCFPHqqD13Lj5PSvOJvSzm5RnI8HrE0yDNa4SMbXMxdYNFQcRIx4TnbmvrDhkxcHgz6QsCYlSQlphw3uMlatx2pZphEeLxhGY_zi6bhmusFOyYV46w4RKjao-tttsbboUnoUbe7yycnWf97rXaDEUQrjWg6GIjyhHECj6qMnamysgoevVrQaaN30Qad3HZJMXJBDFfWoMGU72K5sJPg=w216-h288-no?authuser=0\" data-link=\"https:\/\/photos.google.com\/share\/AF1QipMy3xKdbsrxs6aPnm0ZqwHgRaz6VmzjneVVKq0koO_RyqOUsfMwurluw1CjG1T5zA\/photo\/AF1QipMD7hiEjOdXZpD8C6XIV3yR2EyprVfs1lYvsr8N?key=Y0hLVWpwcjAyZGZTbm5yX0dBeXRKekhMWlhrUFhR\" \/><br \/>\n<img decoding=\"async\" src=\"https:\/\/lh3.googleusercontent.com\/Pnk9tETiCrE_RCnlhinFqR1K0z5QS1jTJIKImk6NY76Ix9jcTXoy-Vtu6W-dwWg02q0zyXiNlXCDoNNMhUx5HO8TTBvyQFgrQonFBit0oOkk_FG9d4oQusBXzo_13Qx-OQUJq5JFgVIFwVhsj3TY3SgiBUGxA1ONZ_nzdGVa2OpGDtCpj98z1qXZUO2760FqvrKzoQor-31WxA24lnbAPX5NIYwWfySNg-H3srPe8yomLS4N2r8UWC2st9xLh2bgpuBz1cnb3n-C6N5bhvZPAQl_3EKGAIU5Nz9LBzFHkdjn3mjCm-FKzwPPS_KnaWQriLKeSEflSQVDVR_zqhNM6aD8swArj87x1cvMXkjH8YUXmq4HqUVmiVHP8VilUZraKpGPhfOEBDnTZ3BFZkJ9Fruj6w4EgkAVqJRU1qRU1Uj3mq4An2q5ouu1yZTCde8N3baqD4owiGbd2K0u8hI8gdLOBfFxir-tMpjZrjKUXZvCyWYdUAmL8CzYHhBfnPXFMEXIbQtWuHmm1RcMifDHELz5BMvv_wuzkleiKqFU6KiFvU1mdHiFW2zNh1jDl2vynNomKll1VnsfqNJ1mBeikok7ncZiQaqYSnEVIVslWXUuGmVXhHm6l5mehyNDkEdvhzau96eBBc1FcpSKcnIWURGYVDdOiR5P89eFnoezmbdjHiHzlPj86MEj2-kY04vO5fuhp0doOlEHuP0RN7IZOZ8ZE_StnP7GGqxQ-8rkKX8hCAI7Fjy9XFT1bXKppsjUeECN95OLTUgycuOsiN0=w216-h288-no?authuser=0\" data-link=\"https:\/\/photos.google.com\/share\/AF1QipMy3xKdbsrxs6aPnm0ZqwHgRaz6VmzjneVVKq0koO_RyqOUsfMwurluw1CjG1T5zA\/photo\/AF1QipPPvhZT_WnSQK3Eqjx7rssK-wVQdjWM_eHzL0o9?key=Y0hLVWpwcjAyZGZTbm5yX0dBeXRKekhMWlhrUFhR\" \/><\/div>\n<p><script type=\"text\/javascript\" src=\"https:\/\/cdn.jsdelivr.net\/npm\/jquery@3.5.1\/dist\/jquery.min.js\"><\/script><br \/>\n<script>\n  (MyGalleries=(typeof MyGalleries === 'undefined' ? [] : MyGalleries)).push({gallId:'#2C34D',autoplay:true,lightbox:true,debug:false,popupLinks:true});\n  if(typeof GalleryLoaded === 'undefined'){\n    GalleryLoaded = jQuery(function(){\n      jQuery.ajax({url:'https:\/\/cdn.jsdelivr.net\/npm\/galleria@1.6.1\/dist\/galleria.min.js',dataType:'script',cache:true}).done(function(){\n        Galleria.loadTheme('https:\/\/cdn.jsdelivr.net\/npm\/galleria@1.6.1\/dist\/themes\/classic\/galleria.classic.js');\n        for(var n in MyGalleries){\n          Galleria.run(MyGalleries[n].gallId, MyGalleries[n]);\n          jQuery(MyGalleries[n].gallId).css('display','block');\n        }\n      });\n    });\n  }\n<\/script><\/p>\n","protected":false},"excerpt":{"rendered":"<p>Fa uns dies a la classe dels Dracs i de les Bruixes vam explicar el conte de Leo Lionni \u2018El petit blau i el petit groc\u2019.<\/p>\n","protected":false},"author":3,"featured_media":4788,"comment_status":"closed","ping_status":"closed","sticky":false,"template":"","format":"standard","meta":{"_bbp_topic_count":0,"_bbp_reply_count":0,"_bbp_total_topic_count":0,"_bbp_total_reply_count":0,"_bbp_voice_count":0,"_bbp_anonymous_reply_count":0,"_bbp_topic_count_hidden":0,"_bbp_reply_count_hidden":0,"_bbp_forum_subforum_count":0,"site-sidebar-layout":"default","site-content-layout":"","ast-site-content-layout":"","site-content-style":"default","site-sidebar-style":"default","ast-global-header-display":"","ast-banner-title-visibility":"","ast-main-header-display":"","ast-hfb-above-header-display":"","ast-hfb-below-header-display":"","ast-hfb-mobile-header-display":"","site-post-title":"","ast-breadcrumbs-content":"","ast-featured-img":"","footer-sml-layout":"","theme-transparent-header-meta":"","adv-header-id-meta":"","stick-header-meta":"","header-above-stick-meta":"","header-main-stick-meta":"","header-below-stick-meta":"","astra-migrate-meta-layouts":"default","ast-page-background-enabled":"default","ast-page-background-meta":{"desktop":{"background-color":"var(--ast-global-color-4)","background-image":"","background-repeat":"repeat","background-position":"center center","background-size":"auto","background-attachment":"scroll","background-type":"","background-media":"","overlay-type":"","overlay-color":"","overlay-opacity":"","overlay-gradient":""},"tablet":{"background-color":"","background-image":"","background-repeat":"repeat","background-position":"center center","background-size":"auto","background-attachment":"scroll","background-type":"","background-media":"","overlay-type":"","overlay-color":"","overlay-opacity":"","overlay-gradient":""},"mobile":{"background-color":"","background-image":"","background-repeat":"repeat","background-position":"center center","background-size":"auto","background-attachment":"scroll","background-type":"","background-media":"","overlay-type":"","overlay-color":"","overlay-opacity":"","overlay-gradient":""}},"ast-content-background-meta":{"desktop":{"background-color":"var(--ast-global-color-5)","background-image":"","background-repeat":"repeat","background-position":"center center","background-size":"auto","background-attachment":"scroll","background-type":"","background-media":"","overlay-type":"","overlay-color":"","overlay-opacity":"","overlay-gradient":""},"tablet":{"background-color":"var(--ast-global-color-5)","background-image":"","background-repeat":"repeat","background-position":"center center","background-size":"auto","background-attachment":"scroll","background-type":"","background-media":"","overlay-type":"","overlay-color":"","overlay-opacity":"","overlay-gradient":""},"mobile":{"background-color":"var(--ast-global-color-5)","background-image":"","background-repeat":"repeat","background-position":"center center","background-size":"auto","background-attachment":"scroll","background-type":"","background-media":"","overlay-type":"","overlay-color":"","overlay-opacity":"","overlay-gradient":""}},"footnotes":""},"categories":[1,54,2,4],"tags":[253,254],"class_list":["post-4782","post","type-post","status-publish","format-standard","has-post-thumbnail","hentry","category-general","category-i3","category-infantil","category-portada","tag-conte","tag-solidaritat"],"post_mailing_queue_ids":[],"_links":{"self":[{"href":"https:\/\/agora.xtec.cat\/ceip-fray-luis-leon\/wp-json\/wp\/v2\/posts\/4782","targetHints":{"allow":["GET"]}}],"collection":[{"href":"https:\/\/agora.xtec.cat\/ceip-fray-luis-leon\/wp-json\/wp\/v2\/posts"}],"about":[{"href":"https:\/\/agora.xtec.cat\/ceip-fray-luis-leon\/wp-json\/wp\/v2\/types\/post"}],"author":[{"embeddable":true,"href":"https:\/\/agora.xtec.cat\/ceip-fray-luis-leon\/wp-json\/wp\/v2\/users\/3"}],"replies":[{"embeddable":true,"href":"https:\/\/agora.xtec.cat\/ceip-fray-luis-leon\/wp-json\/wp\/v2\/comments?post=4782"}],"version-history":[{"count":3,"href":"https:\/\/agora.xtec.cat\/ceip-fray-luis-leon\/wp-json\/wp\/v2\/posts\/4782\/revisions"}],"predecessor-version":[{"id":4789,"href":"https:\/\/agora.xtec.cat\/ceip-fray-luis-leon\/wp-json\/wp\/v2\/posts\/4782\/revisions\/4789"}],"wp:featuredmedia":[{"embeddable":true,"href":"https:\/\/agora.xtec.cat\/ceip-fray-luis-leon\/wp-json\/wp\/v2\/media\/4788"}],"wp:attachment":[{"href":"https:\/\/agora.xtec.cat\/ceip-fray-luis-leon\/wp-json\/wp\/v2\/media?parent=4782"}],"wp:term":[{"taxonomy":"category","embeddable":true,"href":"https:\/\/agora.xtec.cat\/ceip-fray-luis-leon\/wp-json\/wp\/v2\/categories?post=4782"},{"taxonomy":"post_tag","embeddable":true,"href":"https:\/\/agora.xtec.cat\/ceip-fray-luis-leon\/wp-json\/wp\/v2\/tags?post=4782"}],"curies":[{"name":"wp","href":"https:\/\/api.w.org\/{rel}","templated":true}]}}