{"id":4588,"date":"2022-01-21T16:07:30","date_gmt":"2022-01-21T15:07:30","guid":{"rendered":"https:\/\/agora.xtec.cat\/ceip-fray-luis-leon\/?p=4588"},"modified":"2022-01-21T16:09:57","modified_gmt":"2022-01-21T15:09:57","slug":"nou-protocol-gestio-de-casos-covid-al-centres-educatius","status":"publish","type":"post","link":"https:\/\/agora.xtec.cat\/ceip-fray-luis-leon\/general\/nou-protocol-gestio-de-casos-covid-al-centres-educatius\/","title":{"rendered":"Modificaci\u00f3 del protocol Gesti\u00f3 de casos Covid-19 als centres educatius."},"content":{"rendered":"<p>L\u2019inici d&#8217;aquest trimestre t\u00e9 unes caracter\u00edstiques extraordin\u00e0ries a causa de la pand\u00e8mia per la COVID-19, per la socialitzaci\u00f3 que representen les escoles, aix\u00ed com per la necessitat de no interrompre la formaci\u00f3 de milers d\u2019estudiants. El Departament d&#8217;Educaci\u00f3 ha publicat les modificacions del protocol <a href=\"https:\/\/drive.google.com\/file\/d\/1LP590xnTAUkI-VVQhP8jchIWxqxqRxfa\/view?usp=sharing\"><span class=\"il\">Gesti\u00f3<\/span>\u00a0de\u00a0<span class=\"il\">casos<\/span>\u00a0<span class=\"il\">covid<\/span>-19 als centres educatius<\/a>.<\/p>\n<p>Us afegim dues infografies que resumeixen els nous canvis en la gesti\u00f3 de quarentenes i realitzaci\u00f3 dels TAR a l&#8217;alumnat.<\/p>\n<p>Salut!<\/p>\n<p><a href=\"https:\/\/agora.xtec.cat\/ceip-fray-luis-leon\/wp-content\/uploads\/usu900\/2022\/01\/Gestio-de-quarentenes-i-TAR-en-lentorn-escolar.png\"><img loading=\"lazy\" decoding=\"async\" class=\"alignnone wp-image-4589\" src=\"https:\/\/agora.xtec.cat\/ceip-fray-luis-leon\/wp-content\/uploads\/usu900\/2022\/01\/Gestio-de-quarentenes-i-TAR-en-lentorn-escolar.png\" alt=\"\" width=\"921\" height=\"577\" \/><\/a><\/p>\n<p><a href=\"https:\/\/agora.xtec.cat\/ceip-fray-luis-leon\/wp-content\/uploads\/usu900\/2022\/01\/Gestio-quarantenes-dels-contactes-a-EI-i-EP.png\"><img loading=\"lazy\" decoding=\"async\" class=\"alignnone wp-image-4590\" src=\"https:\/\/agora.xtec.cat\/ceip-fray-luis-leon\/wp-content\/uploads\/usu900\/2022\/01\/Gestio-quarantenes-dels-contactes-a-EI-i-EP.png\" alt=\"\" width=\"911\" height=\"578\" srcset=\"https:\/\/agora.xtec.cat\/ceip-fray-luis-leon\/wp-content\/uploads\/usu900\/2022\/01\/Gestio-quarantenes-dels-contactes-a-EI-i-EP.png 1883w, https:\/\/agora.xtec.cat\/ceip-fray-luis-leon\/wp-content\/uploads\/usu900\/2022\/01\/Gestio-quarantenes-dels-contactes-a-EI-i-EP-300x190.png 300w, https:\/\/agora.xtec.cat\/ceip-fray-luis-leon\/wp-content\/uploads\/usu900\/2022\/01\/Gestio-quarantenes-dels-contactes-a-EI-i-EP-1024x650.png 1024w, https:\/\/agora.xtec.cat\/ceip-fray-luis-leon\/wp-content\/uploads\/usu900\/2022\/01\/Gestio-quarantenes-dels-contactes-a-EI-i-EP-768x487.png 768w, https:\/\/agora.xtec.cat\/ceip-fray-luis-leon\/wp-content\/uploads\/usu900\/2022\/01\/Gestio-quarantenes-dels-contactes-a-EI-i-EP-1536x975.png 1536w\" sizes=\"auto, (max-width: 911px) 100vw, 911px\" \/><\/a><\/p>\n","protected":false},"excerpt":{"rendered":"<p>El Departament d&#8217;Educaci\u00f3 ha publicat les modificacions en el \u00a0Protocol de gesti\u00f3\u00a0de\u00a0casos\u00a0covid-19 als centres educatius.<\/p>\n","protected":false},"author":7,"featured_media":4589,"comment_status":"closed","ping_status":"closed","sticky":false,"template":"","format":"standard","meta":{"_bbp_topic_count":0,"_bbp_reply_count":0,"_bbp_total_topic_count":0,"_bbp_total_reply_count":0,"_bbp_voice_count":0,"_bbp_anonymous_reply_count":0,"_bbp_topic_count_hidden":0,"_bbp_reply_count_hidden":0,"_bbp_forum_subforum_count":0,"site-sidebar-layout":"default","site-content-layout":"","ast-site-content-layout":"","site-content-style":"default","site-sidebar-style":"default","ast-global-header-display":"","ast-banner-title-visibility":"","ast-main-header-display":"","ast-hfb-above-header-display":"","ast-hfb-below-header-display":"","ast-hfb-mobile-header-display":"","site-post-title":"","ast-breadcrumbs-content":"","ast-featured-img":"","footer-sml-layout":"","theme-transparent-header-meta":"","adv-header-id-meta":"","stick-header-meta":"","header-above-stick-meta":"","header-main-stick-meta":"","header-below-stick-meta":"","astra-migrate-meta-layouts":"default","ast-page-background-enabled":"default","ast-page-background-meta":{"desktop":{"background-color":"var(--ast-global-color-4)","background-image":"","background-repeat":"repeat","background-position":"center center","background-size":"auto","background-attachment":"scroll","background-type":"","background-media":"","overlay-type":"","overlay-color":"","overlay-opacity":"","overlay-gradient":""},"tablet":{"background-color":"","background-image":"","background-repeat":"repeat","background-position":"center center","background-size":"auto","background-attachment":"scroll","background-type":"","background-media":"","overlay-type":"","overlay-color":"","overlay-opacity":"","overlay-gradient":""},"mobile":{"background-color":"","background-image":"","background-repeat":"repeat","background-position":"center center","background-size":"auto","background-attachment":"scroll","background-type":"","background-media":"","overlay-type":"","overlay-color":"","overlay-opacity":"","overlay-gradient":""}},"ast-content-background-meta":{"desktop":{"background-color":"var(--ast-global-color-5)","background-image":"","background-repeat":"repeat","background-position":"center center","background-size":"auto","background-attachment":"scroll","background-type":"","background-media":"","overlay-type":"","overlay-color":"","overlay-opacity":"","overlay-gradient":""},"tablet":{"background-color":"var(--ast-global-color-5)","background-image":"","background-repeat":"repeat","background-position":"center center","background-size":"auto","background-attachment":"scroll","background-type":"","background-media":"","overlay-type":"","overlay-color":"","overlay-opacity":"","overlay-gradient":""},"mobile":{"background-color":"var(--ast-global-color-5)","background-image":"","background-repeat":"repeat","background-position":"center center","background-size":"auto","background-attachment":"scroll","background-type":"","background-media":"","overlay-type":"","overlay-color":"","overlay-opacity":"","overlay-gradient":""}},"footnotes":""},"categories":[1,4],"tags":[],"class_list":["post-4588","post","type-post","status-publish","format-standard","has-post-thumbnail","hentry","category-general","category-portada"],"post_mailing_queue_ids":[],"_links":{"self":[{"href":"https:\/\/agora.xtec.cat\/ceip-fray-luis-leon\/wp-json\/wp\/v2\/posts\/4588","targetHints":{"allow":["GET"]}}],"collection":[{"href":"https:\/\/agora.xtec.cat\/ceip-fray-luis-leon\/wp-json\/wp\/v2\/posts"}],"about":[{"href":"https:\/\/agora.xtec.cat\/ceip-fray-luis-leon\/wp-json\/wp\/v2\/types\/post"}],"author":[{"embeddable":true,"href":"https:\/\/agora.xtec.cat\/ceip-fray-luis-leon\/wp-json\/wp\/v2\/users\/7"}],"replies":[{"embeddable":true,"href":"https:\/\/agora.xtec.cat\/ceip-fray-luis-leon\/wp-json\/wp\/v2\/comments?post=4588"}],"version-history":[{"count":3,"href":"https:\/\/agora.xtec.cat\/ceip-fray-luis-leon\/wp-json\/wp\/v2\/posts\/4588\/revisions"}],"predecessor-version":[{"id":4595,"href":"https:\/\/agora.xtec.cat\/ceip-fray-luis-leon\/wp-json\/wp\/v2\/posts\/4588\/revisions\/4595"}],"wp:featuredmedia":[{"embeddable":true,"href":"https:\/\/agora.xtec.cat\/ceip-fray-luis-leon\/wp-json\/wp\/v2\/media\/4589"}],"wp:attachment":[{"href":"https:\/\/agora.xtec.cat\/ceip-fray-luis-leon\/wp-json\/wp\/v2\/media?parent=4588"}],"wp:term":[{"taxonomy":"category","embeddable":true,"href":"https:\/\/agora.xtec.cat\/ceip-fray-luis-leon\/wp-json\/wp\/v2\/categories?post=4588"},{"taxonomy":"post_tag","embeddable":true,"href":"https:\/\/agora.xtec.cat\/ceip-fray-luis-leon\/wp-json\/wp\/v2\/tags?post=4588"}],"curies":[{"name":"wp","href":"https:\/\/api.w.org\/{rel}","templated":true}]}}