{"id":4582,"date":"2022-01-19T17:21:18","date_gmt":"2022-01-19T16:21:18","guid":{"rendered":"https:\/\/agora.xtec.cat\/ceip-fray-luis-leon\/?p=4582"},"modified":"2022-01-23T08:35:07","modified_gmt":"2022-01-23T07:35:07","slug":"6e-visita-a-la-biblioteca-de-can-peixauet","status":"publish","type":"post","link":"https:\/\/agora.xtec.cat\/ceip-fray-luis-leon\/general\/6e-visita-a-la-biblioteca-de-can-peixauet\/","title":{"rendered":"6\u00e8 visita la biblioteca de Can Peixauet"},"content":{"rendered":"<p>Al novembre, l&#8217;alumnat de 6\u00e8 vam visitar la biblioteca de Can Peixauet. Ens van ensenyar la zona on buscar els llibres adequats per la nostra edat. Tamb\u00e9 vam fer una activitat molt entretinguda, vam viatjar a diferents pa\u00efsos i vam buscar informaci\u00f3 de diferents maneres. \u00c9s molt interessant tot el que pots trobar a la biblioteca, pots viatjar sense moure&#8217;t de la cadira!<\/p>\n<p>&nbsp;<\/p>\n<div id=\"1AB75\" style=\"width:100%;max-width:600px;height:400px;display:none;\">\n<img decoding=\"async\" src=\"https:\/\/lh3.googleusercontent.com\/IXEQs94relL7bcxnWaWYNCuObr1JOcd3epnDYPTrXz4b2i1X6nW5K7fEFzVQCtv-zl0QGu-YVvD-uxReTqhxHjLEVvH2_rNtDioMROUEYALPvrVTR0yJm1gaoVX-BLIfxyFE4YxURHMUXgucFTBVWB6Yx2qgadYeR6WB27NktNI14csKzRPiSvLlexzfDPx7M0VZwdUnXO1BUZkYVwCtbSza2ilE1bqnv1xP72R3Lg6h69s0-FtXp5wamUYTdp1Hfae4ABHR7_GsmoyCF4544vKZ2pkaAtLgLL79y2ZYj_Q5GPqoI6u_HQFv9bvPxU1aT3rmUq7FYo788dcmck_7_2lvVEfy3tiiRFGudJIggaL6T2dTj_FMFA2AAWEzT_6JS5Iyh5hdjFLYHwv80E2Wmg-wV32Ftn54Ikrkun1BO1UlcxbVAaYl4HkI3fDMtW1Dlqe62luFMBTKlVKtzB-mHizVhApoBeX9puxaVWZjcEHlTJQ9yuW_NxVz19qa_y1fActAW7RO55CpGB8wnKPDtHR0iMVuAJRR2HbPNAtNuK-CU2aS7-XkxTbvEHtbbTO4yx58b_HI6LJj8pVrErYFS2ZG13ZCSDJqrt8DXwnWywAUmasXHUqOx2V-PvsioIxfRPmJ5FIJa5yZplR69gIyZ9ZKiGvzsyU-j-E_ABI2m1EsKte3kHXVMRy3YID3epZMy0csT0anGNHJIrD4gzjBCFmpwYq_RwnnkaL9lztaCdMyUCgWc_po8bQO4xtwAVlhO-BgPZ3hrIC1e269Xmo=s288-no?authuser=0\" data-link=\"https:\/\/photos.google.com\/share\/AF1QipPXbaM_8vIup6jklrxrNF7vFw05nCI7V7pn8ohHciHgfdUAtv1N1dJU0qN9om5K1A\/photo\/AF1QipP_w2-TTq883EENENC_crBM1AKoid_wYN_WIWJP?key=ZGFhUlVoMk04V29GOFF4anlWenVubkFNeV9xZnF3\"><br \/>\n<img decoding=\"async\" src=\"https:\/\/lh3.googleusercontent.com\/g9guZKcjpMe9hj5NJmGw-pnIgDuLucqliBT_Ev_CWYZ60CRhZP1fSN0BBW4CUkjQDcywFBRrEgenW0uynYbelvzUziWVuHermlwvWZg3rvtaQFMWABEwu7q4wstMDJKmLPfsAZJngPuhHSTFtxfmJ9ydt0Aa8-tYsdislTTjihfpubPVshifj9kTRk1yFc61AYSv8dy6PDcNRAxIHqYmcQul0ctPtX7RXdLVyXRNilm2Q4maWmRA1J2bwJiQfapZ5k34fU5AkrPu9_sBk1-77Poh73vNCy9aSRClDc3h1G_M0V0IAjAb-4teYemK2y5nM1SsfrbEaS6VXJytAYxi7UKgsEQYSSWXWBJw3HDfpa20PWlw55h5vfzXRXGgrsYq9KjTJLzgGlrUESPMJI9_wGGzdHYVDmKTy8fXUBGbvOFmUhYv4-_G1-7PEV00eLlb-diJuQIC4GCn1A0_u_mIkHVNejz-Uba55yitb54WjfyFROkOWTk3gcV0X1FwKPn-lMD_3z7ZekX5otlVehKWmHU3OsTOV8G2OJfx9hfFoa7ndl4NGXjOid8ht6WaCMDoNaHadm-9UHjmIVvwIAFH0P9QEhlECC4X0hm7Ih08Uym8sSy7dvyeGZjBlU9PZYD7b-S1IfG_Pfv1roSFLAvAJ2ciR_lHWub8Oqi5ZNlI6krNDa2OkgZDb-T5fk_3AEpLfrrgPj6IG2dp2qZ01PJsVmyltvxPZIk-zJeMKxzVS3mZGiQzz0M5yinvZc4dECo47KKv7EebNLfjJw1FQGw=s288-no?authuser=0\" data-link=\"https:\/\/photos.google.com\/share\/AF1QipPXbaM_8vIup6jklrxrNF7vFw05nCI7V7pn8ohHciHgfdUAtv1N1dJU0qN9om5K1A\/photo\/AF1QipNhNDdVl9DUb3Ez5MXBquy--RjndMNhWg9Umxk0?key=ZGFhUlVoMk04V29GOFF4anlWenVubkFNeV9xZnF3\">\n<\/div>\n<p><script type=\"text\/javascript\" src=\"https:\/\/cdn.jsdelivr.net\/npm\/jquery@3.5.1\/dist\/jquery.min.js\"><\/script><br \/>\n<script>\n  (MyGalleries=(typeof MyGalleries === 'undefined' ? [] : MyGalleries)).push({gallId:'#1AB75',autoplay:true,lightbox:true,debug:false,popupLinks:true});\n  if(typeof GalleryLoaded === 'undefined'){\n    GalleryLoaded = jQuery(function(){\n      jQuery.ajax({url:'https:\/\/cdn.jsdelivr.net\/npm\/galleria@1.6.1\/dist\/galleria.min.js',dataType:'script',cache:true}).done(function(){\n        Galleria.loadTheme('https:\/\/cdn.jsdelivr.net\/npm\/galleria@1.6.1\/dist\/themes\/classic\/galleria.classic.js');\n        for(var n in MyGalleries){\n          Galleria.run(MyGalleries[n].gallId, MyGalleries[n]);\n          jQuery(MyGalleries[n].gallId).css('display','block');\n        }\n      });\n    });\n  }\n<\/script><\/p>\n","protected":false},"excerpt":{"rendered":"<p>Visita a la biblioteca de Can Peixauet de la nostra ciutat.<\/p>\n","protected":false},"author":3,"featured_media":4583,"comment_status":"closed","ping_status":"closed","sticky":false,"template":"","format":"standard","meta":{"_bbp_topic_count":0,"_bbp_reply_count":0,"_bbp_total_topic_count":0,"_bbp_total_reply_count":0,"_bbp_voice_count":0,"_bbp_anonymous_reply_count":0,"_bbp_topic_count_hidden":0,"_bbp_reply_count_hidden":0,"_bbp_forum_subforum_count":0,"site-sidebar-layout":"default","site-content-layout":"","ast-site-content-layout":"","site-content-style":"default","site-sidebar-style":"default","ast-global-header-display":"","ast-banner-title-visibility":"","ast-main-header-display":"","ast-hfb-above-header-display":"","ast-hfb-below-header-display":"","ast-hfb-mobile-header-display":"","site-post-title":"","ast-breadcrumbs-content":"","ast-featured-img":"","footer-sml-layout":"","theme-transparent-header-meta":"","adv-header-id-meta":"","stick-header-meta":"","header-above-stick-meta":"","header-main-stick-meta":"","header-below-stick-meta":"","astra-migrate-meta-layouts":"default","ast-page-background-enabled":"default","ast-page-background-meta":{"desktop":{"background-color":"var(--ast-global-color-4)","background-image":"","background-repeat":"repeat","background-position":"center center","background-size":"auto","background-attachment":"scroll","background-type":"","background-media":"","overlay-type":"","overlay-color":"","overlay-opacity":"","overlay-gradient":""},"tablet":{"background-color":"","background-image":"","background-repeat":"repeat","background-position":"center center","background-size":"auto","background-attachment":"scroll","background-type":"","background-media":"","overlay-type":"","overlay-color":"","overlay-opacity":"","overlay-gradient":""},"mobile":{"background-color":"","background-image":"","background-repeat":"repeat","background-position":"center center","background-size":"auto","background-attachment":"scroll","background-type":"","background-media":"","overlay-type":"","overlay-color":"","overlay-opacity":"","overlay-gradient":""}},"ast-content-background-meta":{"desktop":{"background-color":"var(--ast-global-color-5)","background-image":"","background-repeat":"repeat","background-position":"center center","background-size":"auto","background-attachment":"scroll","background-type":"","background-media":"","overlay-type":"","overlay-color":"","overlay-opacity":"","overlay-gradient":""},"tablet":{"background-color":"var(--ast-global-color-5)","background-image":"","background-repeat":"repeat","background-position":"center center","background-size":"auto","background-attachment":"scroll","background-type":"","background-media":"","overlay-type":"","overlay-color":"","overlay-opacity":"","overlay-gradient":""},"mobile":{"background-color":"var(--ast-global-color-5)","background-image":"","background-repeat":"repeat","background-position":"center center","background-size":"auto","background-attachment":"scroll","background-type":"","background-media":"","overlay-type":"","overlay-color":"","overlay-opacity":"","overlay-gradient":""}},"footnotes":""},"categories":[1,57,4],"tags":[46,241,242,231,140],"class_list":["post-4582","post","type-post","status-publish","format-standard","has-post-thumbnail","hentry","category-general","category-p6","category-portada","tag-6e","tag-biblioteca","tag-proximitat","tag-santa-coloma-de-gramenet","tag-sortida"],"post_mailing_queue_ids":[],"_links":{"self":[{"href":"https:\/\/agora.xtec.cat\/ceip-fray-luis-leon\/wp-json\/wp\/v2\/posts\/4582","targetHints":{"allow":["GET"]}}],"collection":[{"href":"https:\/\/agora.xtec.cat\/ceip-fray-luis-leon\/wp-json\/wp\/v2\/posts"}],"about":[{"href":"https:\/\/agora.xtec.cat\/ceip-fray-luis-leon\/wp-json\/wp\/v2\/types\/post"}],"author":[{"embeddable":true,"href":"https:\/\/agora.xtec.cat\/ceip-fray-luis-leon\/wp-json\/wp\/v2\/users\/3"}],"replies":[{"embeddable":true,"href":"https:\/\/agora.xtec.cat\/ceip-fray-luis-leon\/wp-json\/wp\/v2\/comments?post=4582"}],"version-history":[{"count":3,"href":"https:\/\/agora.xtec.cat\/ceip-fray-luis-leon\/wp-json\/wp\/v2\/posts\/4582\/revisions"}],"predecessor-version":[{"id":4625,"href":"https:\/\/agora.xtec.cat\/ceip-fray-luis-leon\/wp-json\/wp\/v2\/posts\/4582\/revisions\/4625"}],"wp:featuredmedia":[{"embeddable":true,"href":"https:\/\/agora.xtec.cat\/ceip-fray-luis-leon\/wp-json\/wp\/v2\/media\/4583"}],"wp:attachment":[{"href":"https:\/\/agora.xtec.cat\/ceip-fray-luis-leon\/wp-json\/wp\/v2\/media?parent=4582"}],"wp:term":[{"taxonomy":"category","embeddable":true,"href":"https:\/\/agora.xtec.cat\/ceip-fray-luis-leon\/wp-json\/wp\/v2\/categories?post=4582"},{"taxonomy":"post_tag","embeddable":true,"href":"https:\/\/agora.xtec.cat\/ceip-fray-luis-leon\/wp-json\/wp\/v2\/tags?post=4582"}],"curies":[{"name":"wp","href":"https:\/\/api.w.org\/{rel}","templated":true}]}}