{"id":311,"date":"2015-11-23T17:04:53","date_gmt":"2015-11-23T16:04:53","guid":{"rendered":"http:\/\/agora.xtec.cat\/ceip-fray-luis-leon\/?p=311"},"modified":"2016-02-26T21:34:01","modified_gmt":"2016-02-26T20:34:01","slug":"musica-per-escoltar-6","status":"publish","type":"post","link":"https:\/\/agora.xtec.cat\/ceip-fray-luis-leon\/portada\/musica-per-escoltar-6\/","title":{"rendered":"M\u00fasica per escoltar &#8211; 6"},"content":{"rendered":"<p align=\"CENTER\"><span style=\"color: #00000a;\"><span style=\"font-family: Arial,sans-serif;\"><span style=\"font-size: x-large;\">\u00d2PERA <\/span><\/span><\/span><\/p>\n<p style=\"text-align: justify;\" align=\"LEFT\"><span style=\"font-family: Arial,sans-serif;\"><span style=\"font-size: large;\"><span style=\"font-family: Arial,sans-serif;\"><span style=\"font-size: large;\">El fragment que escoltem durant aquesta setmana \u00e9s \u201cVa pensiero\u201d de l\u2019\u00f2pera <\/span><\/span><span style=\"font-family: Arial,sans-serif;\"><span style=\"font-size: large;\"><i>Nabucco d<\/i><\/span><\/span><span style=\"font-family: Arial,sans-serif;\"><span style=\"font-size: large;\">e Verdi, del 1842. Es tracta d\u2019un fam\u00f3s cor d\u2019hebreus, que s\u2019assembla a un himne. Contrasta l\u2019un\u00edson amb les quatre veus en els moments m\u00e9s \u00e0gils. <\/span><\/span><\/span><\/span><\/p>\n<p style=\"text-align: justify;\" align=\"LEFT\"><a href=\"http:\/\/blocs.xtec.cat\/ceipfrayluis\/files\/2015\/11\/NABUCO.jpeg\"><img loading=\"lazy\" decoding=\"async\" class=\"  wp-image-1065 alignleft\" src=\"http:\/\/blocs.xtec.cat\/ceipfrayluis\/files\/2015\/11\/NABUCO.jpeg\" alt=\"NABUCO\" width=\"228\" height=\"324\" \/><\/a><span style=\"font-family: Arial,sans-serif;\"><span style=\"font-size: large;\">Verdi provenia d\u2019una fam\u00edlia humil i era un comerciant del seu petit poble d\u2019origen. L\u2019\u00e8xit oper\u00edstic li va arribar als cinquanta anys. La seva obra va anar passant de la primacia absoluta de la veu a donar m\u00e9s pres\u00e8ncia a l\u2019orquestra. Recordem que el segle XIX va ser el segle daurat de l\u2019\u00f2pera rom\u00e0ntica.<\/span><\/span><\/p>\n<p style=\"text-align: justify;\"><span style=\"font-family: Arial,sans-serif;\"><span style=\"font-size: large;\">La Traviata \u00e9s una obra de Giuseppe Verdi on l\u2019amor radical i profund hi \u00e9s present des de la primera nota. \u00c9s una \u00f2pera que demostra la maduresa de Verdi i la intel\u00b7lig\u00e8ncia<span lang=\"ca-ES\">. Des dels primers acords es pot percebre que aquesta \u00e9s una obra on l\u2019amor radical i profund \u00e9s el transfons de cada nota i de cada paraula. Es va estrenar al teatre La Fenice el 6 de mar\u00e7 de 1853 per\u00f2 no va tenir gaire \u00e8xit. Va ser la segona vegada que es va representar a Ven\u00e8cia que en va tenir un gran \u00e8xit, al teatre de San Benedetto, el 6 de Maig de 1854. A partir d\u2019aleshores ha estat una de les \u00f2peres m\u00e9s estimades pel p\u00fablic. Va patir censura per la tem\u00e0tica i la Traviata va ser una de les grans novel\u00b7les del segle XIX.<\/span><\/span><\/span><\/p>\n<p><a href=\"http:\/\/blocs.xtec.cat\/ceipfrayluis\/files\/2015\/11\/VERDI.jpg\"><img loading=\"lazy\" decoding=\"async\" class=\"aligncenter  wp-image-1064\" src=\"http:\/\/blocs.xtec.cat\/ceipfrayluis\/files\/2015\/11\/VERDI.jpg\" alt=\"VERDI\" width=\"163\" height=\"237\" \/><\/a><\/p>\n<p><iframe loading=\"lazy\" src=\"http:\/\/www.ivoox.com\/player_ej_9477688_2_1.html?data=mpmkmZucfI6ZmKiakpiJd6KpmZKSmaiRdo6ZmKiakpKJe6ShkZKSmaiRksLW1sjcjcnNb7fZ08nWj4qbh4651MjczsaPitPV2pC5187Xb8XZjLHSh6iXaaOnz5KSmaiReA%3D%3D&amp;\" width=\"100%\" height=\"200\" frameborder=\"0\" scrolling=\"no\" allowfullscreen=\"allowfullscreen\"><\/iframe><\/p>\n","protected":false},"excerpt":{"rendered":"<p>El fragment que escoltem durant aquesta setmana \u00e9s \u201cVa pensiero\u201d de l\u2019\u00f2pera Nabucco de Verdi<\/p>\n","protected":false},"author":1,"featured_media":511,"comment_status":"open","ping_status":"open","sticky":false,"template":"","format":"standard","meta":{"_bbp_topic_count":0,"_bbp_reply_count":0,"_bbp_total_topic_count":0,"_bbp_total_reply_count":0,"_bbp_voice_count":0,"_bbp_anonymous_reply_count":0,"_bbp_topic_count_hidden":0,"_bbp_reply_count_hidden":0,"_bbp_forum_subforum_count":0,"site-sidebar-layout":"default","site-content-layout":"","ast-site-content-layout":"","site-content-style":"default","site-sidebar-style":"default","ast-global-header-display":"","ast-banner-title-visibility":"","ast-main-header-display":"","ast-hfb-above-header-display":"","ast-hfb-below-header-display":"","ast-hfb-mobile-header-display":"","site-post-title":"","ast-breadcrumbs-content":"","ast-featured-img":"","footer-sml-layout":"","theme-transparent-header-meta":"","adv-header-id-meta":"","stick-header-meta":"","header-above-stick-meta":"","header-main-stick-meta":"","header-below-stick-meta":"","astra-migrate-meta-layouts":"default","ast-page-background-enabled":"default","ast-page-background-meta":{"desktop":{"background-color":"var(--ast-global-color-4)","background-image":"","background-repeat":"repeat","background-position":"center center","background-size":"auto","background-attachment":"scroll","background-type":"","background-media":"","overlay-type":"","overlay-color":"","overlay-opacity":"","overlay-gradient":""},"tablet":{"background-color":"","background-image":"","background-repeat":"repeat","background-position":"center center","background-size":"auto","background-attachment":"scroll","background-type":"","background-media":"","overlay-type":"","overlay-color":"","overlay-opacity":"","overlay-gradient":""},"mobile":{"background-color":"","background-image":"","background-repeat":"repeat","background-position":"center center","background-size":"auto","background-attachment":"scroll","background-type":"","background-media":"","overlay-type":"","overlay-color":"","overlay-opacity":"","overlay-gradient":""}},"ast-content-background-meta":{"desktop":{"background-color":"var(--ast-global-color-5)","background-image":"","background-repeat":"repeat","background-position":"center center","background-size":"auto","background-attachment":"scroll","background-type":"","background-media":"","overlay-type":"","overlay-color":"","overlay-opacity":"","overlay-gradient":""},"tablet":{"background-color":"var(--ast-global-color-5)","background-image":"","background-repeat":"repeat","background-position":"center center","background-size":"auto","background-attachment":"scroll","background-type":"","background-media":"","overlay-type":"","overlay-color":"","overlay-opacity":"","overlay-gradient":""},"mobile":{"background-color":"var(--ast-global-color-5)","background-image":"","background-repeat":"repeat","background-position":"center center","background-size":"auto","background-attachment":"scroll","background-type":"","background-media":"","overlay-type":"","overlay-color":"","overlay-opacity":"","overlay-gradient":""}},"footnotes":""},"categories":[24,4],"tags":[],"class_list":["post-311","post","type-post","status-publish","format-standard","has-post-thumbnail","hentry","category-musica-per-escoltar","category-portada"],"post_mailing_queue_ids":[],"_links":{"self":[{"href":"https:\/\/agora.xtec.cat\/ceip-fray-luis-leon\/wp-json\/wp\/v2\/posts\/311","targetHints":{"allow":["GET"]}}],"collection":[{"href":"https:\/\/agora.xtec.cat\/ceip-fray-luis-leon\/wp-json\/wp\/v2\/posts"}],"about":[{"href":"https:\/\/agora.xtec.cat\/ceip-fray-luis-leon\/wp-json\/wp\/v2\/types\/post"}],"author":[{"embeddable":true,"href":"https:\/\/agora.xtec.cat\/ceip-fray-luis-leon\/wp-json\/wp\/v2\/users\/1"}],"replies":[{"embeddable":true,"href":"https:\/\/agora.xtec.cat\/ceip-fray-luis-leon\/wp-json\/wp\/v2\/comments?post=311"}],"version-history":[{"count":2,"href":"https:\/\/agora.xtec.cat\/ceip-fray-luis-leon\/wp-json\/wp\/v2\/posts\/311\/revisions"}],"predecessor-version":[{"id":512,"href":"https:\/\/agora.xtec.cat\/ceip-fray-luis-leon\/wp-json\/wp\/v2\/posts\/311\/revisions\/512"}],"wp:featuredmedia":[{"embeddable":true,"href":"https:\/\/agora.xtec.cat\/ceip-fray-luis-leon\/wp-json\/wp\/v2\/media\/511"}],"wp:attachment":[{"href":"https:\/\/agora.xtec.cat\/ceip-fray-luis-leon\/wp-json\/wp\/v2\/media?parent=311"}],"wp:term":[{"taxonomy":"category","embeddable":true,"href":"https:\/\/agora.xtec.cat\/ceip-fray-luis-leon\/wp-json\/wp\/v2\/categories?post=311"},{"taxonomy":"post_tag","embeddable":true,"href":"https:\/\/agora.xtec.cat\/ceip-fray-luis-leon\/wp-json\/wp\/v2\/tags?post=311"}],"curies":[{"name":"wp","href":"https:\/\/api.w.org\/{rel}","templated":true}]}}