{"id":288,"date":"2016-01-11T13:12:15","date_gmt":"2016-01-11T12:12:15","guid":{"rendered":"http:\/\/agora.xtec.cat\/ceip-fray-luis-leon\/?p=288"},"modified":"2016-02-26T21:19:34","modified_gmt":"2016-02-26T20:19:34","slug":"musica-per-escoltar-7","status":"publish","type":"post","link":"https:\/\/agora.xtec.cat\/ceip-fray-luis-leon\/portada\/musica-per-escoltar-7\/","title":{"rendered":"M\u00fasica per escoltar &#8211; 7"},"content":{"rendered":"<p style=\"text-align: justify;\">Durant aquesta setmana escoltareu un fragment de l&#8217;\u00f2pera &#8220;La Traviata&#8221; de Giuseppe Verdi.<\/p>\n<p style=\"text-align: justify;\">Aquesta \u00f2pera est\u00e0 inspirada en la novel\u00b7la d&#8217;Alexandre Dumas fill, La Dama de les Cam\u00e8lies<i><\/i>, publicada l&#8217;any1848. Es va estrenar el 6 de mar\u00e7 de 1853 al Teatre de La Fenice de Ven\u00e8cia. A Catalunya es va estrenar al Gran Teatre del Liceu el 25 d&#8217;octubre de 1855.<\/p>\n<p style=\"text-align: justify;\"><a href=\"http:\/\/blocs.xtec.cat\/formantnos\/files\/2016\/01\/la-traviata-7.jpg\"><img loading=\"lazy\" decoding=\"async\" class=\"aligncenter  wp-image-1313\" src=\"http:\/\/blocs.xtec.cat\/formantnos\/files\/2016\/01\/la-traviata-7.jpg\" alt=\"la-traviata-7\" width=\"422\" height=\"302\" \/><\/a>Narra la hist\u00f2ria de Violeta, una cortesana famosa a Par\u00eds que ho abandona tot per anar amb el seu amor Alfredo. Per\u00f2 la germana d&#8217;Alfredo no podr\u00e0 casar-se si Alfredo viu amb Violeta. El senyor Germont, pare d&#8217;Alfredo, \u00e9s l&#8217;encarregat de fer-ho saber a Violeta, que abandona Alfredo. Finalment, Violeta, malalta detuberculosi, rep la visita d&#8217;Alfredo i del senyor Germont, que reconeix el seu error. Finalment Violeta mor entre els seus \u00e9ssers estimats.<\/p>\n<div id=\"__if72ru4sdfsdfruh7fewui_once\" style=\"display: none;\"><\/div>\n<div id=\"__zsc_once\"><\/div>\n<p><iframe loading=\"lazy\" src=\"http:\/\/www.ivoox.com\/player_ej_10027790_2_1.html?data=kpWdlJybfZGhhpywj5WUaZS1kZWah5yncZGhhpywj5WRaZi3jpWah5ynca3VjLnfw9vNpdXVj5C0y9rXqdHkxpDDx9fIrY%2Bhhpywj6rXp9DgwpCz1Mbdb63pytiYxsqPkMaZpJiSpJjScYarpJKh&amp;\" width=\"100%\" height=\"200\" frameborder=\"0\" scrolling=\"no\" allowfullscreen=\"allowfullscreen\"><\/iframe><\/p>\n","protected":false},"excerpt":{"rendered":"<p>Durant aquesta setmana escoltareu un fragment de l&#8217;\u00f2pera &#8220;La Traviata&#8221; de Giuseppe Verdi<\/p>\n","protected":false},"author":1,"featured_media":496,"comment_status":"open","ping_status":"open","sticky":false,"template":"","format":"standard","meta":{"_bbp_topic_count":0,"_bbp_reply_count":0,"_bbp_total_topic_count":0,"_bbp_total_reply_count":0,"_bbp_voice_count":0,"_bbp_anonymous_reply_count":0,"_bbp_topic_count_hidden":0,"_bbp_reply_count_hidden":0,"_bbp_forum_subforum_count":0,"site-sidebar-layout":"default","site-content-layout":"","ast-site-content-layout":"","site-content-style":"default","site-sidebar-style":"default","ast-global-header-display":"","ast-banner-title-visibility":"","ast-main-header-display":"","ast-hfb-above-header-display":"","ast-hfb-below-header-display":"","ast-hfb-mobile-header-display":"","site-post-title":"","ast-breadcrumbs-content":"","ast-featured-img":"","footer-sml-layout":"","theme-transparent-header-meta":"","adv-header-id-meta":"","stick-header-meta":"","header-above-stick-meta":"","header-main-stick-meta":"","header-below-stick-meta":"","astra-migrate-meta-layouts":"default","ast-page-background-enabled":"default","ast-page-background-meta":{"desktop":{"background-color":"var(--ast-global-color-4)","background-image":"","background-repeat":"repeat","background-position":"center center","background-size":"auto","background-attachment":"scroll","background-type":"","background-media":"","overlay-type":"","overlay-color":"","overlay-opacity":"","overlay-gradient":""},"tablet":{"background-color":"","background-image":"","background-repeat":"repeat","background-position":"center center","background-size":"auto","background-attachment":"scroll","background-type":"","background-media":"","overlay-type":"","overlay-color":"","overlay-opacity":"","overlay-gradient":""},"mobile":{"background-color":"","background-image":"","background-repeat":"repeat","background-position":"center center","background-size":"auto","background-attachment":"scroll","background-type":"","background-media":"","overlay-type":"","overlay-color":"","overlay-opacity":"","overlay-gradient":""}},"ast-content-background-meta":{"desktop":{"background-color":"var(--ast-global-color-5)","background-image":"","background-repeat":"repeat","background-position":"center center","background-size":"auto","background-attachment":"scroll","background-type":"","background-media":"","overlay-type":"","overlay-color":"","overlay-opacity":"","overlay-gradient":""},"tablet":{"background-color":"var(--ast-global-color-5)","background-image":"","background-repeat":"repeat","background-position":"center center","background-size":"auto","background-attachment":"scroll","background-type":"","background-media":"","overlay-type":"","overlay-color":"","overlay-opacity":"","overlay-gradient":""},"mobile":{"background-color":"var(--ast-global-color-5)","background-image":"","background-repeat":"repeat","background-position":"center center","background-size":"auto","background-attachment":"scroll","background-type":"","background-media":"","overlay-type":"","overlay-color":"","overlay-opacity":"","overlay-gradient":""}},"footnotes":""},"categories":[24,4],"tags":[],"class_list":["post-288","post","type-post","status-publish","format-standard","has-post-thumbnail","hentry","category-musica-per-escoltar","category-portada"],"post_mailing_queue_ids":[],"_links":{"self":[{"href":"https:\/\/agora.xtec.cat\/ceip-fray-luis-leon\/wp-json\/wp\/v2\/posts\/288","targetHints":{"allow":["GET"]}}],"collection":[{"href":"https:\/\/agora.xtec.cat\/ceip-fray-luis-leon\/wp-json\/wp\/v2\/posts"}],"about":[{"href":"https:\/\/agora.xtec.cat\/ceip-fray-luis-leon\/wp-json\/wp\/v2\/types\/post"}],"author":[{"embeddable":true,"href":"https:\/\/agora.xtec.cat\/ceip-fray-luis-leon\/wp-json\/wp\/v2\/users\/1"}],"replies":[{"embeddable":true,"href":"https:\/\/agora.xtec.cat\/ceip-fray-luis-leon\/wp-json\/wp\/v2\/comments?post=288"}],"version-history":[{"count":2,"href":"https:\/\/agora.xtec.cat\/ceip-fray-luis-leon\/wp-json\/wp\/v2\/posts\/288\/revisions"}],"predecessor-version":[{"id":497,"href":"https:\/\/agora.xtec.cat\/ceip-fray-luis-leon\/wp-json\/wp\/v2\/posts\/288\/revisions\/497"}],"wp:featuredmedia":[{"embeddable":true,"href":"https:\/\/agora.xtec.cat\/ceip-fray-luis-leon\/wp-json\/wp\/v2\/media\/496"}],"wp:attachment":[{"href":"https:\/\/agora.xtec.cat\/ceip-fray-luis-leon\/wp-json\/wp\/v2\/media?parent=288"}],"wp:term":[{"taxonomy":"category","embeddable":true,"href":"https:\/\/agora.xtec.cat\/ceip-fray-luis-leon\/wp-json\/wp\/v2\/categories?post=288"},{"taxonomy":"post_tag","embeddable":true,"href":"https:\/\/agora.xtec.cat\/ceip-fray-luis-leon\/wp-json\/wp\/v2\/tags?post=288"}],"curies":[{"name":"wp","href":"https:\/\/api.w.org\/{rel}","templated":true}]}}