{"id":2597,"date":"2019-04-29T13:35:29","date_gmt":"2019-04-29T11:35:29","guid":{"rendered":"http:\/\/agora.xtec.cat\/ceip-fray-luis-leon\/?p=2597"},"modified":"2019-05-03T13:45:46","modified_gmt":"2019-05-03T11:45:46","slug":"visita-de-p4-a-la-fundacio-miro","status":"publish","type":"post","link":"https:\/\/agora.xtec.cat\/ceip-fray-luis-leon\/general\/visita-de-p4-a-la-fundacio-miro\/","title":{"rendered":"Visita de P4 a la Fundaci\u00f3 Mir\u00f3"},"content":{"rendered":"<p style=\"text-align: justify;\">El passat divendres 15 de febrer els nens i les nenes de la classe dels gegants i dels capgrossos vam anar a la Fundaci\u00f3 Mir\u00f3 per observar els quadres i les escultures d\u2019aquest artista. Ens ho vam passar molt b\u00e9 veient els diferents quadres, el tapis gegant i sobretot a la terrassa de la fundaci\u00f3 imitant les est\u00e0tues.<\/p>\n<p>&nbsp;<\/p>\n<div id=\"23230\" style=\"width:600px; height:400px; display:none;\">\n<img decoding=\"async\" src=\"https:\/\/lh3.googleusercontent.com\/xmkJ7uCNp0HQn-dqe4hdeXT04mg3WQdD2tC1ZBuNvqpN3q-UTCF1YmGqXhYtHO8mD-WLeH6iEOLEzZaFDc0_rxyg4vK2GinkudGCpkRV4pZ3klsk9ALJWuRmYJGdPpt7uIrLGyJ_HTmEBMlA-_QichUoFdfQ4i8G20GoeL_7tx-PbeH8TLwAlQbOQ4Bm0D6dPvlf5B6IBOHI8xtkocgpqNKR3WCX7GfStBml2QkyfBtLqh87K0kGccrpFkLW-gpPnk2KReu7JGmM2R1DkwhEDZgk0NjUG_8TiLp7VbFgWIicNiEZVMZxK9a_bmiCNfbGM3h91x7pK2ckSWETP2dPtyBi0vp3DsBihDMAfaWUORPSQIiZrtAv8IFQGdeG6kMfxks35X3jDmbSV6Bg5x3-X2fGsgDELeUSGmH4clPP870Z_otO6lrt02aeTNpN1REThX7mrzr22RYpZQT8Edj6H2DSwp3NJD4JHR-I6-EjWxmzOrgkTpjqJoaYABMz058kahOHAKxN6e_vcKTRUrK3_M_qFSI-f4GO5Rv2b-tf7k8KihemaTrGklosr1VRDBwBJRgFX3KxEVpY13R385CFZx4z_Q7J8HJZlOeko_GQ5p_nRAz8tYeXaFO7hnvnyAeqc-WKjNj7ICzAGRuBvv6G_YVb0SL155H0=w800-h600-no\" data-link=\"https:\/\/photos.google.com\/album\/AF1QipMPAtZ6WHXOz-0WkzScnWBoVnlQbyDExOGpZfCk\/photo\/AF1QipO0agv5nWfqf-1Va3rPmznvgNwTacgzYOAbrf5f\"><br \/>\n<img decoding=\"async\" src=\"https:\/\/lh3.googleusercontent.com\/D0bESl6SZCK6ZHxFim_6UU0jOl7ilqSxCXApgBSYnTciASjP2hGp67-yAmMNmqmzN9L3uWA9mDD45imBL09G_QgNztIDypsjL4NNjKUzzjJzJMlkoozyX-EMIsZnvbZpbjuULIIS_27YFxFuWROtJeuZiE8QbQrcmLOmAJMwVJNezrBqQOXvBgXj6sej8Iea1MGC6Vpvr83KpNSU1fzax3Q1cQNCLITre04ZOQHEcHhW2BkBD9x7FAEEHyWDFa91BDYbgu0_uN67CL4_Sez-lRvsNuo-0cdWYcsONIrfSlkvvUydbcMjfNRxm7AVbZOQMAWuOmtc4v1umj20uqC4liYsdt1Lg0qQxOqKYt0zSAKuB-qfjXAPfj4I3IfRSJ8YHm1qqwIoyscVhIvqO2PU8Eh0EHoFw4cEfm9-nBm7SL6NzDH4c9vA2y7GLfG1NKFHWQa7gheJRw3XYJJivPT-y0MRHuPvScZ8xdvNPONMho8o8KXkcwwTKjyJnX4z_bmHerCeyIIpg_7ZEAIVBixuxsRuj0EteRsQY9fcQ4_QK9j5awE3bPnQw_2t9jDrk-NbbGyx7oWolY0b94usG8DiyV-pWKcrIKr0TVR5ihtL0gL-eOTpvBrcxfglN9lMZofkvs9_PQQ9gKwHLw2O6ZyNrkzmShnrj3i1=w800-h600-no\" data-link=\"https:\/\/photos.google.com\/album\/AF1QipMPAtZ6WHXOz-0WkzScnWBoVnlQbyDExOGpZfCk\/photo\/AF1QipOl7yANCKRJNnKyzH0rUKVkDK07GkFNo6hucII3\"><br \/>\n<img decoding=\"async\" src=\"https:\/\/lh3.googleusercontent.com\/_7b3eiaShePFrh0sTENBULdSfp2aNwn5cLCDBD_7voP1Fa-da3x-V09kLKOpSVp4RWNmWWpPw0jk1BDUR8HyV4IT0Yy4Q9QK3Yx32smDIhGzy119J8LAD2UC85_8KuB-RNmEfUD1zR6as5NPGlO0pDBqpjYU2mN_9oAUh-Tg5ckK_NlfFj_7jH9zQc8ixuAVouZBI0kSFR04GFqFBhYwKlOYElN59JnSeu0LJ-5TngirVHPVY0VznzfOBHT7__12p4h_e_GB6OsN-pKqE51bdGqajIrEF4hZ0wibtz5uut7tmRfHCYjY59dU66igc8keHUhYCpSsosG4Zyyt8VmN7c5TkseI7MbjVcP7TC1ck2zmHXGObRR-ega2nzCT_nFaq4p0wanqWWdRF3bFvR90v7BI-bv0ddPrOUD8gqqXIHc4YngXN0xlUeq6Z-SUqILv2odHWP86WCrKu0bMNkcZTHlcQ4pgUGhtGbR4G8B4cvn0tz3y1qkY_0tAXV-4nAVWQ6mpZjbcY2oel-TBSBbr-kk5DgqxJqKYYdrlkvH_GFHfMolaYVIAc2xfF9OOWa50DIV1lUxm44MDFsFU6qv0rC10H-Ou0d9avT6d4-gUmBTSwd8c8rbCxQeFTb1I60yMVxckx3BHoBDJISDCw5etlmlO6BrDAWhr=w800-h600-no\" data-link=\"https:\/\/photos.google.com\/album\/AF1QipMPAtZ6WHXOz-0WkzScnWBoVnlQbyDExOGpZfCk\/photo\/AF1QipNF7sqt4opnyQul9xdkU1_vDAe05ZVbhJQIheY5\">\n<\/div>\n<p><script type=\"text\/javascript\" src=\"https:\/\/cdn.jsdelivr.net\/jquery\/1.12.3\/jquery.min.js\"><\/script><br \/>\n<script>\n (MyGalleries=(typeof MyGalleries === 'undefined' ? [] : MyGalleries)).push({gallId:'#23230',autoplay:true,lightbox:true,debug:false,popupLinks:true});\n if(typeof GalleryLoaded === 'undefined'){\n  GalleryLoaded = jQuery(function(){\n   jQuery.ajax({url:'https:\/\/cdn.jsdelivr.net\/galleria\/1.4.2\/galleria.min.js',dataType:'script',cache:true}).done(function(){\n    Galleria.loadTheme('https:\/\/cdn.jsdelivr.net\/galleria\/1.4.2\/themes\/classic\/galleria.classic.js');\n    for(var n in MyGalleries){\n     Galleria.run(MyGalleries[n].gallId, MyGalleries[n]);\n     jQuery(MyGalleries[n].gallId).css('display','block');\n    }\n   });\n  });\n }\n<\/script><\/p>\n","protected":false},"excerpt":{"rendered":"<p>Al Febrer vam visitar la Fundaci\u00f3 Mir\u00f3.<\/p>\n","protected":false},"author":3,"featured_media":2601,"comment_status":"closed","ping_status":"closed","sticky":false,"template":"","format":"standard","meta":{"_bbp_topic_count":0,"_bbp_reply_count":0,"_bbp_total_topic_count":0,"_bbp_total_reply_count":0,"_bbp_voice_count":0,"_bbp_anonymous_reply_count":0,"_bbp_topic_count_hidden":0,"_bbp_reply_count_hidden":0,"_bbp_forum_subforum_count":0,"site-sidebar-layout":"default","site-content-layout":"","ast-site-content-layout":"","site-content-style":"default","site-sidebar-style":"default","ast-global-header-display":"","ast-banner-title-visibility":"","ast-main-header-display":"","ast-hfb-above-header-display":"","ast-hfb-below-header-display":"","ast-hfb-mobile-header-display":"","site-post-title":"","ast-breadcrumbs-content":"","ast-featured-img":"","footer-sml-layout":"","theme-transparent-header-meta":"","adv-header-id-meta":"","stick-header-meta":"","header-above-stick-meta":"","header-main-stick-meta":"","header-below-stick-meta":"","astra-migrate-meta-layouts":"default","ast-page-background-enabled":"default","ast-page-background-meta":{"desktop":{"background-color":"var(--ast-global-color-4)","background-image":"","background-repeat":"repeat","background-position":"center center","background-size":"auto","background-attachment":"scroll","background-type":"","background-media":"","overlay-type":"","overlay-color":"","overlay-opacity":"","overlay-gradient":""},"tablet":{"background-color":"","background-image":"","background-repeat":"repeat","background-position":"center center","background-size":"auto","background-attachment":"scroll","background-type":"","background-media":"","overlay-type":"","overlay-color":"","overlay-opacity":"","overlay-gradient":""},"mobile":{"background-color":"","background-image":"","background-repeat":"repeat","background-position":"center center","background-size":"auto","background-attachment":"scroll","background-type":"","background-media":"","overlay-type":"","overlay-color":"","overlay-opacity":"","overlay-gradient":""}},"ast-content-background-meta":{"desktop":{"background-color":"var(--ast-global-color-5)","background-image":"","background-repeat":"repeat","background-position":"center center","background-size":"auto","background-attachment":"scroll","background-type":"","background-media":"","overlay-type":"","overlay-color":"","overlay-opacity":"","overlay-gradient":""},"tablet":{"background-color":"var(--ast-global-color-5)","background-image":"","background-repeat":"repeat","background-position":"center center","background-size":"auto","background-attachment":"scroll","background-type":"","background-media":"","overlay-type":"","overlay-color":"","overlay-opacity":"","overlay-gradient":""},"mobile":{"background-color":"var(--ast-global-color-5)","background-image":"","background-repeat":"repeat","background-position":"center center","background-size":"auto","background-attachment":"scroll","background-type":"","background-media":"","overlay-type":"","overlay-color":"","overlay-opacity":"","overlay-gradient":""}},"footnotes":""},"categories":[1,55,2,4],"tags":[155,113,182,112],"class_list":["post-2597","post","type-post","status-publish","format-standard","has-post-thumbnail","hentry","category-general","category-i4","category-infantil","category-portada","tag-155","tag-capgrossos","tag-fundacio-miro","tag-gegants"],"post_mailing_queue_ids":[],"_links":{"self":[{"href":"https:\/\/agora.xtec.cat\/ceip-fray-luis-leon\/wp-json\/wp\/v2\/posts\/2597","targetHints":{"allow":["GET"]}}],"collection":[{"href":"https:\/\/agora.xtec.cat\/ceip-fray-luis-leon\/wp-json\/wp\/v2\/posts"}],"about":[{"href":"https:\/\/agora.xtec.cat\/ceip-fray-luis-leon\/wp-json\/wp\/v2\/types\/post"}],"author":[{"embeddable":true,"href":"https:\/\/agora.xtec.cat\/ceip-fray-luis-leon\/wp-json\/wp\/v2\/users\/3"}],"replies":[{"embeddable":true,"href":"https:\/\/agora.xtec.cat\/ceip-fray-luis-leon\/wp-json\/wp\/v2\/comments?post=2597"}],"version-history":[{"count":1,"href":"https:\/\/agora.xtec.cat\/ceip-fray-luis-leon\/wp-json\/wp\/v2\/posts\/2597\/revisions"}],"predecessor-version":[{"id":2599,"href":"https:\/\/agora.xtec.cat\/ceip-fray-luis-leon\/wp-json\/wp\/v2\/posts\/2597\/revisions\/2599"}],"wp:featuredmedia":[{"embeddable":true,"href":"https:\/\/agora.xtec.cat\/ceip-fray-luis-leon\/wp-json\/wp\/v2\/media\/2601"}],"wp:attachment":[{"href":"https:\/\/agora.xtec.cat\/ceip-fray-luis-leon\/wp-json\/wp\/v2\/media?parent=2597"}],"wp:term":[{"taxonomy":"category","embeddable":true,"href":"https:\/\/agora.xtec.cat\/ceip-fray-luis-leon\/wp-json\/wp\/v2\/categories?post=2597"},{"taxonomy":"post_tag","embeddable":true,"href":"https:\/\/agora.xtec.cat\/ceip-fray-luis-leon\/wp-json\/wp\/v2\/tags?post=2597"}],"curies":[{"name":"wp","href":"https:\/\/api.w.org\/{rel}","templated":true}]}}