{"id":2150,"date":"2018-04-12T13:05:18","date_gmt":"2018-04-12T11:05:18","guid":{"rendered":"http:\/\/agora.xtec.cat\/ceip-fray-luis-leon\/?p=2150"},"modified":"2018-05-07T13:18:22","modified_gmt":"2018-05-07T11:18:22","slug":"anem-a-lauditori-a-veure-sona-bach","status":"publish","type":"post","link":"https:\/\/agora.xtec.cat\/ceip-fray-luis-leon\/portada\/anem-a-lauditori-a-veure-sona-bach\/","title":{"rendered":"Anem a l\u2019Auditori a veure \u201cSONA BACH\u201d"},"content":{"rendered":"<p style=\"text-align: justify;\">El passat dia 11 d\u2019abril els nens i nenes de les classes dels Trabucaires i els Bastoners vam anar a l\u2019auditori de Barcelona a veure \u201cSona Bach\u201d.<\/p>\n<p style=\"text-align: justify;\">Ens va agradar molt aquest sortida doncs era un concert on la m\u00fasica la feien elements molt diferents com per exemple una cadira de Ikea, un cubell d\u2019escombraries&#8230;. Vam gaudir molt!<\/p>\n<p style=\"text-align: justify;\">\u00c9s la primera excursi\u00f3 que hem realitzat anant en metro i ens va agradar molt i ens ho vam passar molt b\u00e9!<\/p>\n<table style=\"width: 599px;\">\n<tbody>\n<tr>\n<td style=\"width: 292px;\"><a href=\"http:\/\/agora.xtec.cat\/ceip-fray-luis-leon\/wp-content\/uploads\/usu900\/2018\/05\/20180411_093523.jpg\"><img loading=\"lazy\" decoding=\"async\" class=\"alignnone  wp-image-2153 aligncenter\" src=\"http:\/\/agora.xtec.cat\/ceip-fray-luis-leon\/wp-content\/uploads\/usu900\/2018\/05\/20180411_093523.jpg\" alt=\"\" width=\"251\" height=\"188\" srcset=\"https:\/\/agora.xtec.cat\/ceip-fray-luis-leon\/wp-content\/uploads\/usu900\/2018\/05\/20180411_093523.jpg 640w, https:\/\/agora.xtec.cat\/ceip-fray-luis-leon\/wp-content\/uploads\/usu900\/2018\/05\/20180411_093523-300x225.jpg 300w, https:\/\/agora.xtec.cat\/ceip-fray-luis-leon\/wp-content\/uploads\/usu900\/2018\/05\/20180411_093523-200x150.jpg 200w\" sizes=\"auto, (max-width: 251px) 100vw, 251px\" \/><\/a><\/td>\n<td style=\"width: 299px;\"><a href=\"http:\/\/agora.xtec.cat\/ceip-fray-luis-leon\/wp-content\/uploads\/usu900\/2018\/05\/20180411_100554.jpg\"><img loading=\"lazy\" decoding=\"async\" class=\"wp-image-2154 aligncenter\" src=\"http:\/\/agora.xtec.cat\/ceip-fray-luis-leon\/wp-content\/uploads\/usu900\/2018\/05\/20180411_100554.jpg\" alt=\"\" width=\"251\" height=\"188\" srcset=\"https:\/\/agora.xtec.cat\/ceip-fray-luis-leon\/wp-content\/uploads\/usu900\/2018\/05\/20180411_100554.jpg 640w, https:\/\/agora.xtec.cat\/ceip-fray-luis-leon\/wp-content\/uploads\/usu900\/2018\/05\/20180411_100554-300x225.jpg 300w, https:\/\/agora.xtec.cat\/ceip-fray-luis-leon\/wp-content\/uploads\/usu900\/2018\/05\/20180411_100554-200x150.jpg 200w\" sizes=\"auto, (max-width: 251px) 100vw, 251px\" \/><\/a><\/td>\n<\/tr>\n<tr>\n<td style=\"width: 292px;\"><a href=\"http:\/\/agora.xtec.cat\/ceip-fray-luis-leon\/wp-content\/uploads\/usu900\/2018\/05\/20180411_101543.jpg\"><img loading=\"lazy\" decoding=\"async\" class=\"wp-image-2155 aligncenter\" src=\"http:\/\/agora.xtec.cat\/ceip-fray-luis-leon\/wp-content\/uploads\/usu900\/2018\/05\/20180411_101543.jpg\" alt=\"\" width=\"250\" height=\"187\" srcset=\"https:\/\/agora.xtec.cat\/ceip-fray-luis-leon\/wp-content\/uploads\/usu900\/2018\/05\/20180411_101543.jpg 640w, https:\/\/agora.xtec.cat\/ceip-fray-luis-leon\/wp-content\/uploads\/usu900\/2018\/05\/20180411_101543-300x225.jpg 300w, https:\/\/agora.xtec.cat\/ceip-fray-luis-leon\/wp-content\/uploads\/usu900\/2018\/05\/20180411_101543-200x150.jpg 200w\" sizes=\"auto, (max-width: 250px) 100vw, 250px\" \/><\/a><\/td>\n<td style=\"width: 299px;\"><a href=\"http:\/\/agora.xtec.cat\/ceip-fray-luis-leon\/wp-content\/uploads\/usu900\/2018\/05\/20180411_101548.jpg\"><img loading=\"lazy\" decoding=\"async\" class=\"wp-image-2156 aligncenter\" src=\"http:\/\/agora.xtec.cat\/ceip-fray-luis-leon\/wp-content\/uploads\/usu900\/2018\/05\/20180411_101548.jpg\" alt=\"\" width=\"251\" height=\"188\" srcset=\"https:\/\/agora.xtec.cat\/ceip-fray-luis-leon\/wp-content\/uploads\/usu900\/2018\/05\/20180411_101548.jpg 640w, https:\/\/agora.xtec.cat\/ceip-fray-luis-leon\/wp-content\/uploads\/usu900\/2018\/05\/20180411_101548-300x225.jpg 300w, https:\/\/agora.xtec.cat\/ceip-fray-luis-leon\/wp-content\/uploads\/usu900\/2018\/05\/20180411_101548-200x150.jpg 200w\" sizes=\"auto, (max-width: 251px) 100vw, 251px\" \/><\/a><\/td>\n<\/tr>\n<\/tbody>\n<\/table>\n<p>&nbsp;<\/p>\n","protected":false},"excerpt":{"rendered":"<p>El passat dia 11 d\u2019abril els nens i nenes de les classes dels Trabucaires i els Bastoners vam anar a l\u2019auditori de Barcelona a veure \u201cSona Bach\u201d.<\/p>\n","protected":false},"author":1,"featured_media":2151,"comment_status":"closed","ping_status":"closed","sticky":false,"template":"","format":"standard","meta":{"_bbp_topic_count":0,"_bbp_reply_count":0,"_bbp_total_topic_count":0,"_bbp_total_reply_count":0,"_bbp_voice_count":0,"_bbp_anonymous_reply_count":0,"_bbp_topic_count_hidden":0,"_bbp_reply_count_hidden":0,"_bbp_forum_subforum_count":0,"site-sidebar-layout":"default","site-content-layout":"","ast-site-content-layout":"","site-content-style":"default","site-sidebar-style":"default","ast-global-header-display":"","ast-banner-title-visibility":"","ast-main-header-display":"","ast-hfb-above-header-display":"","ast-hfb-below-header-display":"","ast-hfb-mobile-header-display":"","site-post-title":"","ast-breadcrumbs-content":"","ast-featured-img":"","footer-sml-layout":"","theme-transparent-header-meta":"","adv-header-id-meta":"","stick-header-meta":"","header-above-stick-meta":"","header-main-stick-meta":"","header-below-stick-meta":"","astra-migrate-meta-layouts":"default","ast-page-background-enabled":"default","ast-page-background-meta":{"desktop":{"background-color":"var(--ast-global-color-4)","background-image":"","background-repeat":"repeat","background-position":"center center","background-size":"auto","background-attachment":"scroll","background-type":"","background-media":"","overlay-type":"","overlay-color":"","overlay-opacity":"","overlay-gradient":""},"tablet":{"background-color":"","background-image":"","background-repeat":"repeat","background-position":"center center","background-size":"auto","background-attachment":"scroll","background-type":"","background-media":"","overlay-type":"","overlay-color":"","overlay-opacity":"","overlay-gradient":""},"mobile":{"background-color":"","background-image":"","background-repeat":"repeat","background-position":"center center","background-size":"auto","background-attachment":"scroll","background-type":"","background-media":"","overlay-type":"","overlay-color":"","overlay-opacity":"","overlay-gradient":""}},"ast-content-background-meta":{"desktop":{"background-color":"var(--ast-global-color-5)","background-image":"","background-repeat":"repeat","background-position":"center center","background-size":"auto","background-attachment":"scroll","background-type":"","background-media":"","overlay-type":"","overlay-color":"","overlay-opacity":"","overlay-gradient":""},"tablet":{"background-color":"var(--ast-global-color-5)","background-image":"","background-repeat":"repeat","background-position":"center center","background-size":"auto","background-attachment":"scroll","background-type":"","background-media":"","overlay-type":"","overlay-color":"","overlay-opacity":"","overlay-gradient":""},"mobile":{"background-color":"var(--ast-global-color-5)","background-image":"","background-repeat":"repeat","background-position":"center center","background-size":"auto","background-attachment":"scroll","background-type":"","background-media":"","overlay-type":"","overlay-color":"","overlay-opacity":"","overlay-gradient":""}},"footnotes":""},"categories":[62,4,5],"tags":[],"class_list":["post-2150","post","type-post","status-publish","format-standard","has-post-thumbnail","hentry","category-p1","category-portada","category-primaria"],"post_mailing_queue_ids":[],"_links":{"self":[{"href":"https:\/\/agora.xtec.cat\/ceip-fray-luis-leon\/wp-json\/wp\/v2\/posts\/2150","targetHints":{"allow":["GET"]}}],"collection":[{"href":"https:\/\/agora.xtec.cat\/ceip-fray-luis-leon\/wp-json\/wp\/v2\/posts"}],"about":[{"href":"https:\/\/agora.xtec.cat\/ceip-fray-luis-leon\/wp-json\/wp\/v2\/types\/post"}],"author":[{"embeddable":true,"href":"https:\/\/agora.xtec.cat\/ceip-fray-luis-leon\/wp-json\/wp\/v2\/users\/1"}],"replies":[{"embeddable":true,"href":"https:\/\/agora.xtec.cat\/ceip-fray-luis-leon\/wp-json\/wp\/v2\/comments?post=2150"}],"version-history":[{"count":1,"href":"https:\/\/agora.xtec.cat\/ceip-fray-luis-leon\/wp-json\/wp\/v2\/posts\/2150\/revisions"}],"predecessor-version":[{"id":2157,"href":"https:\/\/agora.xtec.cat\/ceip-fray-luis-leon\/wp-json\/wp\/v2\/posts\/2150\/revisions\/2157"}],"wp:featuredmedia":[{"embeddable":true,"href":"https:\/\/agora.xtec.cat\/ceip-fray-luis-leon\/wp-json\/wp\/v2\/media\/2151"}],"wp:attachment":[{"href":"https:\/\/agora.xtec.cat\/ceip-fray-luis-leon\/wp-json\/wp\/v2\/media?parent=2150"}],"wp:term":[{"taxonomy":"category","embeddable":true,"href":"https:\/\/agora.xtec.cat\/ceip-fray-luis-leon\/wp-json\/wp\/v2\/categories?post=2150"},{"taxonomy":"post_tag","embeddable":true,"href":"https:\/\/agora.xtec.cat\/ceip-fray-luis-leon\/wp-json\/wp\/v2\/tags?post=2150"}],"curies":[{"name":"wp","href":"https:\/\/api.w.org\/{rel}","templated":true}]}}