{"id":2054,"date":"2018-02-06T15:54:48","date_gmt":"2018-02-06T14:54:48","guid":{"rendered":"http:\/\/agora.xtec.cat\/ceip-fray-luis-leon\/?p=2054"},"modified":"2018-02-26T16:01:50","modified_gmt":"2018-02-26T15:01:50","slug":"els-trabucaires-visiten-el-metro","status":"publish","type":"post","link":"https:\/\/agora.xtec.cat\/ceip-fray-luis-leon\/portada\/els-trabucaires-visiten-el-metro\/","title":{"rendered":"Els trabucaires visiten el Metro"},"content":{"rendered":"<p>Els nens i nenes de la classe dels TRABUCAIRES hem anat d\u2019excursi\u00f3 al Metro de Can Peixauet!<\/p>\n<p>Ens han explicat les normes d\u2019utilitzaci\u00f3 d\u2019aquest transport i tamb\u00e9 qu\u00e8 hav\u00edem de fer si ens perd\u00edem.<\/p>\n<p>Ens ho hem passat molt b\u00e9!<\/p>\n<div id=\"2CCA3\" style=\"width: 600px; height: 400px; display: none;\"><img decoding=\"async\" src=\"https:\/\/lh3.googleusercontent.com\/9zqyrKwTzcJRtdhN0Ruu5NbY-rY40lXHEwamkD1NvL_8oBAUdFs6DhWgz29JvYf7i3a5Eu1HZRUU0_bu2ZAGqv7YU68GepIdEXzFtABDTfYnlooui7rorR19rZQtsp5IjofYEdQoWdGf-J08nqLYseLAowDfyncGcSU04WldvQIN2GUBkf8YSUiB8XV9G704U8_f3NDFBD6LZEszJH-Jj4WIpOtvfVESw8gF7ASAqL7jkx-Todf4VQZugWHt5nJMPIu4SNyee-BHLDgLyTXop5Wm1kTaBpUzQoy2EIV-3g_BUddsQGyEfx2BSmQNGUtDG7d4D5ZKCQtSb8b32i30D5L53IQNKh6xcSupRQceRlKNbZOAGAtOaonwPcHuylOikX670Kj3Q6FZGP5IhEzvWo6gMIoeJ5bagWKAqDXdvzroJ0p-I_udE_8o4I4GDJcYeH0ysWBDDnLaDP84hg4zcgP8Cv7ox7l6r0WiYcmtesiydLt2vi9-BCNL1gzFS2eipaD3mBBXt7Mlw8_qcGcmCk9ivYlwYJS-doaNl69CIjWvNm9M2AeiCK8BGZwpLdfqK04kp0ry8sxAb8r7_FBkvdBO0zsSnBGovJwOf1Oh10OLCkNketn8SGbz6wtt3Fcqxm2m_agnR0hPf6yiLlvKWYnys7w9QvIZ=w800-h600-no\" data-link=\"https:\/\/photos.google.com\/share\/AF1QipOWIxFwCd9EwFQenmtNrst0uCYgUYldO3Z8rXYURzOimzq3xAAbO_ZcChDF2-wkWQ\/photo\/AF1QipMnIFJZCPm0p9VV79JUkxkEO14GSy784KcDkTk8?key=TjdFbC1nQ2tIWktNY01HdDI3Tl9LNm9BNUlyN2FB\" \/><br \/>\n<img decoding=\"async\" src=\"https:\/\/lh3.googleusercontent.com\/6GAXE29DqwGeHuGR7UvFUi4AbfyhAFUHnmwfiQQ7Bbz35ssW7ru-JkThWZLLEx1Mo5LgoPeUHjo8bY35GVwWGOufIRoFq4lareGavyfpIhJilu3ISL6OPUoaVBaBZlDyj-_OXdX6_FYtFJRZgf1UVjno0Gu9KAloAg2fLHK9c07hOTeHHXnrvKnhF7Zm3oWRXFJQKwJjKoLWbkY82jA_Qolf9uyNmRJOaeJBvaa7gxbrOcHHXxYuGc8h1cLzrCaiFg0NLlGNXiUx3Ro3hof-nLSLxJ4CAis_MF5w7AXKDOrQ-GTVMX_PAgTllGKXV4hsxriAw0YPZic6hzVuYbyeIHQA8msNAoAtxmTIXQjBKRyLqPCGbNq1MkTvAzdBWN9xFj7G7T1iUJM-7cnehuXl0sSW1xineVPC32IeUocCORq2a8fBupwfKUp-07qJYF7OabWt824PQESpUojUNShRUPyqbyzFSgZbjuQDn1ijh6V1gn00hlkEtc-rgbNwE2eA7L4VpIwMnkuI71IKJhIju5yCnjbdRhFEeHQtGNAWwbu76O6NfU9SlgHMuJFeo5tRJrxpybkiVrFNEoTA84K8Qt6zUhWZyHpPOl8oIePypdhz6TPWfpbrCxxtbFpvEvvJLA7U2-qLy-E-QkLyAoAmcIi9N3jvQQvL=w800-h600-no\" data-link=\"https:\/\/photos.google.com\/share\/AF1QipOWIxFwCd9EwFQenmtNrst0uCYgUYldO3Z8rXYURzOimzq3xAAbO_ZcChDF2-wkWQ\/photo\/AF1QipMzXRuP7nr5LS3UZMpDWb1v9WvR8-GGKUviVIx_?key=TjdFbC1nQ2tIWktNY01HdDI3Tl9LNm9BNUlyN2FB\" \/><br \/>\n<img decoding=\"async\" src=\"https:\/\/lh3.googleusercontent.com\/lF6oeV3nLKysDBLIrou5kfDRHLGArYkiQh_SbzfenPfu44-EtGHqncvalYTx6JGXVuZqaXYGdB1Z2cshobCdku23VyRdOMV7HCGiuIouR9fM0VdCcfV6p7WsogugBVXQR4_7cbzg9dtN67vXguetI656dARnV-99i-_BueG_m8VppCzJkZRCrEcs3bWuGCnpPvsEu0mK37hWxh0Fgt62iJSwKJdiLD2lD-p3cfSkPEp1qKEOAFuPsC0wVdBfYaeRAwAKcBfDgEGpqByS1JZogrZ8jFkqKTG3bZitN_Z1P4AUK3ObaK2wd7-MgLZxb7fYky9sngVc-2fDsdOF0VTMU6lSIbF3qFq2Et8HYaiIyRrNE5RFYRRoo9uh53DdCw7HC7g02MePIHx6IpzmdFu6OnCdWPEqEviutc11QEHzJ6bH5M90qntyESFNo3LRJuWPmp226FDyYv24imc_VIbVSWhjGwcGItDThEIfL9_WpLuBvAtBv8wxjVALIPbhR5ygR8DnUgQ9bcidOr7DBSsvlzp5w8FRJYpV7PuVrjf-ybO68-wSkRFQGIqzBDYCkBNcZewyEXoGLFoJWsxU7-TCmeepqf1A1hyoJ46h8rQdO7T8S5zuJPkuT645tfAsRe61w2mo0C0tsBEoNsOOps69dXc9d81awWdP=w800-h600-no\" data-link=\"https:\/\/photos.google.com\/share\/AF1QipOWIxFwCd9EwFQenmtNrst0uCYgUYldO3Z8rXYURzOimzq3xAAbO_ZcChDF2-wkWQ\/photo\/AF1QipPzLLEK6P8VkyRn2oQH7vr-fsCd-hLrrjwR0P8U?key=TjdFbC1nQ2tIWktNY01HdDI3Tl9LNm9BNUlyN2FB\" \/><\/div>\n<p><script type=\"text\/javascript\" src=\"https:\/\/cdn.jsdelivr.net\/jquery\/1.12.3\/jquery.min.js\"><\/script><br \/>\n<script>\n (MyGalleries=(typeof MyGalleries === 'undefined' ? [] : MyGalleries)).push({gallId:'#2CCA3',autoplay:true,lightbox:true,debug:false,popupLinks:true});\n if(typeof GalleryLoaded === 'undefined'){\n  GalleryLoaded = jQuery(function(){\n   jQuery.ajax({url:'https:\/\/cdn.jsdelivr.net\/galleria\/1.4.2\/galleria.min.js',dataType:'script',cache:true}).done(function(){\n    Galleria.loadTheme('https:\/\/cdn.jsdelivr.net\/galleria\/1.4.2\/themes\/classic\/galleria.classic.js');\n    for(var n in MyGalleries){\n     Galleria.run(MyGalleries[n].gallId, MyGalleries[n]);\n     jQuery(MyGalleries[n].gallId).css('display','block');\n    }\n   });\n  });\n }\n<\/script><\/p>\n","protected":false},"excerpt":{"rendered":"<p>Els nens i nenes de la classe dels TRABUCAIRES hem anat d\u2019excursi\u00f3 al Metro de Can Peixauet!<\/p>\n","protected":false},"author":1,"featured_media":2056,"comment_status":"closed","ping_status":"closed","sticky":false,"template":"","format":"standard","meta":{"_bbp_topic_count":0,"_bbp_reply_count":0,"_bbp_total_topic_count":0,"_bbp_total_reply_count":0,"_bbp_voice_count":0,"_bbp_anonymous_reply_count":0,"_bbp_topic_count_hidden":0,"_bbp_reply_count_hidden":0,"_bbp_forum_subforum_count":0,"site-sidebar-layout":"default","site-content-layout":"","ast-site-content-layout":"","site-content-style":"default","site-sidebar-style":"default","ast-global-header-display":"","ast-banner-title-visibility":"","ast-main-header-display":"","ast-hfb-above-header-display":"","ast-hfb-below-header-display":"","ast-hfb-mobile-header-display":"","site-post-title":"","ast-breadcrumbs-content":"","ast-featured-img":"","footer-sml-layout":"","theme-transparent-header-meta":"","adv-header-id-meta":"","stick-header-meta":"","header-above-stick-meta":"","header-main-stick-meta":"","header-below-stick-meta":"","astra-migrate-meta-layouts":"default","ast-page-background-enabled":"default","ast-page-background-meta":{"desktop":{"background-color":"var(--ast-global-color-4)","background-image":"","background-repeat":"repeat","background-position":"center center","background-size":"auto","background-attachment":"scroll","background-type":"","background-media":"","overlay-type":"","overlay-color":"","overlay-opacity":"","overlay-gradient":""},"tablet":{"background-color":"","background-image":"","background-repeat":"repeat","background-position":"center center","background-size":"auto","background-attachment":"scroll","background-type":"","background-media":"","overlay-type":"","overlay-color":"","overlay-opacity":"","overlay-gradient":""},"mobile":{"background-color":"","background-image":"","background-repeat":"repeat","background-position":"center center","background-size":"auto","background-attachment":"scroll","background-type":"","background-media":"","overlay-type":"","overlay-color":"","overlay-opacity":"","overlay-gradient":""}},"ast-content-background-meta":{"desktop":{"background-color":"var(--ast-global-color-5)","background-image":"","background-repeat":"repeat","background-position":"center center","background-size":"auto","background-attachment":"scroll","background-type":"","background-media":"","overlay-type":"","overlay-color":"","overlay-opacity":"","overlay-gradient":""},"tablet":{"background-color":"var(--ast-global-color-5)","background-image":"","background-repeat":"repeat","background-position":"center center","background-size":"auto","background-attachment":"scroll","background-type":"","background-media":"","overlay-type":"","overlay-color":"","overlay-opacity":"","overlay-gradient":""},"mobile":{"background-color":"var(--ast-global-color-5)","background-image":"","background-repeat":"repeat","background-position":"center center","background-size":"auto","background-attachment":"scroll","background-type":"","background-media":"","overlay-type":"","overlay-color":"","overlay-opacity":"","overlay-gradient":""}},"footnotes":""},"categories":[62,4,5],"tags":[],"class_list":["post-2054","post","type-post","status-publish","format-standard","has-post-thumbnail","hentry","category-p1","category-portada","category-primaria"],"post_mailing_queue_ids":[],"_links":{"self":[{"href":"https:\/\/agora.xtec.cat\/ceip-fray-luis-leon\/wp-json\/wp\/v2\/posts\/2054","targetHints":{"allow":["GET"]}}],"collection":[{"href":"https:\/\/agora.xtec.cat\/ceip-fray-luis-leon\/wp-json\/wp\/v2\/posts"}],"about":[{"href":"https:\/\/agora.xtec.cat\/ceip-fray-luis-leon\/wp-json\/wp\/v2\/types\/post"}],"author":[{"embeddable":true,"href":"https:\/\/agora.xtec.cat\/ceip-fray-luis-leon\/wp-json\/wp\/v2\/users\/1"}],"replies":[{"embeddable":true,"href":"https:\/\/agora.xtec.cat\/ceip-fray-luis-leon\/wp-json\/wp\/v2\/comments?post=2054"}],"version-history":[{"count":2,"href":"https:\/\/agora.xtec.cat\/ceip-fray-luis-leon\/wp-json\/wp\/v2\/posts\/2054\/revisions"}],"predecessor-version":[{"id":2057,"href":"https:\/\/agora.xtec.cat\/ceip-fray-luis-leon\/wp-json\/wp\/v2\/posts\/2054\/revisions\/2057"}],"wp:featuredmedia":[{"embeddable":true,"href":"https:\/\/agora.xtec.cat\/ceip-fray-luis-leon\/wp-json\/wp\/v2\/media\/2056"}],"wp:attachment":[{"href":"https:\/\/agora.xtec.cat\/ceip-fray-luis-leon\/wp-json\/wp\/v2\/media?parent=2054"}],"wp:term":[{"taxonomy":"category","embeddable":true,"href":"https:\/\/agora.xtec.cat\/ceip-fray-luis-leon\/wp-json\/wp\/v2\/categories?post=2054"},{"taxonomy":"post_tag","embeddable":true,"href":"https:\/\/agora.xtec.cat\/ceip-fray-luis-leon\/wp-json\/wp\/v2\/tags?post=2054"}],"curies":[{"name":"wp","href":"https:\/\/api.w.org\/{rel}","templated":true}]}}