{"id":1637,"date":"2017-09-12T09:00:50","date_gmt":"2017-09-12T07:00:50","guid":{"rendered":"http:\/\/agora.xtec.cat\/ceip-fray-luis-leon\/?p=1637"},"modified":"2017-09-06T13:57:10","modified_gmt":"2017-09-06T11:57:10","slug":"benvinguts-a-un-nou-curs","status":"publish","type":"post","link":"https:\/\/agora.xtec.cat\/ceip-fray-luis-leon\/infantil\/benvinguts-a-un-nou-curs\/","title":{"rendered":"Benvinguts a un nou curs!"},"content":{"rendered":"<p>Bon dia!\u00a0 Ja tornem a ser aqu\u00ed!<\/p>\n<p style=\"text-align: justify;\">Despr\u00e9s de dies de lleure, platja, piscina, muntanya, de\u00a0gaudir de familiars i amics\u2026 tot, mica en mica, van quedant enrere. Les vacances han acabat i \u00e9s el moment de tornar a l&#8217;escola. Ja teniu ganes?<\/p>\n<p style=\"text-align: justify;\">Abans que res volem donar la benvinguda a aquells alumnes i fam\u00edlies que comencen a formar part de la nostra escola. I tamb\u00e9 volem donar una c\u00e0lida rebuda als nous mestres que ens acompanyaran durant aquest nou curs: la Marta, l\u2019Ana Isabel, la Maria, l\u2019Andreu i l\u2019Ana.<\/p>\n<p style=\"text-align: justify;\">Les aules es tornaran a omplir amb somriures, amb motxilles plenes de ganes, il\u00b7lusi\u00f3 i empenta. Tenim preparats un munt de tallers, activitats, projectes, ambients, reptes&#8230; dels quals segur que gaudirem mentre anem aprenent plegats.<\/p>\n<p style=\"text-align: justify;\">Des de l\u2019escola Fray Luis us donem la benvinguda al curs 2017-2018, encoratjant-vos i\u00a0dient\u00ad-vos que un bon curs\u00a0<strong>comen\u00e7a amb un bon\u00a0somriure!!<\/strong><\/p>\n<p>Bon curs a tothom!!<\/p>\n<p><a href=\"http:\/\/agora.xtec.cat\/ceip-fray-luis-leon\/wp-content\/uploads\/usu900\/2017\/09\/banner-benvinguda.jpg\"><img loading=\"lazy\" decoding=\"async\" class=\"wp-image-1638 aligncenter\" src=\"http:\/\/agora.xtec.cat\/ceip-fray-luis-leon\/wp-content\/uploads\/usu900\/2017\/09\/banner-benvinguda.jpg\" alt=\"\" width=\"549\" height=\"301\" srcset=\"https:\/\/agora.xtec.cat\/ceip-fray-luis-leon\/wp-content\/uploads\/usu900\/2017\/09\/banner-benvinguda.jpg 646w, https:\/\/agora.xtec.cat\/ceip-fray-luis-leon\/wp-content\/uploads\/usu900\/2017\/09\/banner-benvinguda-300x164.jpg 300w\" sizes=\"auto, (max-width: 549px) 100vw, 549px\" \/><\/a><\/p>\n","protected":false},"excerpt":{"rendered":"<p>Bon dia!  Ja tornem a ser aqu\u00ed!<\/p>\n<p>Despr\u00e9s de dies de lleure, platja, piscina, muntanya, de gaudir de familiars i amics\u2026 tot, mica en mica, van quedant enrere. <\/p>\n","protected":false},"author":1,"featured_media":1638,"comment_status":"closed","ping_status":"closed","sticky":false,"template":"","format":"standard","meta":{"_bbp_topic_count":0,"_bbp_reply_count":0,"_bbp_total_topic_count":0,"_bbp_total_reply_count":0,"_bbp_voice_count":0,"_bbp_anonymous_reply_count":0,"_bbp_topic_count_hidden":0,"_bbp_reply_count_hidden":0,"_bbp_forum_subforum_count":0,"site-sidebar-layout":"default","site-content-layout":"","ast-site-content-layout":"","site-content-style":"default","site-sidebar-style":"default","ast-global-header-display":"","ast-banner-title-visibility":"","ast-main-header-display":"","ast-hfb-above-header-display":"","ast-hfb-below-header-display":"","ast-hfb-mobile-header-display":"","site-post-title":"","ast-breadcrumbs-content":"","ast-featured-img":"","footer-sml-layout":"","theme-transparent-header-meta":"","adv-header-id-meta":"","stick-header-meta":"","header-above-stick-meta":"","header-main-stick-meta":"","header-below-stick-meta":"","astra-migrate-meta-layouts":"default","ast-page-background-enabled":"default","ast-page-background-meta":{"desktop":{"background-color":"var(--ast-global-color-4)","background-image":"","background-repeat":"repeat","background-position":"center center","background-size":"auto","background-attachment":"scroll","background-type":"","background-media":"","overlay-type":"","overlay-color":"","overlay-opacity":"","overlay-gradient":""},"tablet":{"background-color":"","background-image":"","background-repeat":"repeat","background-position":"center center","background-size":"auto","background-attachment":"scroll","background-type":"","background-media":"","overlay-type":"","overlay-color":"","overlay-opacity":"","overlay-gradient":""},"mobile":{"background-color":"","background-image":"","background-repeat":"repeat","background-position":"center center","background-size":"auto","background-attachment":"scroll","background-type":"","background-media":"","overlay-type":"","overlay-color":"","overlay-opacity":"","overlay-gradient":""}},"ast-content-background-meta":{"desktop":{"background-color":"var(--ast-global-color-5)","background-image":"","background-repeat":"repeat","background-position":"center center","background-size":"auto","background-attachment":"scroll","background-type":"","background-media":"","overlay-type":"","overlay-color":"","overlay-opacity":"","overlay-gradient":""},"tablet":{"background-color":"var(--ast-global-color-5)","background-image":"","background-repeat":"repeat","background-position":"center center","background-size":"auto","background-attachment":"scroll","background-type":"","background-media":"","overlay-type":"","overlay-color":"","overlay-opacity":"","overlay-gradient":""},"mobile":{"background-color":"var(--ast-global-color-5)","background-image":"","background-repeat":"repeat","background-position":"center center","background-size":"auto","background-attachment":"scroll","background-type":"","background-media":"","overlay-type":"","overlay-color":"","overlay-opacity":"","overlay-gradient":""}},"footnotes":""},"categories":[2,4,5],"tags":[],"class_list":["post-1637","post","type-post","status-publish","format-standard","has-post-thumbnail","hentry","category-infantil","category-portada","category-primaria"],"post_mailing_queue_ids":[],"_links":{"self":[{"href":"https:\/\/agora.xtec.cat\/ceip-fray-luis-leon\/wp-json\/wp\/v2\/posts\/1637","targetHints":{"allow":["GET"]}}],"collection":[{"href":"https:\/\/agora.xtec.cat\/ceip-fray-luis-leon\/wp-json\/wp\/v2\/posts"}],"about":[{"href":"https:\/\/agora.xtec.cat\/ceip-fray-luis-leon\/wp-json\/wp\/v2\/types\/post"}],"author":[{"embeddable":true,"href":"https:\/\/agora.xtec.cat\/ceip-fray-luis-leon\/wp-json\/wp\/v2\/users\/1"}],"replies":[{"embeddable":true,"href":"https:\/\/agora.xtec.cat\/ceip-fray-luis-leon\/wp-json\/wp\/v2\/comments?post=1637"}],"version-history":[{"count":1,"href":"https:\/\/agora.xtec.cat\/ceip-fray-luis-leon\/wp-json\/wp\/v2\/posts\/1637\/revisions"}],"predecessor-version":[{"id":1639,"href":"https:\/\/agora.xtec.cat\/ceip-fray-luis-leon\/wp-json\/wp\/v2\/posts\/1637\/revisions\/1639"}],"wp:featuredmedia":[{"embeddable":true,"href":"https:\/\/agora.xtec.cat\/ceip-fray-luis-leon\/wp-json\/wp\/v2\/media\/1638"}],"wp:attachment":[{"href":"https:\/\/agora.xtec.cat\/ceip-fray-luis-leon\/wp-json\/wp\/v2\/media?parent=1637"}],"wp:term":[{"taxonomy":"category","embeddable":true,"href":"https:\/\/agora.xtec.cat\/ceip-fray-luis-leon\/wp-json\/wp\/v2\/categories?post=1637"},{"taxonomy":"post_tag","embeddable":true,"href":"https:\/\/agora.xtec.cat\/ceip-fray-luis-leon\/wp-json\/wp\/v2\/tags?post=1637"}],"curies":[{"name":"wp","href":"https:\/\/api.w.org\/{rel}","templated":true}]}}