{"id":1360,"date":"2017-03-13T09:00:58","date_gmt":"2017-03-13T08:00:58","guid":{"rendered":"http:\/\/agora.xtec.cat\/ceip-fray-luis-leon\/?p=1360"},"modified":"2017-03-13T09:39:57","modified_gmt":"2017-03-13T08:39:57","slug":"musica-de-la-setmana-23","status":"publish","type":"post","link":"https:\/\/agora.xtec.cat\/ceip-fray-luis-leon\/portada\/musica-de-la-setmana-23\/","title":{"rendered":"M\u00fasica de la setmana 23"},"content":{"rendered":"<p style=\"text-align: justify;\"><a href=\"http:\/\/agora.xtec.cat\/ceip-fray-luis-leon\/wp-content\/uploads\/usu900\/2017\/03\/queen-photo-by-chris-hopper-in-1978.jpg\"><img loading=\"lazy\" decoding=\"async\" class=\"wp-image-1368 alignleft\" src=\"http:\/\/agora.xtec.cat\/ceip-fray-luis-leon\/wp-content\/uploads\/usu900\/2017\/03\/queen-photo-by-chris-hopper-in-1978-1024x659.jpg\" alt=\"queen-photo-by-chris-hopper-in-1978\" width=\"286\" height=\"184\" \/><\/a>Aquesta setmana en endinsem en el m\u00f3n del rock amb una pe\u00e7a musical del grup Queen<strong>,<\/strong> un grup de\u00a0rock\u00a0brit\u00e0nic format despr\u00e9s de la ruptura del grup\u00a0Smile\u00a0el 1970.\u00a0A aquest grup, del que van quedar el bateria\u00a0Roger Taylor\u00a0i el guitarrista\u00a0Brian May, decideix unir-se despr\u00e9s\u00a0Freddie Mercury, posse\u00efdor d&#8217;una veu amb un registre poc com\u00fa i un timbre excepcional.<\/p>\n<p style=\"text-align: justify;\">A l&#8217;any seg\u00fcent, despr\u00e9s de buscar per un temps un baixista per al grup, s&#8217;hi incorpora\u00a0John Deacon, que seria el baixista definitiu del grup, conformant aix\u00ed la formaci\u00f3 definitiva del grup Queen (nom suggerit per Freddie Mercury) a la ciutat de\u00a0Londres,\u00a0Anglaterra, el\u00a01971.<\/p>\n<p style=\"text-align: justify;\"><strong>\u201cPetita cosa boja anomenada amor\u201d<\/strong> \u00e9s una can\u00e7\u00f3 del m\u00fasic Freddie Mercury, publicada en el disc de The Game.<\/p>\n<p><iframe loading=\"lazy\" width=\"238\" height=\"48\" frameborder=\"0\" allowfullscreen=\"\" scrolling=\"no\" src=\"https:\/\/www.ivoox.com\/player_ek_17503150_2_1.html?data=kpyikpiVeZGhhpywj5WWaZS1lZiah5yncZOhhpywj5WRaZi3jpWah5yncaTmwt_mjdHNuNXgxpDhys7Sq4zXwtHZx8mPsNDqxpOYs9rJqc-hhpywj6rXp9DgwpCz1Mbdb63pytiYxsqPkMaZpJiSpJjScYarpJKh&#038;\"><\/iframe><\/p>\n","protected":false},"excerpt":{"rendered":"<p>Aquesta setmana en endinsem en el m\u00f3n del rock amb una pe\u00e7a musical del grup Queen, un grup de rock brit\u00e0nic <\/p>\n","protected":false},"author":1,"featured_media":1368,"comment_status":"open","ping_status":"open","sticky":false,"template":"","format":"standard","meta":{"_bbp_topic_count":0,"_bbp_reply_count":0,"_bbp_total_topic_count":0,"_bbp_total_reply_count":0,"_bbp_voice_count":0,"_bbp_anonymous_reply_count":0,"_bbp_topic_count_hidden":0,"_bbp_reply_count_hidden":0,"_bbp_forum_subforum_count":0,"site-sidebar-layout":"default","site-content-layout":"","ast-site-content-layout":"","site-content-style":"default","site-sidebar-style":"default","ast-global-header-display":"","ast-banner-title-visibility":"","ast-main-header-display":"","ast-hfb-above-header-display":"","ast-hfb-below-header-display":"","ast-hfb-mobile-header-display":"","site-post-title":"","ast-breadcrumbs-content":"","ast-featured-img":"","footer-sml-layout":"","theme-transparent-header-meta":"","adv-header-id-meta":"","stick-header-meta":"","header-above-stick-meta":"","header-main-stick-meta":"","header-below-stick-meta":"","astra-migrate-meta-layouts":"default","ast-page-background-enabled":"default","ast-page-background-meta":{"desktop":{"background-color":"var(--ast-global-color-4)","background-image":"","background-repeat":"repeat","background-position":"center center","background-size":"auto","background-attachment":"scroll","background-type":"","background-media":"","overlay-type":"","overlay-color":"","overlay-opacity":"","overlay-gradient":""},"tablet":{"background-color":"","background-image":"","background-repeat":"repeat","background-position":"center center","background-size":"auto","background-attachment":"scroll","background-type":"","background-media":"","overlay-type":"","overlay-color":"","overlay-opacity":"","overlay-gradient":""},"mobile":{"background-color":"","background-image":"","background-repeat":"repeat","background-position":"center center","background-size":"auto","background-attachment":"scroll","background-type":"","background-media":"","overlay-type":"","overlay-color":"","overlay-opacity":"","overlay-gradient":""}},"ast-content-background-meta":{"desktop":{"background-color":"var(--ast-global-color-5)","background-image":"","background-repeat":"repeat","background-position":"center center","background-size":"auto","background-attachment":"scroll","background-type":"","background-media":"","overlay-type":"","overlay-color":"","overlay-opacity":"","overlay-gradient":""},"tablet":{"background-color":"var(--ast-global-color-5)","background-image":"","background-repeat":"repeat","background-position":"center center","background-size":"auto","background-attachment":"scroll","background-type":"","background-media":"","overlay-type":"","overlay-color":"","overlay-opacity":"","overlay-gradient":""},"mobile":{"background-color":"var(--ast-global-color-5)","background-image":"","background-repeat":"repeat","background-position":"center center","background-size":"auto","background-attachment":"scroll","background-type":"","background-media":"","overlay-type":"","overlay-color":"","overlay-opacity":"","overlay-gradient":""}},"footnotes":""},"categories":[24,4],"tags":[],"class_list":["post-1360","post","type-post","status-publish","format-standard","has-post-thumbnail","hentry","category-musica-per-escoltar","category-portada"],"post_mailing_queue_ids":[],"_links":{"self":[{"href":"https:\/\/agora.xtec.cat\/ceip-fray-luis-leon\/wp-json\/wp\/v2\/posts\/1360","targetHints":{"allow":["GET"]}}],"collection":[{"href":"https:\/\/agora.xtec.cat\/ceip-fray-luis-leon\/wp-json\/wp\/v2\/posts"}],"about":[{"href":"https:\/\/agora.xtec.cat\/ceip-fray-luis-leon\/wp-json\/wp\/v2\/types\/post"}],"author":[{"embeddable":true,"href":"https:\/\/agora.xtec.cat\/ceip-fray-luis-leon\/wp-json\/wp\/v2\/users\/1"}],"replies":[{"embeddable":true,"href":"https:\/\/agora.xtec.cat\/ceip-fray-luis-leon\/wp-json\/wp\/v2\/comments?post=1360"}],"version-history":[{"count":3,"href":"https:\/\/agora.xtec.cat\/ceip-fray-luis-leon\/wp-json\/wp\/v2\/posts\/1360\/revisions"}],"predecessor-version":[{"id":1372,"href":"https:\/\/agora.xtec.cat\/ceip-fray-luis-leon\/wp-json\/wp\/v2\/posts\/1360\/revisions\/1372"}],"wp:featuredmedia":[{"embeddable":true,"href":"https:\/\/agora.xtec.cat\/ceip-fray-luis-leon\/wp-json\/wp\/v2\/media\/1368"}],"wp:attachment":[{"href":"https:\/\/agora.xtec.cat\/ceip-fray-luis-leon\/wp-json\/wp\/v2\/media?parent=1360"}],"wp:term":[{"taxonomy":"category","embeddable":true,"href":"https:\/\/agora.xtec.cat\/ceip-fray-luis-leon\/wp-json\/wp\/v2\/categories?post=1360"},{"taxonomy":"post_tag","embeddable":true,"href":"https:\/\/agora.xtec.cat\/ceip-fray-luis-leon\/wp-json\/wp\/v2\/tags?post=1360"}],"curies":[{"name":"wp","href":"https:\/\/api.w.org\/{rel}","templated":true}]}}