{"id":1265,"date":"2017-02-28T19:30:20","date_gmt":"2017-02-28T18:30:20","guid":{"rendered":"http:\/\/agora.xtec.cat\/ceip-fray-luis-leon\/?p=1265"},"modified":"2017-03-04T21:19:06","modified_gmt":"2017-03-04T20:19:06","slug":"musica-de-la-setmana-21-2","status":"publish","type":"post","link":"https:\/\/agora.xtec.cat\/ceip-fray-luis-leon\/portada\/musica-de-la-setmana-21-2\/","title":{"rendered":"M\u00fasica de la setmana 21"},"content":{"rendered":"<p style=\"text-align: justify;\"><strong><a href=\"http:\/\/agora.xtec.cat\/ceip-fray-luis-leon\/wp-content\/uploads\/usu900\/2017\/03\/beatles.jpg\"><img loading=\"lazy\" decoding=\"async\" class=\"wp-image-1277 alignleft\" src=\"http:\/\/agora.xtec.cat\/ceip-fray-luis-leon\/wp-content\/uploads\/usu900\/2017\/03\/beatles-683x1024.jpg\" alt=\"beatles\" width=\"159\" height=\"239\" \/><\/a>All You Need Is Love<\/strong> -en catal\u00e0 &#8216;Tot el que necessites \u00e9s amor&#8217;- ser\u00e0 la nostra can\u00e7\u00f3 de la setmana. Est\u00e0 considerada com una de les can\u00e7ons m\u00e9s famoses dels Beatles.<\/p>\n<p style=\"text-align: justify;\">Es tracta d&#8217;una can\u00e7\u00f3 en angl\u00e8s composta per John Lennon que va ser interpretada en viu per primera vegada pels Beatles el dia 25 de juny de 1967 en una transmissi\u00f3 de TV per sat\u00e8l\u2022lit per a\u00a0 30 pa\u00efsos i que va ser vista per m\u00e9s de 400 milions de persones.<\/p>\n<p style=\"text-align: justify;\">Els Beatles va ser una banda de pop\/rock anglesa activa durant la d\u00e8cada de 1960, i reconeguda com la m\u00e9s comercial i aclamada en la hist\u00f2ria de la m\u00fasica popular. Aquest grup estava format per John Lennon (guitarra r\u00edtmica, vocalista), Paul McCartney (baix, vocalista), George Harrison (guitarra solista, vocalista) i Ringo Starr (bateria, vocalista).<\/p>\n<p><iframe loading=\"lazy\" src=\"http:\/\/www.ivoox.com\/player_ek_17350279_2_1.html?data=kpygl5WWe5qhhpywj5WXaZS1lp2ah5yncZOhhpywj5WRaZi3jpWah5yncaLgzZDm0dqPssbZxZDW1ZDQs9fZj5DBysqPhsbV1dHS1ZORaZi3jqrgxdTQpYy608bmjbHZrdSfxcqYrsqJh5SZo5jbj4qbh46o&amp;\" width=\"238\" height=\"48\" frameborder=\"0\" scrolling=\"no\" allowfullscreen=\"allowfullscreen\"><\/iframe><\/p>\n","protected":false},"excerpt":{"rendered":"<p>All You Need Is Love -en catal\u00e0 &#8216;Tot el que necessites \u00e9s amor&#8217;- ser\u00e0 la nostra can\u00e7\u00f3 de la setmana. Est\u00e0 considerada com una de les can\u00e7ons m\u00e9s famoses dels Beatles<\/p>\n","protected":false},"author":1,"featured_media":1277,"comment_status":"open","ping_status":"open","sticky":false,"template":"","format":"standard","meta":{"_bbp_topic_count":0,"_bbp_reply_count":0,"_bbp_total_topic_count":0,"_bbp_total_reply_count":0,"_bbp_voice_count":0,"_bbp_anonymous_reply_count":0,"_bbp_topic_count_hidden":0,"_bbp_reply_count_hidden":0,"_bbp_forum_subforum_count":0,"site-sidebar-layout":"default","site-content-layout":"","ast-site-content-layout":"","site-content-style":"default","site-sidebar-style":"default","ast-global-header-display":"","ast-banner-title-visibility":"","ast-main-header-display":"","ast-hfb-above-header-display":"","ast-hfb-below-header-display":"","ast-hfb-mobile-header-display":"","site-post-title":"","ast-breadcrumbs-content":"","ast-featured-img":"","footer-sml-layout":"","theme-transparent-header-meta":"","adv-header-id-meta":"","stick-header-meta":"","header-above-stick-meta":"","header-main-stick-meta":"","header-below-stick-meta":"","astra-migrate-meta-layouts":"default","ast-page-background-enabled":"default","ast-page-background-meta":{"desktop":{"background-color":"var(--ast-global-color-4)","background-image":"","background-repeat":"repeat","background-position":"center center","background-size":"auto","background-attachment":"scroll","background-type":"","background-media":"","overlay-type":"","overlay-color":"","overlay-opacity":"","overlay-gradient":""},"tablet":{"background-color":"","background-image":"","background-repeat":"repeat","background-position":"center center","background-size":"auto","background-attachment":"scroll","background-type":"","background-media":"","overlay-type":"","overlay-color":"","overlay-opacity":"","overlay-gradient":""},"mobile":{"background-color":"","background-image":"","background-repeat":"repeat","background-position":"center center","background-size":"auto","background-attachment":"scroll","background-type":"","background-media":"","overlay-type":"","overlay-color":"","overlay-opacity":"","overlay-gradient":""}},"ast-content-background-meta":{"desktop":{"background-color":"var(--ast-global-color-5)","background-image":"","background-repeat":"repeat","background-position":"center center","background-size":"auto","background-attachment":"scroll","background-type":"","background-media":"","overlay-type":"","overlay-color":"","overlay-opacity":"","overlay-gradient":""},"tablet":{"background-color":"var(--ast-global-color-5)","background-image":"","background-repeat":"repeat","background-position":"center center","background-size":"auto","background-attachment":"scroll","background-type":"","background-media":"","overlay-type":"","overlay-color":"","overlay-opacity":"","overlay-gradient":""},"mobile":{"background-color":"var(--ast-global-color-5)","background-image":"","background-repeat":"repeat","background-position":"center center","background-size":"auto","background-attachment":"scroll","background-type":"","background-media":"","overlay-type":"","overlay-color":"","overlay-opacity":"","overlay-gradient":""}},"footnotes":""},"categories":[24,4],"tags":[],"class_list":["post-1265","post","type-post","status-publish","format-standard","has-post-thumbnail","hentry","category-musica-per-escoltar","category-portada"],"post_mailing_queue_ids":[],"_links":{"self":[{"href":"https:\/\/agora.xtec.cat\/ceip-fray-luis-leon\/wp-json\/wp\/v2\/posts\/1265","targetHints":{"allow":["GET"]}}],"collection":[{"href":"https:\/\/agora.xtec.cat\/ceip-fray-luis-leon\/wp-json\/wp\/v2\/posts"}],"about":[{"href":"https:\/\/agora.xtec.cat\/ceip-fray-luis-leon\/wp-json\/wp\/v2\/types\/post"}],"author":[{"embeddable":true,"href":"https:\/\/agora.xtec.cat\/ceip-fray-luis-leon\/wp-json\/wp\/v2\/users\/1"}],"replies":[{"embeddable":true,"href":"https:\/\/agora.xtec.cat\/ceip-fray-luis-leon\/wp-json\/wp\/v2\/comments?post=1265"}],"version-history":[{"count":3,"href":"https:\/\/agora.xtec.cat\/ceip-fray-luis-leon\/wp-json\/wp\/v2\/posts\/1265\/revisions"}],"predecessor-version":[{"id":1306,"href":"https:\/\/agora.xtec.cat\/ceip-fray-luis-leon\/wp-json\/wp\/v2\/posts\/1265\/revisions\/1306"}],"wp:featuredmedia":[{"embeddable":true,"href":"https:\/\/agora.xtec.cat\/ceip-fray-luis-leon\/wp-json\/wp\/v2\/media\/1277"}],"wp:attachment":[{"href":"https:\/\/agora.xtec.cat\/ceip-fray-luis-leon\/wp-json\/wp\/v2\/media?parent=1265"}],"wp:term":[{"taxonomy":"category","embeddable":true,"href":"https:\/\/agora.xtec.cat\/ceip-fray-luis-leon\/wp-json\/wp\/v2\/categories?post=1265"},{"taxonomy":"post_tag","embeddable":true,"href":"https:\/\/agora.xtec.cat\/ceip-fray-luis-leon\/wp-json\/wp\/v2\/tags?post=1265"}],"curies":[{"name":"wp","href":"https:\/\/api.w.org\/{rel}","templated":true}]}}