{"id":1257,"date":"2017-01-19T18:00:08","date_gmt":"2017-01-19T17:00:08","guid":{"rendered":"http:\/\/agora.xtec.cat\/ceip-fray-luis-leon\/?p=1257"},"modified":"2017-02-20T19:46:17","modified_gmt":"2017-02-20T18:46:17","slug":"iv-concurs-denigmes-matematics","status":"publish","type":"post","link":"https:\/\/agora.xtec.cat\/ceip-fray-luis-leon\/portada\/iv-concurs-denigmes-matematics\/","title":{"rendered":"IV Concurs d&#8217;enigmes matem\u00e0tics"},"content":{"rendered":"<p style=\"text-align: justify;\"><a href=\"http:\/\/agora.xtec.cat\/ceip-fray-luis-leon\/wp-content\/uploads\/usu900\/2017\/02\/cropped-car\u00e0tula-bloc3.jpg\"><img loading=\"lazy\" decoding=\"async\" class=\"wp-image-1258 aligncenter\" src=\"http:\/\/agora.xtec.cat\/ceip-fray-luis-leon\/wp-content\/uploads\/usu900\/2017\/02\/cropped-car\u00e0tula-bloc3.jpg\" alt=\"cropped-caratula-bloc3\" width=\"561\" height=\"131\" \/><\/a><\/p>\n<p style=\"text-align: justify;\">Benvinguts al IV Concurs d\u2019Enigmes Matem\u00e0tics!<\/p>\n<p style=\"text-align: justify;\">Iniciem avui, de nou, la competici\u00f3 per a tots aquells alumnes de 5\u00e8 i 6\u00e8 als quals els agraden els nombres, la geometria, els problemes de l\u00f2gica\u2026<\/p>\n<p style=\"text-align: justify;\">Us recordem les normes del concurs\u2026 Per participar nom\u00e9s <strong>haureu d&#8217;entrar en el bloc <a href=\"http:\/\/blocs.xtec.cat\/espaixcompartir\/\">&#8220;L&#8217;enigma matem\u00e0tic&#8221;<\/a> i llegir el repte que cada setmana es planteja. Si sabeu la resposta, podeu enviar un missatge amb el vostre nom, el curs i la soluci\u00f3 de l\u2019enigma plantejat<\/strong>. Recordeu que teniu uns dies per pensar i donar la vostra resposta (seguiu les instruccions que es donen amb cada enigma per tal de fer-ho b\u00e9). Per cada enigma encertat anireu guanyant punts i els tres alumnes que aconsegueixin arribar m\u00e9s amunt en la classificaci\u00f3 rebran un diploma i un premi.<\/p>\n<p style=\"text-align: justify;\">Comencem, doncs, un nou cam\u00ed ple de misteris matem\u00e0tics\u2026 Animeu-vos a participar i molta sort a tothom!<\/p>\n","protected":false},"excerpt":{"rendered":"<p>Comen\u00e7a el IV Concurs d&#8217;Enigmes Matem\u00e0tics!<br \/>\nIniciem avui, de nou, la competici\u00f3 per a tots aquells alumnes de 5\u00e8 i 6\u00e8 als quals els agraden els nombres, la geometria, els problemes de l\u00f2gica\u2026<\/p>\n","protected":false},"author":1,"featured_media":1258,"comment_status":"open","ping_status":"open","sticky":false,"template":"","format":"standard","meta":{"_bbp_topic_count":0,"_bbp_reply_count":0,"_bbp_total_topic_count":0,"_bbp_total_reply_count":0,"_bbp_voice_count":0,"_bbp_anonymous_reply_count":0,"_bbp_topic_count_hidden":0,"_bbp_reply_count_hidden":0,"_bbp_forum_subforum_count":0,"site-sidebar-layout":"default","site-content-layout":"","ast-site-content-layout":"","site-content-style":"default","site-sidebar-style":"default","ast-global-header-display":"","ast-banner-title-visibility":"","ast-main-header-display":"","ast-hfb-above-header-display":"","ast-hfb-below-header-display":"","ast-hfb-mobile-header-display":"","site-post-title":"","ast-breadcrumbs-content":"","ast-featured-img":"","footer-sml-layout":"","theme-transparent-header-meta":"","adv-header-id-meta":"","stick-header-meta":"","header-above-stick-meta":"","header-main-stick-meta":"","header-below-stick-meta":"","astra-migrate-meta-layouts":"default","ast-page-background-enabled":"default","ast-page-background-meta":{"desktop":{"background-color":"var(--ast-global-color-4)","background-image":"","background-repeat":"repeat","background-position":"center center","background-size":"auto","background-attachment":"scroll","background-type":"","background-media":"","overlay-type":"","overlay-color":"","overlay-opacity":"","overlay-gradient":""},"tablet":{"background-color":"","background-image":"","background-repeat":"repeat","background-position":"center center","background-size":"auto","background-attachment":"scroll","background-type":"","background-media":"","overlay-type":"","overlay-color":"","overlay-opacity":"","overlay-gradient":""},"mobile":{"background-color":"","background-image":"","background-repeat":"repeat","background-position":"center center","background-size":"auto","background-attachment":"scroll","background-type":"","background-media":"","overlay-type":"","overlay-color":"","overlay-opacity":"","overlay-gradient":""}},"ast-content-background-meta":{"desktop":{"background-color":"var(--ast-global-color-5)","background-image":"","background-repeat":"repeat","background-position":"center center","background-size":"auto","background-attachment":"scroll","background-type":"","background-media":"","overlay-type":"","overlay-color":"","overlay-opacity":"","overlay-gradient":""},"tablet":{"background-color":"var(--ast-global-color-5)","background-image":"","background-repeat":"repeat","background-position":"center center","background-size":"auto","background-attachment":"scroll","background-type":"","background-media":"","overlay-type":"","overlay-color":"","overlay-opacity":"","overlay-gradient":""},"mobile":{"background-color":"var(--ast-global-color-5)","background-image":"","background-repeat":"repeat","background-position":"center center","background-size":"auto","background-attachment":"scroll","background-type":"","background-media":"","overlay-type":"","overlay-color":"","overlay-opacity":"","overlay-gradient":""}},"footnotes":""},"categories":[58,57,4,5],"tags":[],"class_list":["post-1257","post","type-post","status-publish","format-standard","has-post-thumbnail","hentry","category-p5","category-p6","category-portada","category-primaria"],"post_mailing_queue_ids":[],"_links":{"self":[{"href":"https:\/\/agora.xtec.cat\/ceip-fray-luis-leon\/wp-json\/wp\/v2\/posts\/1257","targetHints":{"allow":["GET"]}}],"collection":[{"href":"https:\/\/agora.xtec.cat\/ceip-fray-luis-leon\/wp-json\/wp\/v2\/posts"}],"about":[{"href":"https:\/\/agora.xtec.cat\/ceip-fray-luis-leon\/wp-json\/wp\/v2\/types\/post"}],"author":[{"embeddable":true,"href":"https:\/\/agora.xtec.cat\/ceip-fray-luis-leon\/wp-json\/wp\/v2\/users\/1"}],"replies":[{"embeddable":true,"href":"https:\/\/agora.xtec.cat\/ceip-fray-luis-leon\/wp-json\/wp\/v2\/comments?post=1257"}],"version-history":[{"count":1,"href":"https:\/\/agora.xtec.cat\/ceip-fray-luis-leon\/wp-json\/wp\/v2\/posts\/1257\/revisions"}],"predecessor-version":[{"id":1259,"href":"https:\/\/agora.xtec.cat\/ceip-fray-luis-leon\/wp-json\/wp\/v2\/posts\/1257\/revisions\/1259"}],"wp:featuredmedia":[{"embeddable":true,"href":"https:\/\/agora.xtec.cat\/ceip-fray-luis-leon\/wp-json\/wp\/v2\/media\/1258"}],"wp:attachment":[{"href":"https:\/\/agora.xtec.cat\/ceip-fray-luis-leon\/wp-json\/wp\/v2\/media?parent=1257"}],"wp:term":[{"taxonomy":"category","embeddable":true,"href":"https:\/\/agora.xtec.cat\/ceip-fray-luis-leon\/wp-json\/wp\/v2\/categories?post=1257"},{"taxonomy":"post_tag","embeddable":true,"href":"https:\/\/agora.xtec.cat\/ceip-fray-luis-leon\/wp-json\/wp\/v2\/tags?post=1257"}],"curies":[{"name":"wp","href":"https:\/\/api.w.org\/{rel}","templated":true}]}}