{"id":67,"count":10,"description":"<p style=\"text-align: justify;\">Un dels objectius de l\u2019escola \u00e9s dinamitzar l\u2019aprenentatge de la llengua anglesa. Som conscients de la necessitat de ser-ne competents quan abans millor.\r\nLa nostra aposta \u00e9s iniciar-ho a prim\u00e0ria ja que est\u00e0 comprovat que l\u2019aprenentatge intensiu d\u00f3na millors resultats que fer-ho de manera extensiva.\r\nCreiem que la immersi\u00f3 \u00e9s la millor metodologia per a l\u2019aprenentatge de les lleng\u00fces, \u00e9s per aix\u00f2 que a educaci\u00f3 infantil l\u2019objectiu b\u00e0sic \u00e9s consolidar la llengua catalana que \u00e9s la llengua d\u2019aprenentatge i vehicular de l\u2019escola.<\/p>\r\n<p style=\"text-align: justify;\">A l\u2019escola en tenim 3 d\u2019especialistes, una de les quals \u00e9s referent per a tot l\u2019alumnat i nom\u00e9s s\u2019hi dirigeix en angl\u00e8s.\r\nDediquem una sessi\u00f3 setmanal de 30 minuts de lectura a fer-ho en angl\u00e8s a CI i a CM . A cicle superior tenen una sessi\u00f3 setmanal en grup redu\u00eft que permet treballar millor l\u2019expressi\u00f3 oral i un dels tallers de pl\u00e0stica es fa en llengua anglesa.<\/p>\r\n<p style=\"text-align: justify;\">Amb aquesta manera fer, estem constatant la millora de resultats del nostre alumnat.<\/p>\r\n\r\n<table>\r\n<tbody>\r\n<tr>\r\n<td style=\"text-align: center;\"><a href=\"http:\/\/agora.xtec.cat\/ceip-fray-luis-leon\/wp-content\/uploads\/usu900\/2016\/02\/RIMG1992.jpg\"><img class=\"wp-image-663 alignleft\" src=\"http:\/\/agora.xtec.cat\/ceip-fray-luis-leon\/wp-content\/uploads\/usu900\/2016\/02\/RIMG1992.jpg\" alt=\"RIMG1992\" width=\"298\" height=\"223\" \/><\/a><\/td>\r\n<td><a href=\"http:\/\/agora.xtec.cat\/ceip-fray-luis-leon\/wp-content\/uploads\/usu900\/2016\/02\/RIMG2008.jpg\"><img class=\"wp-image-665 alignleft\" src=\"http:\/\/agora.xtec.cat\/ceip-fray-luis-leon\/wp-content\/uploads\/usu900\/2016\/02\/RIMG2008.jpg\" alt=\"RIMG2008\" width=\"295\" height=\"222\" \/><\/a><\/td>\r\n<td><a href=\"http:\/\/agora.xtec.cat\/ceip-fray-luis-leon\/wp-content\/uploads\/usu900\/2016\/02\/RIMG1993.jpg\"><img class=\"wp-image-664 alignleft\" src=\"http:\/\/agora.xtec.cat\/ceip-fray-luis-leon\/wp-content\/uploads\/usu900\/2016\/02\/RIMG1993.jpg\" alt=\"RIMG1993\" width=\"293\" height=\"220\" \/><\/a><\/td>\r\n<\/tr>\r\n<\/tbody>\r\n<\/table>\r\n&nbsp;","link":"https:\/\/agora.xtec.cat\/ceip-fray-luis-leon\/categoria\/els-nostres-projectes\/angles\/","name":"Angl\u00e8s","slug":"angles","taxonomy":"category","parent":138,"meta":[],"_links":{"self":[{"href":"https:\/\/agora.xtec.cat\/ceip-fray-luis-leon\/wp-json\/wp\/v2\/categories\/67","targetHints":{"allow":["GET"]}}],"collection":[{"href":"https:\/\/agora.xtec.cat\/ceip-fray-luis-leon\/wp-json\/wp\/v2\/categories"}],"about":[{"href":"https:\/\/agora.xtec.cat\/ceip-fray-luis-leon\/wp-json\/wp\/v2\/taxonomies\/category"}],"up":[{"embeddable":true,"href":"https:\/\/agora.xtec.cat\/ceip-fray-luis-leon\/wp-json\/wp\/v2\/categories\/138"}],"wp:post_type":[{"href":"https:\/\/agora.xtec.cat\/ceip-fray-luis-leon\/wp-json\/wp\/v2\/posts?categories=67"}],"curies":[{"name":"wp","href":"https:\/\/api.w.org\/{rel}","templated":true}]}}