{"id":488,"count":2,"description":"<span style=\"font-weight: 400;\">Des de la <\/span><b>Comissi\u00f3 de Benestar Digital<\/b><span style=\"font-weight: 400;\">, del Consell Escolar, anirem publicant, un butllet\u00ed mensual sobre aspectes importants en relaci\u00f3 amb les pantalles, amb consells i recursos pr\u00e0ctics per ajudar-vos a crear un entorn digital m\u00e9s segur i saludable, on la tecnologia sigui una eina i no un obstacle per al benestar dels infants i de les fam\u00edlies.<\/span>","link":"https:\/\/agora.xtec.cat\/ceip-fray-luis-leon\/categoria\/els-nostres-projectes\/butlleti\/","name":"Butllet\u00ed Digital per a Fam\u00edlies","slug":"butlleti","taxonomy":"category","parent":138,"meta":[],"_links":{"self":[{"href":"https:\/\/agora.xtec.cat\/ceip-fray-luis-leon\/wp-json\/wp\/v2\/categories\/488","targetHints":{"allow":["GET"]}}],"collection":[{"href":"https:\/\/agora.xtec.cat\/ceip-fray-luis-leon\/wp-json\/wp\/v2\/categories"}],"about":[{"href":"https:\/\/agora.xtec.cat\/ceip-fray-luis-leon\/wp-json\/wp\/v2\/taxonomies\/category"}],"up":[{"embeddable":true,"href":"https:\/\/agora.xtec.cat\/ceip-fray-luis-leon\/wp-json\/wp\/v2\/categories\/138"}],"wp:post_type":[{"href":"https:\/\/agora.xtec.cat\/ceip-fray-luis-leon\/wp-json\/wp\/v2\/posts?categories=488"}],"curies":[{"name":"wp","href":"https:\/\/api.w.org\/{rel}","templated":true}]}}