{"id":458,"count":13,"description":"La revista Espai Literari de l\u2019escola \u00e9s una publicaci\u00f3 educativa que recull les produccions escrites de l\u2019alumnat elaborades a l\u2019aula al llarg del curs. T\u00e9 com a objectiu donar valor a l\u2019expressi\u00f3 escrita dels infants i fomentar el gust per la lectura i l\u2019escriptura.\r\n\r\nA trav\u00e9s d\u2019aquesta revista, l\u2019alumnat comparteix textos de diferents tipologies (contes, poemes, descripcions, not\u00edcies, opinions, etc.), treballats dins de les situacions d\u2019aprenentatge de l'aula. La revista esdev\u00e9 un espai de reconeixement de l\u2019esfor\u00e7 i la creativitat de cada nen i nena, refor\u00e7ant la motivaci\u00f3 i el sentit comunicatiu de l\u2019escriptura, ja que els textos tenen lectors reals: companys, fam\u00edlies i comunitat educativa.\r\n\r\nL'Espai Literari tamb\u00e9 afavoreix el treball de compet\u00e8ncies comunicatives, la revisi\u00f3 i millora dels textos, i el respecte per la diversitat de veus i estils. \u00c9s, en definitiva, una eina pedag\u00f2gica que connecta l\u2019aprenentatge a l\u2019aula amb una producci\u00f3 final significativa i compartida.\r\n\r\n&nbsp;\r\n\r\n<!--a=1-->","link":"https:\/\/agora.xtec.cat\/ceip-fray-luis-leon\/categoria\/els-nostres-projectes\/espai-literari\/","name":"Espai Literari","slug":"espai-literari","taxonomy":"category","parent":138,"meta":[],"_links":{"self":[{"href":"https:\/\/agora.xtec.cat\/ceip-fray-luis-leon\/wp-json\/wp\/v2\/categories\/458","targetHints":{"allow":["GET"]}}],"collection":[{"href":"https:\/\/agora.xtec.cat\/ceip-fray-luis-leon\/wp-json\/wp\/v2\/categories"}],"about":[{"href":"https:\/\/agora.xtec.cat\/ceip-fray-luis-leon\/wp-json\/wp\/v2\/taxonomies\/category"}],"up":[{"embeddable":true,"href":"https:\/\/agora.xtec.cat\/ceip-fray-luis-leon\/wp-json\/wp\/v2\/categories\/138"}],"wp:post_type":[{"href":"https:\/\/agora.xtec.cat\/ceip-fray-luis-leon\/wp-json\/wp\/v2\/posts?categories=458"}],"curies":[{"name":"wp","href":"https:\/\/api.w.org\/{rel}","templated":true}]}}