{"id":37,"count":30,"description":"Els alumnes de cinqu\u00e8 i sis\u00e8 realitzen tallers de pl\u00e0stica els divendres a la tarda. Aquest curs realitzem:\r\n<ul>\r\n\t<li>Modelatge amb fang<\/li>\r\n\t<li>Teatre<\/li>\r\n\t<li>Escacs<\/li>\r\n\t<li>Dibuix amb ceres<\/li>\r\n\t<li>Marqueteria<\/li>\r\n\t<li>Dibuix amb carbonet<\/li>\r\n<\/ul>\r\n[slideshow_deploy id='142']","link":"https:\/\/agora.xtec.cat\/ceip-fray-luis-leon\/categoria\/els-nostres-projectes\/tallers\/cs\/","name":"Cicle Superior","slug":"cs","taxonomy":"category","parent":34,"meta":[],"_links":{"self":[{"href":"https:\/\/agora.xtec.cat\/ceip-fray-luis-leon\/wp-json\/wp\/v2\/categories\/37","targetHints":{"allow":["GET"]}}],"collection":[{"href":"https:\/\/agora.xtec.cat\/ceip-fray-luis-leon\/wp-json\/wp\/v2\/categories"}],"about":[{"href":"https:\/\/agora.xtec.cat\/ceip-fray-luis-leon\/wp-json\/wp\/v2\/taxonomies\/category"}],"up":[{"embeddable":true,"href":"https:\/\/agora.xtec.cat\/ceip-fray-luis-leon\/wp-json\/wp\/v2\/categories\/34"}],"wp:post_type":[{"href":"https:\/\/agora.xtec.cat\/ceip-fray-luis-leon\/wp-json\/wp\/v2\/posts?categories=37"}],"curies":[{"name":"wp","href":"https:\/\/api.w.org\/{rel}","templated":true}]}}