{"id":34,"count":114,"description":"<p style=\"text-align: justify;\">Els tallers, un espai d\u2019interrelaci\u00f3 d\u2019alumnes de diferents edats per treballar en petits grups col\u00b7laboratius. Ens permeten l\u2019aprenentatge entre iguals on els grans acompanyen els petits en el seu proc\u00e9s d\u2019aprenentatge. Tamb\u00e9 ens permeten atendre millor la diversitat i fer activitats m\u00e9s manipulatives. Aquesta organitzaci\u00f3 potencia l\u2019autonomia i respecta el ritme de cada alumne.<\/p>\r\n<p style=\"text-align: justify;\">Fem diferents tipus de tallers :<\/p>\r\n\r\n<ul style=\"list-style-type: disc;\">\r\n \t<li style=\"text-align: justify;\">A educaci\u00f3 infantil hi participen tots els infants del cicle. Fem 9 tallers on a cadascun d\u2019ells hi ha nens i nenes de cada classe. Es fan amb una mestra a cada taller i mares que hi col\u00b7laboren.<\/li>\r\n \t<li style=\"text-align: justify;\">A cicle inicial i en petit grup, fem tallers de matem\u00e0tiques i llengua on s\u2019ofereixen diverses propostes d\u2019aprenentatge que propicien un treball aut\u00f2nom i significatiu.<\/li>\r\n \t<li style=\"text-align: justify;\">A cicle mitj\u00e0 fem tallers de pl\u00e0stica. Fem 6 tallers diferents: teatre, tauletes, modelatge, costura, pintura i paper.<\/li>\r\n \t<li style=\"text-align: justify;\">\r\n<p dir=\"rtl\" style=\"text-align: justify;\">A cicle superior tamb\u00e9 fem tallers de pl\u00e0stica. Fem 7 tallers diferents: fusteria creativa, sala d'art, programaci\u00f3, guarniments, teatre, m\u00e0scares i aquarel\u00b7les.<\/p>\r\n<\/li>\r\n<\/ul>","link":"https:\/\/agora.xtec.cat\/ceip-fray-luis-leon\/categoria\/els-nostres-projectes\/tallers\/","name":"Tallers","slug":"tallers","taxonomy":"category","parent":138,"meta":[],"_links":{"self":[{"href":"https:\/\/agora.xtec.cat\/ceip-fray-luis-leon\/wp-json\/wp\/v2\/categories\/34","targetHints":{"allow":["GET"]}}],"collection":[{"href":"https:\/\/agora.xtec.cat\/ceip-fray-luis-leon\/wp-json\/wp\/v2\/categories"}],"about":[{"href":"https:\/\/agora.xtec.cat\/ceip-fray-luis-leon\/wp-json\/wp\/v2\/taxonomies\/category"}],"up":[{"embeddable":true,"href":"https:\/\/agora.xtec.cat\/ceip-fray-luis-leon\/wp-json\/wp\/v2\/categories\/138"}],"wp:post_type":[{"href":"https:\/\/agora.xtec.cat\/ceip-fray-luis-leon\/wp-json\/wp\/v2\/posts?categories=34"}],"curies":[{"name":"wp","href":"https:\/\/api.w.org\/{rel}","templated":true}]}}