{"id":28,"count":123,"description":"Les festes s\u00f3n\u00a0 per compartir-les tota la comunitat educativa. S\u00f3n un bon motiu per obrir les portes a les fam\u00edlies i celebrar conjuntament aspectes de la nostra cultura i tradici\u00f3.\r\n\r\nPer la Castanyada ens visiten les castanyeres.\r\n\r\nPer Nadal, el concert al teatre Sagarra.\r\n\r\nPer Carnestoltes, els balls a l\u2019escola.\r\n\r\nPer Sant Jordi, Jocs Florals, la lectura compartida i el berenar.\r\n\r\nPer acabar el curs, acomiadem els alumnes de 6\u00e8.","link":"https:\/\/agora.xtec.cat\/ceip-fray-luis-leon\/categoria\/els-nostres-projectes\/festes\/","name":"Festes","slug":"festes","taxonomy":"category","parent":138,"meta":[],"_links":{"self":[{"href":"https:\/\/agora.xtec.cat\/ceip-fray-luis-leon\/wp-json\/wp\/v2\/categories\/28","targetHints":{"allow":["GET"]}}],"collection":[{"href":"https:\/\/agora.xtec.cat\/ceip-fray-luis-leon\/wp-json\/wp\/v2\/categories"}],"about":[{"href":"https:\/\/agora.xtec.cat\/ceip-fray-luis-leon\/wp-json\/wp\/v2\/taxonomies\/category"}],"up":[{"embeddable":true,"href":"https:\/\/agora.xtec.cat\/ceip-fray-luis-leon\/wp-json\/wp\/v2\/categories\/138"}],"wp:post_type":[{"href":"https:\/\/agora.xtec.cat\/ceip-fray-luis-leon\/wp-json\/wp\/v2\/posts?categories=28"}],"curies":[{"name":"wp","href":"https:\/\/api.w.org\/{rel}","templated":true}]}}