{"id":27,"count":15,"description":"<p style=\"text-align: justify;\">Entenem la paraula MAV (Mitjans Audiovisuals), com aquells moments que treballem dos mestres a l'aula. Aquest fet ens permet treballar diferent i sovint ho fem utilitzant la tecnologia, les TAC.<\/p>\r\n<p style=\"text-align: justify;\">Les TAC i els entorns digitals han de formar part dels proc\u00e9s d'aprenentatge dels infants incorporant-les com un mitj\u00e0 m\u00e9s de treball. Aprendre amb les TAC, aprendre de les TAC i aprendre sobre les TAC els ajudar\u00e0 a desenvolupar-se amb \u00e8xit.<\/p>\r\n<p style=\"text-align: justify;\">Activitats :<\/p>\r\n\r\n<ul>\r\n \t<li style=\"text-align: justify;\">Tallers a educaci\u00f3 infantil. Tauletes.<\/li>\r\n \t<li style=\"text-align: justify;\">Catal\u00e0: C. inicial, C. mitj\u00e0, C. superior i tamb\u00e9 al SIEI.<\/li>\r\n \t<li style=\"text-align: justify;\">Tallers Art\u00edstics: C. mitj\u00e0 i C. Superior.<\/li>\r\n \t<li style=\"text-align: justify;\">Angl\u00e8s.<\/li>\r\n \t<li style=\"text-align: justify;\">Medi. 6\u00e8.<\/li>\r\n \t<li>Treball dels projectes.<\/li>\r\n \t<li>La r\u00e0dio. Som emissors i receptors.<\/li>\r\n<\/ul>","link":"https:\/\/agora.xtec.cat\/ceip-fray-luis-leon\/categoria\/els-nostres-projectes\/mav\/","name":"MAV","slug":"mav","taxonomy":"category","parent":138,"meta":[],"_links":{"self":[{"href":"https:\/\/agora.xtec.cat\/ceip-fray-luis-leon\/wp-json\/wp\/v2\/categories\/27","targetHints":{"allow":["GET"]}}],"collection":[{"href":"https:\/\/agora.xtec.cat\/ceip-fray-luis-leon\/wp-json\/wp\/v2\/categories"}],"about":[{"href":"https:\/\/agora.xtec.cat\/ceip-fray-luis-leon\/wp-json\/wp\/v2\/taxonomies\/category"}],"up":[{"embeddable":true,"href":"https:\/\/agora.xtec.cat\/ceip-fray-luis-leon\/wp-json\/wp\/v2\/categories\/138"}],"wp:post_type":[{"href":"https:\/\/agora.xtec.cat\/ceip-fray-luis-leon\/wp-json\/wp\/v2\/posts?categories=27"}],"curies":[{"name":"wp","href":"https:\/\/api.w.org\/{rel}","templated":true}]}}