{"id":26,"count":30,"description":"<p style=\"text-align: justify;\">Dediquem una estona di\u00e0ria al gust per la lectura per aconseguir bons lectors tot gaudint i aprenent.<\/p>\r\n<p style=\"text-align: justify;\">A Educaci\u00f3 infantil llegim despr\u00e9s de l\u2019entrada relaxada amb els microespais.\r\nA prim\u00e0ria la primera mitja hora de la tarda la passem llegim. Pot ser en grups redu\u00efts, lectura individual, en veu alta, per parelles, lectura del mestre, club de lectura...<\/p>\r\n<p style=\"text-align: justify;\">L'escola ha participat en el Pla d'Impuls de la Lectura, presentat pel Departament d'Educaci\u00f3 establint com a objectiu estrat\u00e8gic la millora de l'\u00e8xit escolar de tot l'alumnat. I ho fa potenciant la lectura sistem\u00e0tica en totes les \u00e0rees del curr\u00edculum al llarg de tota l'escolaritat b\u00e0sica per augmentar la compet\u00e8ncia comunicativa i ling\u00fc\u00edstica i el desenvolupament de l'h\u00e0bit lector dels infants i joves. La compet\u00e8ncia lectora \u00e9s la base de molts aprenentatges i un requisit per participar amb \u00e8xit en bona part dels \u00e0mbits de la vida adulta.<\/p>\r\n<p style=\"text-align: justify;\"><a href=\"http:\/\/agora.xtec.cat\/ceip-fray-luis-leon\/wp-content\/uploads\/usu900\/2018\/02\/20170203_093624.jpg\"><img class=\"wp-image-1969 aligncenter\" src=\"http:\/\/agora.xtec.cat\/ceip-fray-luis-leon\/wp-content\/uploads\/usu900\/2018\/02\/20170203_093624.jpg\" alt=\"\" width=\"427\" height=\"240\" \/><\/a><\/p>\r\n&nbsp;","link":"https:\/\/agora.xtec.cat\/ceip-fray-luis-leon\/categoria\/els-nostres-projectes\/temps-de-lectura\/","name":"Temps de lectura","slug":"temps-de-lectura","taxonomy":"category","parent":138,"meta":[],"_links":{"self":[{"href":"https:\/\/agora.xtec.cat\/ceip-fray-luis-leon\/wp-json\/wp\/v2\/categories\/26","targetHints":{"allow":["GET"]}}],"collection":[{"href":"https:\/\/agora.xtec.cat\/ceip-fray-luis-leon\/wp-json\/wp\/v2\/categories"}],"about":[{"href":"https:\/\/agora.xtec.cat\/ceip-fray-luis-leon\/wp-json\/wp\/v2\/taxonomies\/category"}],"up":[{"embeddable":true,"href":"https:\/\/agora.xtec.cat\/ceip-fray-luis-leon\/wp-json\/wp\/v2\/categories\/138"}],"wp:post_type":[{"href":"https:\/\/agora.xtec.cat\/ceip-fray-luis-leon\/wp-json\/wp\/v2\/posts?categories=26"}],"curies":[{"name":"wp","href":"https:\/\/api.w.org\/{rel}","templated":true}]}}