{"id":24,"count":31,"description":"<p style=\"text-align: justify;\">La m\u00fasica forma part de la vida del nostre centre.\r\nEn aquesta secci\u00f3 us presentarem les m\u00fasiques que ens acompanyen a les entrades i sortides de l'escola.\r\nCada setmana tindrem ocasi\u00f3 de gaudir d'una pe\u00e7a musical diferent. D'aquesta manera farem un recorregut que ens apropar\u00e0 al m\u00f3n de la M\u00fasica.<\/p>","link":"https:\/\/agora.xtec.cat\/ceip-fray-luis-leon\/categoria\/els-nostres-projectes\/musica-per-escoltar\/","name":"M\u00fasica de la setmana","slug":"musica-per-escoltar","taxonomy":"category","parent":138,"meta":[],"_links":{"self":[{"href":"https:\/\/agora.xtec.cat\/ceip-fray-luis-leon\/wp-json\/wp\/v2\/categories\/24","targetHints":{"allow":["GET"]}}],"collection":[{"href":"https:\/\/agora.xtec.cat\/ceip-fray-luis-leon\/wp-json\/wp\/v2\/categories"}],"about":[{"href":"https:\/\/agora.xtec.cat\/ceip-fray-luis-leon\/wp-json\/wp\/v2\/taxonomies\/category"}],"up":[{"embeddable":true,"href":"https:\/\/agora.xtec.cat\/ceip-fray-luis-leon\/wp-json\/wp\/v2\/categories\/138"}],"wp:post_type":[{"href":"https:\/\/agora.xtec.cat\/ceip-fray-luis-leon\/wp-json\/wp\/v2\/posts?categories=24"}],"curies":[{"name":"wp","href":"https:\/\/api.w.org\/{rel}","templated":true}]}}