{"id":22,"count":146,"description":"La r\u00e0dio \u00e9s una bona eina per treballar la llengua oral i un mitj\u00e0 de comunicaci\u00f3 i de relaci\u00f3 amb els altres.\r\n\r\nEl treball en equip i responsable ser\u00e0 la seva din\u00e0mica.\r\n\r\nHi participen tots els nens i nenes fent de guionistes, locutors i t\u00e8cnics. Emetem un o dos programes setmanals.","link":"https:\/\/agora.xtec.cat\/ceip-fray-luis-leon\/categoria\/els-nostres-projectes\/radio\/","name":"R\u00e0dio","slug":"radio","taxonomy":"category","parent":138,"meta":[],"_links":{"self":[{"href":"https:\/\/agora.xtec.cat\/ceip-fray-luis-leon\/wp-json\/wp\/v2\/categories\/22","targetHints":{"allow":["GET"]}}],"collection":[{"href":"https:\/\/agora.xtec.cat\/ceip-fray-luis-leon\/wp-json\/wp\/v2\/categories"}],"about":[{"href":"https:\/\/agora.xtec.cat\/ceip-fray-luis-leon\/wp-json\/wp\/v2\/taxonomies\/category"}],"up":[{"embeddable":true,"href":"https:\/\/agora.xtec.cat\/ceip-fray-luis-leon\/wp-json\/wp\/v2\/categories\/138"}],"wp:post_type":[{"href":"https:\/\/agora.xtec.cat\/ceip-fray-luis-leon\/wp-json\/wp\/v2\/posts?categories=22"}],"curies":[{"name":"wp","href":"https:\/\/api.w.org\/{rel}","templated":true}]}}